{"id":468238,"date":"2025-10-16T20:15:39","date_gmt":"2025-10-16T20:15:39","guid":{"rendered":"https:\/\/www.europesays.com\/fr\/468238\/"},"modified":"2025-10-16T20:15:39","modified_gmt":"2025-10-16T20:15:39","slug":"netflix-et-guillermo-del-toro-veulent-sauver-cet-art-en-voie-dextinction","status":"publish","type":"post","link":"https:\/\/www.europesays.com\/fr\/468238\/","title":{"rendered":"Netflix et Guillermo del Toro veulent sauver cet art en voie d&rsquo;extinction"},"content":{"rendered":"<p>L\u2019avenir du stop motion se pr\u00e9pare en plein c\u0153ur de Paris. Pour une fois, <a href=\"https:\/\/about.netflix.com\/fr\/news\/netflix-partners-with-gobelins-paris-and-guillermo-del-toro-to-ignite-the\" target=\"_blank\" rel=\"noopener\">Netflix<\/a> ne nous annonce pas <a href=\"https:\/\/www.journaldugeek.com\/2025\/04\/22\/hausse-des-prix-netflix-mauvaise-nouvelle-pour-les-abonnes-canal\/\" target=\"_blank\" rel=\"noopener\">une hausse des prix<\/a> ou l\u2019annulation d\u2019une s\u00e9rie, mais d\u00e9voile un beau projet visant \u00e0 former et inspirer la prochaine g\u00e9n\u00e9ration d\u2019artistes animateurs.\u00a0 Le g\u00e9ant du streaming s\u2019associe \u00e0 Guillermo del Toro et la prestigieuse \u00e9cole GOBELINS Paris afin de<strong> donner naissance \u00e0 un ambitieux studio d\u2019animation d\u00e9di\u00e9 \u00e0 l\u2019art du stop motion.<\/strong> Ensemble, les trois acteurs majeurs de l\u2019industrie cherchent \u00e0 faire de cette nouvelle institution un haut lieu de formation, de cr\u00e9ation mais aussi d\u2019innovation et d\u2019exp\u00e9rimentation, afin d\u2019ouvrir de nouvelles opportunit\u00e9s aux artistes en devenir tout en repoussant les limites de cet art en voie d\u2019extinction.<\/p>\n<p> Un d\u00e9veloppement progressif au cours de l\u2019ann\u00e9e scolaire <\/p>\n<p>Le studio est cofinanc\u00e9 par Guillermo del Toro et Netflix, et sera con\u00e7u gr\u00e2ce au savoir-faire historique de l\u2019\u00e9cole GOBELINS Paris. Celui-ci permettra d\u2019accueillir des \u00e9tudiants ainsi que des mentors professionnels afin de proposer un environnement collaboratif stimulant. De quoi p\u00e9renniser la transmission des techniques traditionnelles du stop motion et explorer d\u2019autres approches gr\u00e2ce aux nouvelles technologies.<\/p>\n<p>Pour faire simple, ce lieu d\u2019apprentissage artistique servira \u00e9galement de laboratoire d\u2019innovation technologique. \u201cNotre ambition est d\u2019int\u00e9grer le stop-motion de mani\u00e8re transversale dans nos programmes d\u2019animation et de motion design, mais aussi d\u2019inspirer d\u2019autres disciplines, comme le jeu vid\u00e9o, en formation initiale comme en formation continue\u201d a d\u00e9clar\u00e9 Val\u00e9rie Moatti, directrice de GOBELINS Paris.<\/p>\n<p>Tandis que pour Netflix, ce projet s\u2019inscrit dans sa strat\u00e9gie visant \u00e0 faire \u00e9merger de nouveaux talents dans l\u2019industrie et \u00e0 mettre en avant des \u00e9quipes internationales d\u2019excellence, comme cela a pu \u00eatre le cas avec <a href=\"https:\/\/www.journaldugeek.com\/critique\/critique-arcane-saison-2-cetait-beau-mais-cest-tout\/\" target=\"_blank\" rel=\"noopener\">Arcane<\/a> de Fortiche ou encore <a href=\"https:\/\/www.journaldugeek.com\/critique\/critique-asterix-le-combat-des-chefs-alors-chabat-ou-ca-va-pas\/\" target=\"_blank\" rel=\"noopener\">Ast\u00e9rix et Ob\u00e9lix\u00a0: Le Combat des chefs<\/a> de TAT. La phase de planification pour la mise en place du studio se d\u00e9roulera tout au long de l\u2019ann\u00e9e acad\u00e9mique 2025-2026.<\/p>\n<p> Un projet en hommage \u00e0 un proche <\/p>\n<p>Cette initiative initi\u00e9e par Guillermo del Toro cherche \u00e9galement \u00e0 rendre hommage \u00e0 Mark Gustafon, co-r\u00e9alisateur du film <a href=\"https:\/\/www.journaldugeek.com\/critique\/critique-pinocchio-guillermo-del-toro-tronconne-la-concurrence-sur-netflix\/\" target=\"_blank\" rel=\"noopener\">Pinocchio<\/a>, et dont le travail a v\u00e9ritablement marqu\u00e9 l\u2019animation contemporaine. Netflix, del Toro et GOBELINS Paris esp\u00e8rent donc que leur collaboration permettra de rendre l\u2019art du stop motion plus accessible afin de prolonger l\u2019h\u00e9ritage du cin\u00e9aste qui nous a quitt\u00e9s en f\u00e9vrier 2024. Les artistes en devenir auront tout int\u00e9r\u00eat \u00e0 suivre les nouvelles du projet pour \u00eatre certains de ne manquer aucune opportunit\u00e9.<\/p>\n<blockquote>\n<p class=\"text-base text-neutral-700 dark:text-neutral-300\">\ud83d\udfe3 Pour ne manquer aucune news sur le Journal du Geek, abonnez-vous sur <a href=\"https:\/\/news.google.com\/publications\/CAAqBwgKMNr_hAswwYyCAw?hl=fr&amp;gl=FR&amp;ceid=FR%3Afr\" target=\"_blank\" rel=\"noopener\">Google Actualit\u00e9s<\/a> et sur <a href=\"https:\/\/whatsapp.com\/channel\/0029VaClM5y4tRry12tb7D2h\" target=\"_blank\" rel=\"noopener\">notre WhatsApp<\/a>. Et si vous nous adorez, on a <a href=\"https:\/\/www.journaldugeek.com\/newsletter\/\" target=\"_blank\" rel=\"noopener\">une newsletter tous les matins<\/a>.<\/p>\n<\/blockquote>\n","protected":false},"excerpt":{"rendered":"L\u2019avenir du stop motion se pr\u00e9pare en plein c\u0153ur de Paris. Pour une fois, Netflix ne nous annonce&hellip;\n","protected":false},"author":2,"featured_media":468239,"comment_status":"","ping_status":"","sticky":false,"template":"","format":"standard","meta":{"footnotes":""},"categories":[1354],"tags":[58,59,1346,1011,27,47639,1360,127,59200],"class_list":{"0":"post-468238","1":"post","2":"type-post","3":"status-publish","4":"format-standard","5":"has-post-thumbnail","7":"category-films","8":"tag-divertissement","9":"tag-entertainment","10":"tag-films","11":"tag-fr","12":"tag-france","13":"tag-guillermo-del-toro","14":"tag-movies","15":"tag-netflix","16":"tag-stop-motion"},"share_on_mastodon":{"url":"https:\/\/pubeurope.com\/@fr\/115385684730183168","error":""},"_links":{"self":[{"href":"https:\/\/www.europesays.com\/fr\/wp-json\/wp\/v2\/posts\/468238","targetHints":{"allow":["GET"]}}],"collection":[{"href":"https:\/\/www.europesays.com\/fr\/wp-json\/wp\/v2\/posts"}],"about":[{"href":"https:\/\/www.europesays.com\/fr\/wp-json\/wp\/v2\/types\/post"}],"author":[{"embeddable":true,"href":"https:\/\/www.europesays.com\/fr\/wp-json\/wp\/v2\/users\/2"}],"replies":[{"embeddable":true,"href":"https:\/\/www.europesays.com\/fr\/wp-json\/wp\/v2\/comments?post=468238"}],"version-history":[{"count":0,"href":"https:\/\/www.europesays.com\/fr\/wp-json\/wp\/v2\/posts\/468238\/revisions"}],"wp:featuredmedia":[{"embeddable":true,"href":"https:\/\/www.europesays.com\/fr\/wp-json\/wp\/v2\/media\/468239"}],"wp:attachment":[{"href":"https:\/\/www.europesays.com\/fr\/wp-json\/wp\/v2\/media?parent=468238"}],"wp:term":[{"taxonomy":"category","embeddable":true,"href":"https:\/\/www.europesays.com\/fr\/wp-json\/wp\/v2\/categories?post=468238"},{"taxonomy":"post_tag","embeddable":true,"href":"https:\/\/www.europesays.com\/fr\/wp-json\/wp\/v2\/tags?post=468238"}],"curies":[{"name":"wp","href":"https:\/\/api.w.org\/{rel}","templated":true}]}}