{"id":468240,"date":"2025-10-16T20:16:11","date_gmt":"2025-10-16T20:16:11","guid":{"rendered":"https:\/\/www.europesays.com\/fr\/468240\/"},"modified":"2025-10-16T20:16:11","modified_gmt":"2025-10-16T20:16:11","slug":"la-carte-des-departements-les-plus-touches-par-lepidemie-2","status":"publish","type":"post","link":"https:\/\/www.europesays.com\/fr\/468240\/","title":{"rendered":"la carte des d\u00e9partements les plus touch\u00e9s par l&rsquo;\u00e9pid\u00e9mie"},"content":{"rendered":"<p class=\"mb-4 text-lg md:leading-8 break-words\">Les temp\u00e9ratures baissent, la dur\u00e9e du jour diminue, et les virus hivernaux dont celui de la grippe reviennent. Le rituel de l&rsquo;automne reprend ses droits, avec en prime l&rsquo;ouverture de la campagne de vaccination contre la grippe et le Covid, depuis mardi 14 octobre.<\/p>\n<p>La grippe gagne du terrain<\/p>\n<p class=\"mb-4 text-lg md:leading-8 break-words\">Si le nombre de cas de Covid a fortement augment\u00e9 d\u00e8s le mois de septembre, la grippe \u00e9tait jusqu&rsquo;\u00e0 pr\u00e9sent tr\u00e8s discr\u00e8te. Mais petit-\u00e0-petit, la grippe gagne du terrain dans certains d\u00e9partements, comme vous pouvez le constater sur la carte ci-dessous, qui permet de voir l&rsquo;\u00e9volution en sept jours.<\/p>\n<p class=\"mb-4 text-lg md:leading-8 break-words\">En moyenne \u00e0 l&rsquo;\u00e9chelle nationale, la part de la grippe dans les passages aux urgences augmente de 22% sur le territoire, avec de fortes augmentations dans le Jura, la Haute-Corse, mais aussi la Haute-Garonne, l&rsquo;Ari\u00e8ge, l&rsquo;Indre-et-Loire, o\u00f9 la part a plus que doubl\u00e9.<\/p>\n<p>L&rsquo;Eure-et-Loir, d\u00e9partement le plus touch\u00e9<\/p>\n<p class=\"mb-4 text-lg md:leading-8 break-words\">Dans certains d\u00e9partements, la part de la grippe dans les passages aux urgences est importante, avec un record en Eure-et-Loir o\u00f9 la part de grippe atteint 1,29%. C&rsquo;est toutefois le seul d\u00e9partement o\u00f9 la part de la grippe d\u00e9passe 1%, preuve que l&rsquo;\u00e9pid\u00e9mie reste \u00e0 un niveau relativement faible, comme vous pouvez le constater sur la carte ci-dessous.<\/p>\n<p class=\"mb-4 text-lg md:leading-8 break-words\">C&rsquo;est en \u00cele-de-France et dans les d\u00e9partements environnants que l&rsquo;on enregistre le poids le plus important de la grippe dans les passages aux urgences, ainsi que dans le quart Sud-Est.<\/p>\n<p>17 600 morts de la grippe l&rsquo;hiver dernier<\/p>\n<p class=\"mb-4 text-lg md:leading-8 break-words\">Pour cet hiver, Sant\u00e9 Publique France estime que 19 millions de personnes sont jug\u00e9es vuln\u00e9rables et sont invit\u00e9es \u00e0 se faire vacciner, alors que chaque ann\u00e9e, entre 2 et 6 millions de personnes sont touch\u00e9es par an par le virus de la grippe.<\/p>\n<p class=\"mb-4 text-lg md:leading-8 break-words\">L&rsquo;hiver dernier, 17 600 personnes sont mortes de la grippe en France, selon les chiffres de Sant\u00e9 publique France et 30 000 personnes ont \u00e9t\u00e9 hospitalis\u00e9es. Plus de 90% des d\u00e9c\u00e8s li\u00e9s au virus surviennent chez les plus de 65 ans.<\/p>\n<p>Une efficacit\u00e9 vaccinale sup\u00e9rieure \u00e0 celle de l&rsquo;an dernier<\/p>\n<p class=\"mb-4 text-lg md:leading-8 break-words\">La couverture vaccinale pour la grippe \u00ab\u00a0stagne \u00e0 54% chez les personnes de 65 ans\u00a0\u00bb et tombe \u00e0 seulement \u00ab\u00a025% chez les moins de 65 ans \u00e0 risque s\u00e9v\u00e8re de grippe\u00a0\u00bb, indique encore Sant\u00e9 Publique France.<\/p>\n<p class=\"mb-4 text-lg md:leading-8 break-words\">Selon Bruno Lina, directeur du Centre national de r\u00e9f\u00e9rence des virus respiratoires \u00e0 Lyon et cit\u00e9 par <a data-i13n=\"cpos:1;pos:1\" href=\"https:\/\/www.lemonde.fr\/planete\/article\/2025\/10\/13\/lancement-de-la-campagne-de-vaccination-contre-la-grippe-alors-qu-une-epidemie-d-ampleur-est-redoutee-durant-l-hiver_6646281_3244.html\" rel=\"nofollow noopener\" target=\"_blank\" data-ylk=\"slk:Le Monde;cpos:1;pos:1;elm:context_link;itc:0;sec:content-canvas\" class=\"link \">Le Monde<\/a>, l\u2019efficacit\u00e9 de ces vaccins se situe, selon les premiers tests in vitro, entre 40 % et 70 % en fonction des souches, soit des niveaux interm\u00e9diaires \u00e0 bons, globalement sup\u00e9rieurs \u00e0 ceux de l\u2019ann\u00e9e 2024.<\/p>\n","protected":false},"excerpt":{"rendered":"Les temp\u00e9ratures baissent, la dur\u00e9e du jour diminue, et les virus hivernaux dont celui de la grippe reviennent.&hellip;\n","protected":false},"author":2,"featured_media":468241,"comment_status":"","ping_status":"","sticky":false,"template":"","format":"standard","meta":{"footnotes":""},"categories":[10],"tags":[1011,27,29786,72,71,59201],"class_list":{"0":"post-468240","1":"post","2":"type-post","3":"status-publish","4":"format-standard","5":"has-post-thumbnail","7":"category-sante","8":"tag-fr","9":"tag-france","10":"tag-grippe","11":"tag-health","12":"tag-sante","13":"tag-virus-de-la-grippe"},"share_on_mastodon":{"url":"https:\/\/pubeurope.com\/@fr\/115385688652651211","error":""},"_links":{"self":[{"href":"https:\/\/www.europesays.com\/fr\/wp-json\/wp\/v2\/posts\/468240","targetHints":{"allow":["GET"]}}],"collection":[{"href":"https:\/\/www.europesays.com\/fr\/wp-json\/wp\/v2\/posts"}],"about":[{"href":"https:\/\/www.europesays.com\/fr\/wp-json\/wp\/v2\/types\/post"}],"author":[{"embeddable":true,"href":"https:\/\/www.europesays.com\/fr\/wp-json\/wp\/v2\/users\/2"}],"replies":[{"embeddable":true,"href":"https:\/\/www.europesays.com\/fr\/wp-json\/wp\/v2\/comments?post=468240"}],"version-history":[{"count":0,"href":"https:\/\/www.europesays.com\/fr\/wp-json\/wp\/v2\/posts\/468240\/revisions"}],"wp:featuredmedia":[{"embeddable":true,"href":"https:\/\/www.europesays.com\/fr\/wp-json\/wp\/v2\/media\/468241"}],"wp:attachment":[{"href":"https:\/\/www.europesays.com\/fr\/wp-json\/wp\/v2\/media?parent=468240"}],"wp:term":[{"taxonomy":"category","embeddable":true,"href":"https:\/\/www.europesays.com\/fr\/wp-json\/wp\/v2\/categories?post=468240"},{"taxonomy":"post_tag","embeddable":true,"href":"https:\/\/www.europesays.com\/fr\/wp-json\/wp\/v2\/tags?post=468240"}],"curies":[{"name":"wp","href":"https:\/\/api.w.org\/{rel}","templated":true}]}}