{"id":468242,"date":"2025-10-16T20:17:17","date_gmt":"2025-10-16T20:17:17","guid":{"rendered":"https:\/\/www.europesays.com\/fr\/468242\/"},"modified":"2025-10-16T20:17:17","modified_gmt":"2025-10-16T20:17:17","slug":"forfait-confirme-pour-amine-gouiri-contre-le-havre","status":"publish","type":"post","link":"https:\/\/www.europesays.com\/fr\/468242\/","title":{"rendered":"forfait confirm\u00e9 pour Amine Gouiri contre Le Havre"},"content":{"rendered":"<p>La nouvelle n\u2019a pas enchant\u00e9 l\u2019OM, et c\u2019est peu de le dire. Les images du choc entre Amine Gouiri et le gardien de l\u2019Ouganda Salim Magoola, mardi soir lors d\u2019une rencontre qualificative pour la coupe du monde 2026, ont fait <a href=\"https:\/\/www.laprovence.com\/article\/om\/18406653659628\/om-quand-le-sort-dacharne-sur-amine-gouiri-encore-blesse-a-lepaule\" target=\"_blank\" rel=\"noopener\">redouter le pire sur les hauteurs de La Commanderie<\/a>, le contact entre les deux joueurs \u00e9tant d\u2019une violence extr\u00eame.<\/p>\n<p>Le staff des Fennecs s\u2019est montr\u00e9 rassurant \u00e0 l\u2019issue de la rencontre. Ce qui n\u2019a pas emp\u00each\u00e9 Gouiri, pour lequel un protocole commotion a \u00e9t\u00e9 enclench\u00e9, de passer des examens plus approfondis une fois rentr\u00e9 \u00e0 Marseille. Mais c\u2019\u00e9tait son \u00e9paule qui se trouvait au centre de l\u2019attention, apr\u00e8s avoir v\u00e9cu un probl\u00e8me similaire contre Lorient, il y a un mois.<\/p>\n<p>L\u2019attaquant olympien a pass\u00e9 une grande partie de la journ\u00e9e et de la soir\u00e9e de ce jeudi \u00e0 se faire examiner. Le premier diagnostic est sans appel\u00a0: l\u2019ancien Rennais, <a href=\"https:\/\/www.laprovence.com\/article\/om\/464801661769214\/metz-om-0-3-je-nai-jamais-doute-de-moi-je-savais-que-les-buts-allaient-arriver-assure-amine-gouiri\" target=\"_blank\" rel=\"noopener\">auteur de son premier but \u00e0 Metz, juste avant la coupure internationale<\/a>, manquera la r\u00e9ception du\u00a0Havre, samedi au V\u00e9lodrome.<\/p>\n<p>La suite est encore floue et l\u2019OM verra au jour le jour, sans prendre le moindre risque, \u00e0 l\u2019heure o\u00f9 les rencontres vont s\u2019encha\u00eener, avec sept rendez-vous en l\u2019espace de vingt-et-un jours. Selon quelques indiscr\u00e9tions, le corps m\u00e9dical aurait propos\u00e9 deux options : soit un travail sur quatre semaines pour essayer de remettre les choses en place, soit une op\u00e9ration. La direction du club et le joueur ont pr\u00e9vu de se voir ce vendredi afin de prendre une d\u00e9cision.<\/p>\n","protected":false},"excerpt":{"rendered":"La nouvelle n\u2019a pas enchant\u00e9 l\u2019OM, et c\u2019est peu de le dire. Les images du choc entre Amine&hellip;\n","protected":false},"author":2,"featured_media":468243,"comment_status":"","ping_status":"","sticky":false,"template":"","format":"standard","meta":{"footnotes":""},"categories":[9],"tags":[17,25105,1102,8845,1444,12887,1011,27,20171,149,471,60],"class_list":{"0":"post-468242","1":"post","2":"type-post","3":"status-publish","4":"format-standard","5":"has-post-thumbnail","7":"category-sports","8":"tag-17","9":"tag-amine","10":"tag-breakingnews","11":"tag-confirme","12":"tag-contre","13":"tag-forfait","14":"tag-fr","15":"tag-france","16":"tag-gouiri","17":"tag-om","18":"tag-pour","19":"tag-sports"},"share_on_mastodon":{"url":"https:\/\/pubeurope.com\/@fr\/115385692585262998","error":""},"_links":{"self":[{"href":"https:\/\/www.europesays.com\/fr\/wp-json\/wp\/v2\/posts\/468242","targetHints":{"allow":["GET"]}}],"collection":[{"href":"https:\/\/www.europesays.com\/fr\/wp-json\/wp\/v2\/posts"}],"about":[{"href":"https:\/\/www.europesays.com\/fr\/wp-json\/wp\/v2\/types\/post"}],"author":[{"embeddable":true,"href":"https:\/\/www.europesays.com\/fr\/wp-json\/wp\/v2\/users\/2"}],"replies":[{"embeddable":true,"href":"https:\/\/www.europesays.com\/fr\/wp-json\/wp\/v2\/comments?post=468242"}],"version-history":[{"count":0,"href":"https:\/\/www.europesays.com\/fr\/wp-json\/wp\/v2\/posts\/468242\/revisions"}],"wp:featuredmedia":[{"embeddable":true,"href":"https:\/\/www.europesays.com\/fr\/wp-json\/wp\/v2\/media\/468243"}],"wp:attachment":[{"href":"https:\/\/www.europesays.com\/fr\/wp-json\/wp\/v2\/media?parent=468242"}],"wp:term":[{"taxonomy":"category","embeddable":true,"href":"https:\/\/www.europesays.com\/fr\/wp-json\/wp\/v2\/categories?post=468242"},{"taxonomy":"post_tag","embeddable":true,"href":"https:\/\/www.europesays.com\/fr\/wp-json\/wp\/v2\/tags?post=468242"}],"curies":[{"name":"wp","href":"https:\/\/api.w.org\/{rel}","templated":true}]}}