{"id":468248,"date":"2025-10-16T20:20:19","date_gmt":"2025-10-16T20:20:19","guid":{"rendered":"https:\/\/www.europesays.com\/fr\/468248\/"},"modified":"2025-10-16T20:20:19","modified_gmt":"2025-10-16T20:20:19","slug":"la-fortune-de-bernard-arnault-a-bondi-de-16-milliards-deuros-en-une-seule-journee","status":"publish","type":"post","link":"https:\/\/www.europesays.com\/fr\/468248\/","title":{"rendered":"La fortune de Bernard Arnault a bondi de 16\u00a0milliards d\u2019euros en une seule journ\u00e9e\u00a0!"},"content":{"rendered":"<p>La fortune de <a href=\"https:\/\/www.20minutes.fr\/dossier\/bernard_arnault\" class=\"c-link c-link--is-underlined\" target=\"_blank\" rel=\"noopener\">Bernard Arnault<\/a> a bondi de 16\u00a0milliards d\u2019euros en une seule journ\u00e9e. Une envol\u00e9e largement comment\u00e9e jeudi par les responsables de gauche qui plaident depuis des mois pour la mise en place d\u2019une <a href=\"https:\/\/www.20minutes.fr\/economie\/taxe-zucman\/\" class=\"c-link c-link--is-underlined\" target=\"_blank\" rel=\"noopener\">taxe Zucman<\/a> sur les ultrariches.<\/p>\n<p>Port\u00e9e par des r\u00e9sultats meilleurs qu\u2019attendu, l\u2019action de <a href=\"https:\/\/www.20minutes.fr\/economie\/lvmh\/\" class=\"c-link c-link--is-underlined\" target=\"_blank\" rel=\"noopener\">LVMH<\/a> a gagn\u00e9 12,22\u00a0% en une s\u00e9ance mercredi, terminant \u00e0 597,90 euros. M\u00e9caniquement, la fortune de son PDG Bernard Arnault a atteint 192\u00a0milliards de dollars (environ 164\u00a0milliards d\u2019euros) selon l\u2019indice Bloomberg Billionaires. Il s\u2019agit, selon le m\u00e9dia financier Bloomberg, de la deuxi\u00e8me plus forte augmentation jamais enregistr\u00e9e par l\u2019homme le plus riche de France, \u00e9galement septi\u00e8me fortune mondiale.<\/p>\n<p>\u00ab\u00a0Voil\u00e0 la meilleure propagande pour la taxe Zucman\u00a0\u00bb<\/p>\n<p>En plein d\u00e9bat sur la taxation des grandes fortunes dans le cadre du budget 2026, les responsables de gauche ne se sont pas priv\u00e9s de relayer ce chiffre. \u00ab\u00a0Excellente entr\u00e9e en mati\u00e8re avant le d\u00e9bat sur la taxe Zucman dans les prochains jours\u00a0\u00bb, a r\u00e9agi le patron des socialistes Olivier Faure, qui entend d\u00e9fendre \u00e0 l\u2019Assembl\u00e9e la mise en place de cet imp\u00f4t minimum de 2\u00a0% du patrimoine &#8211; y compris professionnel &#8211; des plus fortun\u00e9s. Les socialistes d\u00e9poseront un amendement en ce sens au projet de loi de finances.<\/p>\n<\/p>\n<p>Mardi, dans sa d\u00e9claration de politique g\u00e9n\u00e9rale, le Premier ministre S\u00e9bastien Lecornu a \u00e9voqu\u00e9 la mise ne place d&rsquo;\u00ab\u00a0une contribution exceptionnelle des grandes fortunes\u00a0\u00bb, mais il a r\u00e9p\u00e9t\u00e9 n\u2019\u00eatre pas favorable \u00ab\u00a0\u00e0 ce que le patrimoine professionnel soit touch\u00e9\u00a0\u00bb.<\/p>\n<p><a href=\"https:\/\/www.20minutes.fr\/dossier\/bernard_arnault\" class=\"c-link c-btn c-btn--primary\" target=\"_blank\" rel=\"noopener\">Notre dossier sur Bernard Arnault<\/a><\/p>\n<p>Pour le pr\u00e9sident de la commission des Finances de l\u2019Assembl\u00e9e nationale, l\u2019Insoumis <a href=\"https:\/\/www.20minutes.fr\/politique\/eric-coquerel\/\" class=\"c-link c-link--is-underlined\" target=\"_blank\" rel=\"noopener\">\u00c9ric Coquerel<\/a>, \u00ab\u00a0exclure les biens professionnels des taxes patrimoniales, comme le propose le gouvernement, c\u2019est se priver d\u2019imposer ce record de 19\u00a0milliards de dollars\u00a0\u00bb. \u00ab\u00a0Voil\u00e0 la meilleure propagande pour la taxe Zucman\u00a0\u00bb, a-t-il \u00e9crit.<\/p>\n","protected":false},"excerpt":{"rendered":"La fortune de Bernard Arnault a bondi de 16\u00a0milliards d\u2019euros en une seule journ\u00e9e. Une envol\u00e9e largement comment\u00e9e&hellip;\n","protected":false},"author":2,"featured_media":468249,"comment_status":"","ping_status":"","sticky":false,"template":"","format":"standard","meta":{"footnotes":""},"categories":[6],"tags":[47,3820,35,33,34,1025,590,1011,27,7484,4393,11067,52897],"class_list":{"0":"post-468248","1":"post","2":"type-post","3":"status-publish","4":"format-standard","5":"has-post-thumbnail","7":"category-economie","8":"tag-actualite","9":"tag-bernard-arnault","10":"tag-business","11":"tag-economie","12":"tag-economy","13":"tag-eric-coquerel","14":"tag-finance","15":"tag-fr","16":"tag-france","17":"tag-lvmh","18":"tag-olivier-faure","19":"tag-sebastien-lecornu","20":"tag-taxe-zucman"},"share_on_mastodon":{"url":"https:\/\/pubeurope.com\/@fr\/115385704356024055","error":""},"_links":{"self":[{"href":"https:\/\/www.europesays.com\/fr\/wp-json\/wp\/v2\/posts\/468248","targetHints":{"allow":["GET"]}}],"collection":[{"href":"https:\/\/www.europesays.com\/fr\/wp-json\/wp\/v2\/posts"}],"about":[{"href":"https:\/\/www.europesays.com\/fr\/wp-json\/wp\/v2\/types\/post"}],"author":[{"embeddable":true,"href":"https:\/\/www.europesays.com\/fr\/wp-json\/wp\/v2\/users\/2"}],"replies":[{"embeddable":true,"href":"https:\/\/www.europesays.com\/fr\/wp-json\/wp\/v2\/comments?post=468248"}],"version-history":[{"count":0,"href":"https:\/\/www.europesays.com\/fr\/wp-json\/wp\/v2\/posts\/468248\/revisions"}],"wp:featuredmedia":[{"embeddable":true,"href":"https:\/\/www.europesays.com\/fr\/wp-json\/wp\/v2\/media\/468249"}],"wp:attachment":[{"href":"https:\/\/www.europesays.com\/fr\/wp-json\/wp\/v2\/media?parent=468248"}],"wp:term":[{"taxonomy":"category","embeddable":true,"href":"https:\/\/www.europesays.com\/fr\/wp-json\/wp\/v2\/categories?post=468248"},{"taxonomy":"post_tag","embeddable":true,"href":"https:\/\/www.europesays.com\/fr\/wp-json\/wp\/v2\/tags?post=468248"}],"curies":[{"name":"wp","href":"https:\/\/api.w.org\/{rel}","templated":true}]}}