{"id":468250,"date":"2025-10-16T20:21:13","date_gmt":"2025-10-16T20:21:13","guid":{"rendered":"https:\/\/www.europesays.com\/fr\/468250\/"},"modified":"2025-10-16T20:21:13","modified_gmt":"2025-10-16T20:21:13","slug":"en-trois-jours-le-hamas-a-repris-le-controle-des-zones-qui-lui-echappaient-a-gaza-limpitoyable-lutte-de-pouvoir","status":"publish","type":"post","link":"https:\/\/www.europesays.com\/fr\/468250\/","title":{"rendered":"\u00ab\u00a0En trois jours, le Hamas a repris le contr\u00f4le des zones qui lui \u00e9chappaient\u00a0\u00bb\u00a0: \u00e0 Gaza, l\u2019impitoyable lutte de pouvoir"},"content":{"rendered":"<p class=\"paragraph text_align_left lp-f-body-02\">D\u2019apr\u00e8s une source s\u00e9curitaire \u00e0 Gaza, les affrontements auraient fait pr\u00e8s de 35 morts au sein du clan, ainsi que sept ou huit combattants du Hamas et un journaliste gazaoui tr\u00e8s suivi sur les r\u00e9seaux sociaux, Saleh Jafarawi. Le 13 octobre, des vid\u00e9os montrent <a href=\"https:\/\/www.leparisien.fr\/international\/cessez-le-feu-avec-israel-le-hamas-refait-surface-dans-les-rues-de-gaza-14-10-2025-75F3WXPKJJFN3BFGDHAT5IYWO4.php\" target=\"_self\" rel=\"noopener\">l\u2019ex\u00e9cution, par le Hamas, de huit personnes<\/a> en pleine rue, dans le m\u00eame quartier d\u2019As-Sabra. Toutes \u00e9taient soup\u00e7onn\u00e9es d\u2019appartenir \u00e0 la famille impliqu\u00e9e dans les premiers combats.<\/p>\n","protected":false},"excerpt":{"rendered":"D\u2019apr\u00e8s une source s\u00e9curitaire \u00e0 Gaza, les affrontements auraient fait pr\u00e8s de 35 morts au sein du clan,&hellip;\n","protected":false},"author":2,"featured_media":468251,"comment_status":"","ping_status":"","sticky":false,"template":"","format":"standard","meta":{"footnotes":""},"categories":[5],"tags":[11,1011,27,14,664,12,28],"class_list":{"0":"post-468250","1":"post","2":"type-post","3":"status-publish","4":"format-standard","5":"has-post-thumbnail","7":"category-international","8":"tag-actualites","9":"tag-fr","10":"tag-france","11":"tag-international","12":"tag-israel","13":"tag-news","14":"tag-world"},"share_on_mastodon":{"url":"https:\/\/pubeurope.com\/@fr\/115385708430754513","error":""},"_links":{"self":[{"href":"https:\/\/www.europesays.com\/fr\/wp-json\/wp\/v2\/posts\/468250","targetHints":{"allow":["GET"]}}],"collection":[{"href":"https:\/\/www.europesays.com\/fr\/wp-json\/wp\/v2\/posts"}],"about":[{"href":"https:\/\/www.europesays.com\/fr\/wp-json\/wp\/v2\/types\/post"}],"author":[{"embeddable":true,"href":"https:\/\/www.europesays.com\/fr\/wp-json\/wp\/v2\/users\/2"}],"replies":[{"embeddable":true,"href":"https:\/\/www.europesays.com\/fr\/wp-json\/wp\/v2\/comments?post=468250"}],"version-history":[{"count":0,"href":"https:\/\/www.europesays.com\/fr\/wp-json\/wp\/v2\/posts\/468250\/revisions"}],"wp:featuredmedia":[{"embeddable":true,"href":"https:\/\/www.europesays.com\/fr\/wp-json\/wp\/v2\/media\/468251"}],"wp:attachment":[{"href":"https:\/\/www.europesays.com\/fr\/wp-json\/wp\/v2\/media?parent=468250"}],"wp:term":[{"taxonomy":"category","embeddable":true,"href":"https:\/\/www.europesays.com\/fr\/wp-json\/wp\/v2\/categories?post=468250"},{"taxonomy":"post_tag","embeddable":true,"href":"https:\/\/www.europesays.com\/fr\/wp-json\/wp\/v2\/tags?post=468250"}],"curies":[{"name":"wp","href":"https:\/\/api.w.org\/{rel}","templated":true}]}}