{"id":468252,"date":"2025-10-16T20:22:11","date_gmt":"2025-10-16T20:22:11","guid":{"rendered":"https:\/\/www.europesays.com\/fr\/468252\/"},"modified":"2025-10-16T20:22:11","modified_gmt":"2025-10-16T20:22:11","slug":"chronique-dun-desastre-judiciaire-annonce-la-defense-plaide-lacquittement","status":"publish","type":"post","link":"https:\/\/www.europesays.com\/fr\/468252\/","title":{"rendered":"\u00ab\u00a0Chronique d\u2019un d\u00e9sastre judiciaire annonc\u00e9\u00a0\u00bb\u2026 La d\u00e9fense plaide l\u2019acquittement"},"content":{"rendered":"<p>Peut-on dire \u00e0 Louis, 11 ans aujourd\u2019hui, et \u00e0 Elyah, 6 ans, ces deux \u00ab\u00a0invisibles\u00a0\u00bb, \u00ab\u00a0que papa a tu\u00e9 maman\u00a0\u00bb\u00a0? \u00ab\u00a0Il faut \u00eatre s\u00fbr et certain pour leur dire cela, et peut-on l\u2019\u00eatre\u00a0?\u00a0\u00bb, a demand\u00e9 Emmanuelle Franck, la premi\u00e8re des deux avocats de <a href=\"https:\/\/www.20minutes.fr\/faits_divers\/affaire-jubillar\/\" class=\"c-link c-link--is-underlined\" rel=\"nofollow noopener\" target=\"_blank\">C\u00e9dric Jubillar,<\/a> en inaugurant les plaidoiries de la d\u00e9fense. R\u00e9servant un traitement particuli\u00e8rement corrosif <a href=\"https:\/\/www.20minutes.fr\/justice\/4177560-20251007-direct-proces-cedric-jubillar-voiture-delphine-bouge-nuit-voisins-attendus-barre-temoins\" class=\"c-link c-link--is-underlined\" rel=\"nofollow noopener\" target=\"_blank\">aux gendarmes qui ont men\u00e9 l\u2019enqu\u00eate<\/a> et d\u00e9non\u00e7ant leur \u00ab\u00a0proximit\u00e9 malsaine avec certains t\u00e9moins\u00a0\u00bb, elle a d\u2019abord plant\u00e9 le d\u00e9cor\u00a0: \u00ab\u00a0Il y a trop de gens dans cette affaire qui n\u2019\u00e9taient pas grand-chose et qui ont voulu devenir quelqu\u2019un et, peut-\u00eatre toi aussi C\u00e9dric.\u00a0\u00bb Une phrase assen\u00e9e en se tournant vers son client, impassible et attentif dans son box, comme elle le fera \u00e0 plusieurs reprises au cours de la matin\u00e9e.<\/p>\n<p>Avant de d\u00e9rouler ce qu\u2019elle appelle \u00ab\u00a0la chronique d\u2019un d\u00e9sastre judiciaire annonc\u00e9\u00a0\u00bb, elle s\u2019est d\u2019abord arr\u00eat\u00e9e sur la m\u00e9thode\u00a0: \u00ab\u00a0On fabule, on invente une histoire, on essaye de faire rentrer des ronds dans des carr\u00e9s, on prend les pi\u00e8ces d\u2019un puzzle puis on force, on force, pour que \u00e7a rentre.\u00a0\u00bb<\/p>\n<\/p>\n<p>Ensuite, Emmanuelle Franck a m\u00e9thodiquement d\u00e9zingu\u00e9 les indices \u00e0 charge r\u00e9unis par l\u2019accusation, pour dire qu\u2019elle les juge de pi\u00e8tre qualit\u00e9. Des voisines entendent des cris de femme et des aboiements dans la nuit\u00a0durant dix minutes\u00a0? \u00ab\u00a0Jamais de voix d\u2019homme, jamais de dialogue. Et puis dix minutes pour un \u00e9tranglement, \u00e7a ne colle pas\u00a0\u00bb, pointe l\u2019avocate. Et \u00e0 l\u2019heure des appels de d\u00e9tresse, Louis, selon son t\u00e9moignage, serait encore r\u00e9veill\u00e9. Les lunettes ont \u00e9t\u00e9 retrouv\u00e9es cass\u00e9es en trois morceaux\u00a0? \u00ab\u00a0Ces lunettes, elles \u00e9taient d\u00e9j\u00e0 cass\u00e9es. [\u2026] Elles sont photographi\u00e9es sur le bar de la cuisine le 16\u00a0d\u00e9cembre, elles vont y rester jusqu\u2019au 23\u00a0d\u00e9cembre. Et puis comme on fait des perquisitions extr\u00eamement performantes, il faudra attendre le 6\u00a0janvier pour en retrouver une branche derri\u00e8re le canap\u00e9. Et elles ne seront analys\u00e9es qu\u2019en juillet\u00a02022, d\u00e9taille Emmanuelle Franck. \u00ab\u00a0On n\u2019en a rien \u00e0 faire pendant un an et demi\u00a0\u00bb, ajoute-t-elle, avant de d\u00e9noncer \u00ab\u00a0une expertise bidon\u00a0\u00bb, sur la base de \u00ab\u00a0montures neuves\u00a0\u00bb et pas ab\u00eem\u00e9es, concluant qu\u2019elles ont pu \u00eatre bris\u00e9es par un \u00ab\u00a0coup de poing\u00a0\u00bb, sans provoquer de saignement chez la victime, ni de blessure sur l\u2019auteur.<\/p>\n<p>\u00ab\u00a0Un petit mensonge pour une cause plus grande\u00a0\u00bb<\/p>\n<p>La voiture de Delphine alors\u00a0? Elle a chang\u00e9 de sens de stationnement dans la nuit, laissant supposer qu\u2019elle a pu servir \u00e0 transporter le corps et l\u2019accus\u00e9 n\u2019a pas paru tr\u00e8s \u00e0 l\u2019aise dans ses explications. Me Franck vient \u00e0 la rescousse. Pour elle, la Peugeot 207 a toujours \u00e9t\u00e9 dans le m\u00eame sens, celui dans lequel Delphine se garait quand, certes rarement, elle arrivait directement de l\u2019\u00e9cole de Louis. L\u2019\u00e9pisode est l\u2019occasion pour l\u2019avocate de dire tout le mal qu\u2019elle pense du <a href=\"https:\/\/www.20minutes.fr\/justice\/4176298-20251001-proces-cedric-jubillar-question-amant-pouvait-faire-degoupiller-insiste-amie-couple\" class=\"c-link c-link--is-underlined\" rel=\"nofollow noopener\" target=\"_blank\">t\u00e9moignage tardif d\u2019Anne,<\/a> la meilleure amie du couple, qui s\u2019est souvenue apr\u00e8s quatre auditions avoir crois\u00e9 Delphine devant le domicile des Jubillar la veille de la disparition. \u00ab\u00a0Moi, je pense qu\u2019elle est convaincue que c\u2019est C\u00e9dric Jubillar qui a fait le coup et que dans sa t\u00eate c\u2019est un petit mensonge pour une cause plus grande\u00a0\u00bb, glisse la robe noire.<\/p>\n<p>F\u00e9roce, clinique, la conseil de C\u00e9dric Jubillar pulv\u00e9rise les indices les uns apr\u00e8s les autres, finissant sa plaidoirie des sanglots dans la voix. \u00ab\u00a0C\u2019est dur de se taire parce qu\u2019\u00e0 la seconde o\u00f9 je me tairai, je ne pourrai plus le d\u00e9fendre comme je l\u2019ai fait chaque heure, chaque jour, chaque seconde\u00a0\u00bb, depuis quatre ans et demi. Elle a choisi d\u2019\u00eatre exclusivement technique, laissant \u00e0 son confr\u00e8re Alexandre Martin, le soin de faire un portrait plus nuanc\u00e9 de C\u00e9dric Jubillar que celui que l\u2019accus\u00e9 &#8211; avec ses \u00ab\u00a0tout \u00e0 fait\u00a0\u00bb, ses r\u00e9ponses laconiques aux questions sur lesquelles il aurait pu s\u2019\u00e9pancher &#8211; <a href=\"https:\/\/www.20minutes.fr\/justice\/4178876-20251013-proces-cedric-jubillar-retour-nuit-disparition-interrogatoire-accuse-poursuit\" class=\"c-link c-link--is-underlined\" rel=\"nofollow noopener\" target=\"_blank\">a laiss\u00e9 transpara\u00eetre<\/a>.<\/p>\n<p>La m\u00e8re, Nadine, dans le viseur<\/p>\n<p>\u00ab\u00a0C\u2019est un homme seul qui se pr\u00e9sente devant vous apr\u00e8s quatre ans et demi d\u2019isolement, seul dans une cellule de 9\u00a0m2, qui ne parle qu\u2019aux murs, avec une heure de promenade par jour dans une cour grillag\u00e9e o\u00f9 il tourne comme un rat dans une cage. Et vous voulez qu\u2019on sorte indemne d\u2019un tel traitement\u00a0?\u00a0\u00bb, demande l\u2019avocat. Est-il le \u00ab\u00a0connard\u00a0\u00bb d\u00e9crit\u00a0? Certes, conc\u00e8de-t-il \u00ab\u00a0C\u00e9dric est chiant, il sait tout sur tout\u00a0\u00bb mais \u00ab\u00a0c\u2019est tellement plus simple, \u00e7a soulage tellement la conscience de celui qui accuse sans preuves, que de caricaturer\u00a0\u00bb, temp\u00e8re l\u2019avocat qui rappelle le parcours caboss\u00e9 d\u2019un enfant puis d\u2019un adolescent, \u00ab\u00a0plac\u00e9\u00a0\u00bb \u00e0 deux reprises et \u00ab\u00a0maltrait\u00e9\u00a0\u00bb.<\/p>\n<p>Il \u00e9gratigne au passage, comme Emmanuelle Franck avant lui, <a href=\"https:\/\/www.20minutes.fr\/justice\/4177976-20251008-proces-cedric-jubillar-entre-accuse-mere-nadine-fil-etrange-culpabilite\" class=\"c-link c-link--is-underlined\" rel=\"nofollow noopener\" target=\"_blank\">sa m\u00e8re Nadine<\/a> qui a \u00ab\u00a0sacrifi\u00e9 la vie de C\u00e9dric pour mieux satisfaire la sienne\u00a0\u00bb et a trouv\u00e9 si difficile d\u2019accuser son fils \u00e0 la barre la semaine derni\u00e8re, qu\u2019elle l\u2019a refait le soir m\u00eame au journal t\u00e9l\u00e9vis\u00e9 de 20 heures.<\/p>\n<p>\u00ab\u00a0Pas le moindre message d\u2019injure\u00a0\u00bb, pas de t\u00e9moignage de violences conjugales<\/p>\n<p>\u00ab\u00a0Il n\u2019y a pas le moindre t\u00e9moignage de violence physique sur Delphine\u00a0\u00bb, rappelle Alexandre Martin. \u00ab\u00a0Pas le moindre message d\u2019injure\u00a0\u00bb non plus, note-t-il, pour un homme dont la femme a demand\u00e9 le divorce et dont l\u2019accusation a d\u00e9crit \u00ab\u00a0la mont\u00e9e en pression\u00a0\u00bb jusqu\u2019au p\u00e9tage de plombs. Quant \u00e0 la <a href=\"https:\/\/www.20minutes.fr\/justice\/4179098-20251014-proces-cedric-jubillar-dit-lettre-accablante-louis-11-ans-pere\" class=\"c-link c-link--is-underlined\" rel=\"nofollow noopener\" target=\"_blank\">d\u00e9ch\u00e9ance de l\u2019autorit\u00e9 parentale<\/a> requise, en plus des <a href=\"https:\/\/www.20minutes.fr\/justice\/4179372-20251015-proces-cedric-jubillar-tour-avocats-louis-elyah-enfants-couple-plaider-contre-accuse\" class=\"c-link c-link--is-underlined\" rel=\"nofollow noopener\" target=\"_blank\">trente ans de r\u00e9clusion criminelle<\/a>, Me Martin s\u2019insurge\u00a0: \u00ab\u00a0Vous savez celle qui n\u2019y a jamais pens\u00e9 \u00e0 \u00e7a\u00a0? C\u2019\u00e9tait Delphine. Avant de divorcer, elle note sur un papier \u00ab\u00a0garde altern\u00e9e\u00a0\u00bb. Elle ne l\u2019a pas jug\u00e9.\u00a0\u00bb<\/p>\n<p><a href=\"https:\/\/www.20minutes.fr\/faits_divers\/affaire-jubillar\/\" class=\"c-link c-btn c-btn--primary\" rel=\"nofollow noopener\" target=\"_blank\">Notre dossier sur l&rsquo;affaire Jubillar<\/a><\/p>\n<p>C\u2019est \u00e0 Alexandre Martin aussi que revient le r\u00f4le de responsabiliser les jur\u00e9s, en rappelant qu\u2019il n\u2019y a \u00ab\u00a0ni sc\u00e8ne de crime, ni corps, ni ADN, ni cheveu, ni la moindre trace de sang\u00a0\u00bb. \u00ab\u00a0Votre d\u00e9cision sera historique, elle dira votre conception de la <a href=\"https:\/\/www.20minutes.fr\/justice\/\" class=\"c-link c-link--is-underlined\" rel=\"nofollow noopener\" target=\"_blank\">justice<\/a>, elle dira quel visage vous voulez donner \u00e0 cette justice\u00a0\u00bb, leur glisse-t-il avant de conclure gravement\u00a0: \u00ab\u00a0Vous pouvez an\u00e9antir un homme. [\u2026] Soyez prudent, soyez exigeants, je vous le demande. Votre devoir dicte d\u2019acquitter C\u00e9dric Jubillar.\u00a0\u00bb<\/p>\n<p>Le verdict doit \u00eatre rendu ce vendredi.<\/p>\n","protected":false},"excerpt":{"rendered":"Peut-on dire \u00e0 Louis, 11 ans aujourd\u2019hui, et \u00e0 Elyah, 6 ans, ces deux \u00ab\u00a0invisibles\u00a0\u00bb, \u00ab\u00a0que papa a&hellip;\n","protected":false},"author":2,"featured_media":468253,"comment_status":"","ping_status":"","sticky":false,"template":"","format":"standard","meta":{"footnotes":""},"categories":[4],"tags":[47,11,33044,7296,20933,2715,3555,1011,27,2722,303,777,2721,12,2680,25,8412,2312],"class_list":{"0":"post-468252","1":"post","2":"type-post","3":"status-publish","4":"format-standard","5":"has-post-thumbnail","7":"category-france","8":"tag-actualite","9":"tag-actualites","10":"tag-affaire-jubillar","11":"tag-albi","12":"tag-avocat","13":"tag-disparition","14":"tag-feminicide","15":"tag-fr","16":"tag-france","17":"tag-haute-garonne","18":"tag-justice","19":"tag-meurtre","20":"tag-midi-pyrenees","21":"tag-news","22":"tag-occitanie","23":"tag-republique-francaise","24":"tag-tarn","25":"tag-toulouse"},"share_on_mastodon":{"url":"https:\/\/pubeurope.com\/@fr\/115385712261956056","error":""},"_links":{"self":[{"href":"https:\/\/www.europesays.com\/fr\/wp-json\/wp\/v2\/posts\/468252","targetHints":{"allow":["GET"]}}],"collection":[{"href":"https:\/\/www.europesays.com\/fr\/wp-json\/wp\/v2\/posts"}],"about":[{"href":"https:\/\/www.europesays.com\/fr\/wp-json\/wp\/v2\/types\/post"}],"author":[{"embeddable":true,"href":"https:\/\/www.europesays.com\/fr\/wp-json\/wp\/v2\/users\/2"}],"replies":[{"embeddable":true,"href":"https:\/\/www.europesays.com\/fr\/wp-json\/wp\/v2\/comments?post=468252"}],"version-history":[{"count":0,"href":"https:\/\/www.europesays.com\/fr\/wp-json\/wp\/v2\/posts\/468252\/revisions"}],"wp:featuredmedia":[{"embeddable":true,"href":"https:\/\/www.europesays.com\/fr\/wp-json\/wp\/v2\/media\/468253"}],"wp:attachment":[{"href":"https:\/\/www.europesays.com\/fr\/wp-json\/wp\/v2\/media?parent=468252"}],"wp:term":[{"taxonomy":"category","embeddable":true,"href":"https:\/\/www.europesays.com\/fr\/wp-json\/wp\/v2\/categories?post=468252"},{"taxonomy":"post_tag","embeddable":true,"href":"https:\/\/www.europesays.com\/fr\/wp-json\/wp\/v2\/tags?post=468252"}],"curies":[{"name":"wp","href":"https:\/\/api.w.org\/{rel}","templated":true}]}}