{"id":468260,"date":"2025-10-16T20:26:30","date_gmt":"2025-10-16T20:26:30","guid":{"rendered":"https:\/\/www.europesays.com\/fr\/468260\/"},"modified":"2025-10-16T20:26:30","modified_gmt":"2025-10-16T20:26:30","slug":"le-punch-defend-son-projet-associatif","status":"publish","type":"post","link":"https:\/\/www.europesays.com\/fr\/468260\/","title":{"rendered":"le Punch d\u00e9fend son projet associatif"},"content":{"rendered":"<p>Jamais la MJC Pichon n\u2019aura attir\u00e9 autant d\u2019attention qu\u2019en cette ann\u00e9e o\u00f9 elle a \u00e9t\u00e9 liquid\u00e9e\u2026 L\u2019attention, par exemple, d\u2019anciens directeurs de MJC, qui se sont \u00e9mus r\u00e9cemment dans nos colonnes de la proposition de reprise faite par le Punch, structure multisport fond\u00e9e par Alain H\u00e9nin.<\/p>\n<p>Les anciens directeurs s\u2019inqui\u00e9taient, en effet, que la d\u00e9funte MJC puisse basculer ainsi vers le priv\u00e9, ou \u00e0 tout le moins le semi-priv\u00e9. Mais, Alain H\u00e9nin tient \u00e0 pr\u00e9ciser que le Punch \u00ab\u00a0a statut d\u2019association, et d\u2019association uniquement. Donc rien de priv\u00e9 \u00e0 cela. M\u00eame si beaucoup de gens le croient en effet\u00a0\u00bb.<\/p>\n<p>Quant \u00e0 savoir quels types d\u2019activit\u00e9 accueilleraient alors les murs de Pichon, s\u2019ils devaient lui \u00eatre confi\u00e9s, Alain H\u00e9nin pr\u00e9cise que \u00ab\u00a0le but, c\u2019est essentiellement de trouver une solution pour que Pichon reste en ad\u00e9quation avec sa vocation d\u2019\u00e9ducation populaire\u00a0\u00bb. Et plus pr\u00e9cis\u00e9ment\u00a0? \u00ab\u00a0On est pr\u00eat \u00e0 p\u00e9renniser l\u2019existant, avec une administration qui tienne la route. Et oui, les activit\u00e9s qui s\u2019y pratiquaient. En plus, j\u2019anime l\u2019association Rock\u2019n\u2019lor, sp\u00e9cialis\u00e9e dans la musique comme son nom l\u2019indique. Ce qui pourrait aider aussi \u00e0 faire vivre l\u2019auditorium de la MJC. Et tout \u00e7a dans une d\u00e9marche tout \u00e0 fait constructive. Apr\u00e8s, moi, j\u2019ai fait une proposition, mais c\u2019est \u00e0 la mairie de savoir si \u00e7a lui convient ou non.\u00a0\u00bb<\/p>\n","protected":false},"excerpt":{"rendered":"Jamais la MJC Pichon n\u2019aura attir\u00e9 autant d\u2019attention qu\u2019en cette ann\u00e9e o\u00f9 elle a \u00e9t\u00e9 liquid\u00e9e\u2026 L\u2019attention, par&hellip;\n","protected":false},"author":2,"featured_media":468261,"comment_status":"","ping_status":"","sticky":false,"template":"","format":"standard","meta":{"footnotes":""},"categories":[9635],"tags":[1111,11,1704,1057,1777,674,1011,27,775,1702,1703,12,25],"class_list":{"0":"post-468260","1":"post","2":"type-post","3":"status-publish","4":"format-standard","5":"has-post-thumbnail","7":"category-nancy","8":"tag-actu","9":"tag-actualites","10":"tag-edition-nancy-et-agglomeration","11":"tag-education","12":"tag-eu","13":"tag-europe","14":"tag-fr","15":"tag-france","16":"tag-grand-est","17":"tag-nancy","18":"tag-nancy-ville-54b","19":"tag-news","20":"tag-republique-francaise"},"share_on_mastodon":{"url":"https:\/\/pubeurope.com\/@fr\/115385727916712844","error":""},"_links":{"self":[{"href":"https:\/\/www.europesays.com\/fr\/wp-json\/wp\/v2\/posts\/468260","targetHints":{"allow":["GET"]}}],"collection":[{"href":"https:\/\/www.europesays.com\/fr\/wp-json\/wp\/v2\/posts"}],"about":[{"href":"https:\/\/www.europesays.com\/fr\/wp-json\/wp\/v2\/types\/post"}],"author":[{"embeddable":true,"href":"https:\/\/www.europesays.com\/fr\/wp-json\/wp\/v2\/users\/2"}],"replies":[{"embeddable":true,"href":"https:\/\/www.europesays.com\/fr\/wp-json\/wp\/v2\/comments?post=468260"}],"version-history":[{"count":0,"href":"https:\/\/www.europesays.com\/fr\/wp-json\/wp\/v2\/posts\/468260\/revisions"}],"wp:featuredmedia":[{"embeddable":true,"href":"https:\/\/www.europesays.com\/fr\/wp-json\/wp\/v2\/media\/468261"}],"wp:attachment":[{"href":"https:\/\/www.europesays.com\/fr\/wp-json\/wp\/v2\/media?parent=468260"}],"wp:term":[{"taxonomy":"category","embeddable":true,"href":"https:\/\/www.europesays.com\/fr\/wp-json\/wp\/v2\/categories?post=468260"},{"taxonomy":"post_tag","embeddable":true,"href":"https:\/\/www.europesays.com\/fr\/wp-json\/wp\/v2\/tags?post=468260"}],"curies":[{"name":"wp","href":"https:\/\/api.w.org\/{rel}","templated":true}]}}