{"id":468268,"date":"2025-10-16T20:30:18","date_gmt":"2025-10-16T20:30:18","guid":{"rendered":"https:\/\/www.europesays.com\/fr\/468268\/"},"modified":"2025-10-16T20:30:18","modified_gmt":"2025-10-16T20:30:18","slug":"une-conductrice-de-21-ans-perd-son-permis-apres-un-exces-de-vitesse-record","status":"publish","type":"post","link":"https:\/\/www.europesays.com\/fr\/468268\/","title":{"rendered":"une conductrice de 21 ans perd son permis apr\u00e8s un exc\u00e8s de vitesse record"},"content":{"rendered":"<p>            Par<br \/>\n        <strong><br \/>\n            <a href=\"https:\/\/actu.fr\/auteur\/lea-pippinato\" title=\"Consulter tous les articles de L\u00e9a Pippinato\" target=\"_blank\" rel=\"noopener\">L\u00e9a Pippinato<\/a><br \/>\n        <\/strong><\/p>\n<p>        Publi\u00e9 le<\/p>\n<p>            16 oct. 2025 \u00e0 18h34        <\/p>\n<p><strong>Ce dimanche 12 octobre 2025<\/strong>, les motards de la police nationale de <strong>Montpellier<\/strong> ont men\u00e9 une op\u00e9ration de contr\u00f4le de vitesse sur l\u2019avenue des Moulins. Ce jour-l\u00e0, les agents ont v\u00e9rifi\u00e9 pr\u00e8s d\u2019une cinquantaine de v\u00e9hicules. Le bilan s\u2019est r\u00e9v\u00e9l\u00e9 pr\u00e9occupant : une vingtaine d\u2019infractions ont \u00e9t\u00e9 relev\u00e9es en quelques heures.\u00a0<\/p>\n<p>    <a href=\"https:\/\/www.google.com\/maps\/embed?pb=!1m18!1m12!1m3!1d23114.090373704526!2d3.8338559999999995!3d43.6011008!2m3!1f0!2f0!3f0!3m2!1i1024!2i768!4f13.1!3m3!1m2!1s0x12b6ae96cf9196a7%3A0xdeb5c9ac673e7c9e!2sAv.%20des%20Moulins%2C%20Montpellier!5e0!3m2!1sen!2sfr!4v1760629970486!5m2!1sen!2sfr\" title=\"Ouvrie le lien\" target=\"_blank\" rel=\"noopener\">Cliquez ici pour visualiser le contenu<\/a><\/p>\n<p class=\" wall-content\">Parmi les infractions relev\u00e9es, certains conducteurs roulaient sans contr\u00f4le technique \u00e0 jour. D\u2019autres circulaient dans les couloirs de bus ou effectuaient des d\u00e9passements par la droite. Les forces de l\u2019ordre ont constat\u00e9 plusieurs exc\u00e8s de vitesse allant de 20 \u00e0 40 km\/h au-dessus de la limite, mais aussi d\u2019autres manquements au code de la route.<\/p>\n<p>Flash\u00e9e \u00e0 plus du double de la vitesse autoris\u00e9e<\/p>\n<p class=\" wall-content\">Le cas le plus spectaculaire reste celui d\u2019une conductrice de 21 ans au volant d\u2019un SUV Mercedes GLA. Les radars ont enregistr\u00e9 une vitesse de <strong>127 km\/h<\/strong> sur un tron\u00e7on limit\u00e9 \u00e0 50. Apr\u00e8s d\u00e9duction de la marge technique, la vitesse retenue a \u00e9t\u00e9 fix\u00e9e \u00e0 120 km\/h. Le permis de la conductrice a \u00e9t\u00e9 imm\u00e9diatement retir\u00e9 sur d\u00e9cision des policiers, et une proc\u00e9dure judiciaire pourrait suivre.<\/p>\n<p class=\" wall-content\">Cette op\u00e9ration s\u2019inscrit dans un dispositif de contr\u00f4les intensifi\u00e9s \u00e0 l\u2019approche des cong\u00e9s d\u2019automne. Les forces de l\u2019ordre annoncent d\u00e9j\u00e0 de nouvelles actions pour le week-end prochain, qui se concentreront sur les grands boulevards de la m\u00e9tropole.<\/p>\n<p class=\" wall-content\">Personnalisez votre actualit\u00e9 en ajoutant vos villes et m\u00e9dias en favori avec <a href=\"https:\/\/moncompte.actu.fr\" title=\"D\u00e9couvez Mon Actu\" rel=\"nofollow noopener\" data-trk=\"{&quot;cta&quot;:{&quot;action&quot;:&quot;https:\\\/\\\/moncompte.actu.fr&quot;,&quot;category&quot;:&quot;mon compte&quot;,&quot;from&quot;:&quot;article footer&quot;,&quot;name&quot;:&quot;Mon actu&quot;,&quot;type&quot;:&quot;cta&quot;}}\" target=\"_blank\">Mon Actu<\/a>.<\/p>\n","protected":false},"excerpt":{"rendered":"Par L\u00e9a Pippinato Publi\u00e9 le 16 oct. 2025 \u00e0 18h34 Ce dimanche 12 octobre 2025, les motards de&hellip;\n","protected":false},"author":2,"featured_media":468269,"comment_status":"","ping_status":"","sticky":false,"template":"","format":"standard","meta":{"footnotes":""},"categories":[9599],"tags":[1111,11,1777,674,5915,118,1011,27,2208,12,2680,1072,25,5009],"class_list":{"0":"post-468268","1":"post","2":"type-post","3":"status-publish","4":"format-standard","5":"has-post-thumbnail","7":"category-montpellier","8":"tag-actu","9":"tag-actualites","10":"tag-eu","11":"tag-europe","12":"tag-exces-de-vitesse","13":"tag-faits-divers","14":"tag-fr","15":"tag-france","16":"tag-montpellier","17":"tag-news","18":"tag-occitanie","19":"tag-police","20":"tag-republique-francaise","21":"tag-securite-routiere"},"share_on_mastodon":{"url":"https:\/\/pubeurope.com\/@fr\/115385743993635211","error":""},"_links":{"self":[{"href":"https:\/\/www.europesays.com\/fr\/wp-json\/wp\/v2\/posts\/468268","targetHints":{"allow":["GET"]}}],"collection":[{"href":"https:\/\/www.europesays.com\/fr\/wp-json\/wp\/v2\/posts"}],"about":[{"href":"https:\/\/www.europesays.com\/fr\/wp-json\/wp\/v2\/types\/post"}],"author":[{"embeddable":true,"href":"https:\/\/www.europesays.com\/fr\/wp-json\/wp\/v2\/users\/2"}],"replies":[{"embeddable":true,"href":"https:\/\/www.europesays.com\/fr\/wp-json\/wp\/v2\/comments?post=468268"}],"version-history":[{"count":0,"href":"https:\/\/www.europesays.com\/fr\/wp-json\/wp\/v2\/posts\/468268\/revisions"}],"wp:featuredmedia":[{"embeddable":true,"href":"https:\/\/www.europesays.com\/fr\/wp-json\/wp\/v2\/media\/468269"}],"wp:attachment":[{"href":"https:\/\/www.europesays.com\/fr\/wp-json\/wp\/v2\/media?parent=468268"}],"wp:term":[{"taxonomy":"category","embeddable":true,"href":"https:\/\/www.europesays.com\/fr\/wp-json\/wp\/v2\/categories?post=468268"},{"taxonomy":"post_tag","embeddable":true,"href":"https:\/\/www.europesays.com\/fr\/wp-json\/wp\/v2\/tags?post=468268"}],"curies":[{"name":"wp","href":"https:\/\/api.w.org\/{rel}","templated":true}]}}