{"id":468272,"date":"2025-10-16T20:32:22","date_gmt":"2025-10-16T20:32:22","guid":{"rendered":"https:\/\/www.europesays.com\/fr\/468272\/"},"modified":"2025-10-16T20:32:22","modified_gmt":"2025-10-16T20:32:22","slug":"3%e1%b5%89-edition-du-concours-les-pepites-de-lalternance-en-normandie","status":"publish","type":"post","link":"https:\/\/www.europesays.com\/fr\/468272\/","title":{"rendered":"3\u1d49 \u00e9dition du concours \u00ab Les P\u00e9pites de l\u2019alternance \u00bb en Normandie"},"content":{"rendered":"<p>\n                    Le MEDEF Normandie, en coproduction avec l\u2019Agence r\u00e9gionale de l\u2019Orientation et des M\u00e9tiers de Normandie et la CCI Normandie, organise la 3\u1d49 \u00e9dition du concours \u00ab Les P\u00e9pites de l\u2019alternance \u00bb.                <\/p>\n<p>Apr\u00e8s le succ\u00e8s des deux premi\u00e8res \u00e9ditions, le concours \u00ab Les P\u00e9pites de l\u2019alternance \u00bb revient en Normandie. Lors de sa deuxi\u00e8me \u00e9dition, le concours avait r\u00e9uni 56 entreprises candidates, 32 membres du jury et plus de 270 participants lors de la c\u00e9r\u00e9monie de remise des prix.<\/p>\n<p>Ce concours gratuit a pour vocation de mettre en lumi\u00e8re les organisations qui s\u2019engagent activement dans l\u2019alternance et de valoriser leurs bonnes pratiques en mati\u00e8re de politique d\u2019alternance, sourcing, recrutement, accompagnement des alternants et suivi post-formation. Il est ouvert \u00e0 toutes les organisations de Normandie disposant d\u2019au moins un \u00e9tablissement en Normandie, quel que soit leur secteur ou leur taille, d\u00e8s lors qu\u2019elles comptent au moins un contrat en alternance en cours.<\/p>\n<p>En participant, les organisations b\u00e9n\u00e9ficient d\u2019un barom\u00e8tre de l\u2019alternance qui leur permet de se situer par rapport aux autres candidats de leur cat\u00e9gorie et d\u2019identifier leurs points forts. Elles int\u00e8grent \u00e9galement le Cercle des P\u00e9pites, une communaut\u00e9 d\u2019\u00e9changes et de partage autour des enjeux de l\u2019alternance. Une c\u00e9r\u00e9monie de remise des troph\u00e9es des P\u00e9pites de l\u2019alternance permettra de mettre \u00e0 l\u2019honneur les entreprises laur\u00e9ates dans 5 cat\u00e9gories.<\/p>\n<p>Apr\u00e8s le succ\u00e8s des deux premi\u00e8res \u00e9ditions, cette nouvelle \u00e9dition permettra de valoriser les bonnes pratiques des candidats en mati\u00e8re d\u2019alternance, bien d\u00e9cid\u00e9s \u00e0 tenter de remporter l\u2019un des 5 troph\u00e9es mis en jeu, lors d\u2019une soir\u00e9e de remise des prix \u00e0 Caen en f\u00e9vrier 2026.<\/p>\n<p>Les inscriptions sont ouvertes jusqu\u2019au 28 novembre 2025 sur le site <a href=\"http:\/\/www.pepites-alternance-normandie.fr.\" target=\"_blank\" rel=\"noopener\">www.pepites-alternance-normandie.fr.<\/a><\/p>\n<p><strong>Qui peut candidater ?<\/strong><\/p>\n<p>Toutes les organisations disposant d\u2019au moins un \u00e9tablissement en Normandie, quelle que soit leur taille ou leur secteur d\u2019activit\u00e9, \u00e0 condition de compter au moins un contrat en alternance en cours dans la r\u00e9gion.<\/p>\n<p>\u00a0<\/p>\n<p>\u00a0<\/p>\n","protected":false},"excerpt":{"rendered":"Le MEDEF Normandie, en coproduction avec l\u2019Agence r\u00e9gionale de l\u2019Orientation et des M\u00e9tiers de Normandie et la CCI&hellip;\n","protected":false},"author":2,"featured_media":468273,"comment_status":"","ping_status":"","sticky":false,"template":"","format":"standard","meta":{"footnotes":""},"categories":[9587],"tags":[1111,11,5344,13085,1777,674,1011,27,59202,59203,12,5161,25,9590],"class_list":{"0":"post-468272","1":"post","2":"type-post","3":"status-publish","4":"format-standard","5":"has-post-thumbnail","7":"category-rouen","8":"tag-actu","9":"tag-actualites","10":"tag-alternance","11":"tag-cci-normandie","12":"tag-eu","13":"tag-europe","14":"tag-fr","15":"tag-france","16":"tag-les-pepites-de-lalternance","17":"tag-medef-normandie","18":"tag-news","19":"tag-normandie","20":"tag-republique-francaise","21":"tag-rouen"},"share_on_mastodon":{"url":"https:\/\/pubeurope.com\/@fr\/115385751657002370","error":""},"_links":{"self":[{"href":"https:\/\/www.europesays.com\/fr\/wp-json\/wp\/v2\/posts\/468272","targetHints":{"allow":["GET"]}}],"collection":[{"href":"https:\/\/www.europesays.com\/fr\/wp-json\/wp\/v2\/posts"}],"about":[{"href":"https:\/\/www.europesays.com\/fr\/wp-json\/wp\/v2\/types\/post"}],"author":[{"embeddable":true,"href":"https:\/\/www.europesays.com\/fr\/wp-json\/wp\/v2\/users\/2"}],"replies":[{"embeddable":true,"href":"https:\/\/www.europesays.com\/fr\/wp-json\/wp\/v2\/comments?post=468272"}],"version-history":[{"count":0,"href":"https:\/\/www.europesays.com\/fr\/wp-json\/wp\/v2\/posts\/468272\/revisions"}],"wp:featuredmedia":[{"embeddable":true,"href":"https:\/\/www.europesays.com\/fr\/wp-json\/wp\/v2\/media\/468273"}],"wp:attachment":[{"href":"https:\/\/www.europesays.com\/fr\/wp-json\/wp\/v2\/media?parent=468272"}],"wp:term":[{"taxonomy":"category","embeddable":true,"href":"https:\/\/www.europesays.com\/fr\/wp-json\/wp\/v2\/categories?post=468272"},{"taxonomy":"post_tag","embeddable":true,"href":"https:\/\/www.europesays.com\/fr\/wp-json\/wp\/v2\/tags?post=468272"}],"curies":[{"name":"wp","href":"https:\/\/api.w.org\/{rel}","templated":true}]}}