{"id":468283,"date":"2025-10-16T20:39:12","date_gmt":"2025-10-16T20:39:12","guid":{"rendered":"https:\/\/www.europesays.com\/fr\/468283\/"},"modified":"2025-10-16T20:39:12","modified_gmt":"2025-10-16T20:39:12","slug":"haut-rhin-quelques-perturbations-ferroviaires-entre-rouffach-et-herrlisheim-pres-colmar-a-la-suite-dune-intrusion-sur-les-voies","status":"publish","type":"post","link":"https:\/\/www.europesays.com\/fr\/468283\/","title":{"rendered":"Haut-Rhin. Quelques perturbations ferroviaires entre Rouffach et Herrlisheim-pr\u00e8s-Colmar \u00e0 la suite d\u2019une intrusion sur les voies"},"content":{"rendered":"<p>Le trafic ferroviaire s\u2019est retrouv\u00e9 perturb\u00e9, ce jeudi 16\u00a0octobre en d\u00e9but de soir\u00e9e, entre Strasbourg et Mulhouse, \u00ab\u00a0\u00e0 la suite d\u2019une intrusion sur une zone dangereuse\u00a0\u00bb, expliquait-on du c\u00f4t\u00e9 de la SNCF.<\/p>\n<p>Vers 18\u00a0h\u00a015, un individu a \u00e9t\u00e9 signal\u00e9 sur les voies, entre Rouffach et Herrlisheim-pr\u00e8s-Colmar. \u00ab\u00a0Par mesure de pr\u00e9caution\u00a0\u00bb, plusieurs trains ont \u00e9t\u00e9 ralentis dans un premier temps, puis contraint de s\u2019arr\u00eater. Les forces de l\u2019ordre ont d\u00fb intervenir. La gendarmerie a pris en charge l\u2019individu vers 18\u00a0h\u00a050. La situation a entra\u00een\u00e9 quelques retards et suppressions. Il y a donc eu \u00ab\u00a0quelques modifications\u00a0\u00bb, le trafic a repris son cours classique vers 19\u00a0h.<\/p>\n","protected":false},"excerpt":{"rendered":"Le trafic ferroviaire s\u2019est retrouv\u00e9 perturb\u00e9, ce jeudi 16\u00a0octobre en d\u00e9but de soir\u00e9e, entre Strasbourg et Mulhouse, \u00ab\u00a0\u00e0&hellip;\n","protected":false},"author":2,"featured_media":468284,"comment_status":"","ping_status":"","sticky":false,"template":"","format":"standard","meta":{"footnotes":""},"categories":[2820],"tags":[1111,11,2389,1777,674,274,107,1011,27,775,12,25,640,2803],"class_list":{"0":"post-468283","1":"post","2":"type-post","3":"status-publish","4":"format-standard","5":"has-post-thumbnail","7":"category-strasbourg","8":"tag-actu","9":"tag-actualites","10":"tag-alsace","11":"tag-eu","12":"tag-europe","13":"tag-faits-divers-justice","14":"tag-fil-info","15":"tag-fr","16":"tag-france","17":"tag-grand-est","18":"tag-news","19":"tag-republique-francaise","20":"tag-strasbourg","21":"tag-transport"},"share_on_mastodon":{"url":"https:\/\/pubeurope.com\/@fr\/115385779088239078","error":""},"_links":{"self":[{"href":"https:\/\/www.europesays.com\/fr\/wp-json\/wp\/v2\/posts\/468283","targetHints":{"allow":["GET"]}}],"collection":[{"href":"https:\/\/www.europesays.com\/fr\/wp-json\/wp\/v2\/posts"}],"about":[{"href":"https:\/\/www.europesays.com\/fr\/wp-json\/wp\/v2\/types\/post"}],"author":[{"embeddable":true,"href":"https:\/\/www.europesays.com\/fr\/wp-json\/wp\/v2\/users\/2"}],"replies":[{"embeddable":true,"href":"https:\/\/www.europesays.com\/fr\/wp-json\/wp\/v2\/comments?post=468283"}],"version-history":[{"count":0,"href":"https:\/\/www.europesays.com\/fr\/wp-json\/wp\/v2\/posts\/468283\/revisions"}],"wp:featuredmedia":[{"embeddable":true,"href":"https:\/\/www.europesays.com\/fr\/wp-json\/wp\/v2\/media\/468284"}],"wp:attachment":[{"href":"https:\/\/www.europesays.com\/fr\/wp-json\/wp\/v2\/media?parent=468283"}],"wp:term":[{"taxonomy":"category","embeddable":true,"href":"https:\/\/www.europesays.com\/fr\/wp-json\/wp\/v2\/categories?post=468283"},{"taxonomy":"post_tag","embeddable":true,"href":"https:\/\/www.europesays.com\/fr\/wp-json\/wp\/v2\/tags?post=468283"}],"curies":[{"name":"wp","href":"https:\/\/api.w.org\/{rel}","templated":true}]}}