{"id":468287,"date":"2025-10-16T20:41:16","date_gmt":"2025-10-16T20:41:16","guid":{"rendered":"https:\/\/www.europesays.com\/fr\/468287\/"},"modified":"2025-10-16T20:41:16","modified_gmt":"2025-10-16T20:41:16","slug":"nice-doublement-recompensee-a-grasse-lors-des-prix-de-la-fbtp-06","status":"publish","type":"post","link":"https:\/\/www.europesays.com\/fr\/468287\/","title":{"rendered":"Nice doublement r\u00e9compens\u00e9e \u00e0 Grasse lors des prix de la FBTP 06"},"content":{"rendered":"<p>                    <img loading=\"lazy\" decoding=\"async\" src=\"https:\/\/www.europesays.com\/fr\/wp-content\/uploads\/2025\/10\/1032b5b0cf3f7e8bf70518b9990794.jpg\" class=\"img-responsive post-image\" width=\"680\" height=\"510\" alt=\"Nice doublement r\u00e9compens\" title=\"Nice doublement r\u00e9compens\u00e9e \u00e0 Grasse lors des prix de la FBTP 06\"\/><\/p>\n<p>Christian Estrosi affichait un large sourire en cette matin\u00e9e du 9 octobre, \u00e0 l\u2019occasion du premier temps fort du 8e salon des maires des Alpes-Maritimes, apr\u00e8s avoir re\u00e7u deux prix des mains du pr\u00e9sident de la <a href=\"https:\/\/www.ffbatiment.fr\/organisation-ffb\/federations-departementales-chambres-syndicales\/alpes-maritimes\" class=\"chapo\" rel=\"external nofollow noopener\" target=\"_blank\">FBTP 06<\/a>, Patrick Moulard\u00a0: le premier en tant que maire de Nice pour un projet qui lui tient particuli\u00e8rement \u00e0 c\u0153ur, celui du prolongement de la \u00ab\u00a0Coul\u00e9e verte\u00a0\u00bb, et le second en tant que pr\u00e9sident de la m\u00e9tropole pour le centre des congr\u00e8s construit sur le port de Nice.<\/p>\n<p>Les deux autres prix ont \u00e9t\u00e9 remis \u00e0<strong> Maribay,<\/strong> soci\u00e9t\u00e9 titulaire d\u2019un contrat de d\u00e9l\u00e9gation de service public, pour le projet <a href=\"https:\/\/www.petitesaffiches.fr\/amenagement-du-territoire,107\/le-port-marina-baie-des-anges,36567.html\" rel=\"nofollow noopener\" target=\"_blank\">C\u0153ur Marina<\/a> au port de plaisance de Villeneuve-Loubet et \u00e0 <strong>Habitat 06<\/strong>, op\u00e9rateur immobilier du conseil d\u00e9partemental des Alpes-Maritimes, pour <a href=\"https:\/\/www.petitesaffiches.fr\/actualites,069\/economie,045\/valberg-lancement-de-saison,32546.html\" rel=\"nofollow noopener\" target=\"_blank\">C\u0153ur de station \u00e0 Valberg<\/a>.<\/p>\n<p>Il fallait tendre l\u2019oreille lors des discours des laur\u00e9ats tant l\u2019agitation \u00e9tait grande sur et autour du stand de la F\u00e9d\u00e9ration du b\u00e2timent et des travaux publics des Alpes-Maritimes, avec la pr\u00e9sence du pr\u00e9sident de la r\u00e9gion Sud <strong>Renaud Muselier, <\/strong> du d\u00e9partement <strong>Charles Ange Gin\u00e9sy <\/strong> et de nombreux maires et repr\u00e9sentants des entreprises ayant particip\u00e9 aux diff\u00e9rents chantiers. \u00ab\u00a0\u00a0Je n\u2019imaginais pas un jour, cher J\u00e9r\u00f4me, recevoir \u00e0 Grasse, un prix pour la ville de Nice et un prix pour la m\u00e9tropole Nice C\u00f4te d\u2019Azur\u00a0\u00a0\u00bb, a confi\u00e9 Christian Estrosi en s\u2019adressant au maire de Grasse, <strong>J\u00e9r\u00f4me Viaud.<\/strong> \u00ab\u00a0Je salue la technologie des entreprises des Alpes-Maritimes qui sont intervenues. Ce prix incarne l\u2019innovation des maires, qui savent aussi s\u2019appuyer sur le savoir-faire de nos entreprises les plus performantes\u00a0\u00bb, a-t-il ajout\u00e9. <br class=\"autobr\"\/><br \/>\nAu sujet de Valberg, Charles Ange Gin\u00e9sy a indiqu\u00e9 que des am\u00e9nagements \u00e9taient devenus indispensables car \u00ab\u00a0il  y a \u00e9norm\u00e9ment de monde qui vient dans cette station\u00a0\u00bb, \u00e9t\u00e9 comme hiver. Des am\u00e9nagements qui vont permettre \u00e0 la station \u00ab\u00a0de respirer\u00a0\u00bb. Gr\u00e2ce \u00e0 ce projet, il y a d\u00e9sormais \u00e0 Valberg plus de logements, plus de locaux d\u2019activit\u00e9 et plus de places de stationnement.<\/p>\n<p> <a href=\"https:\/\/www.europesays.com\/fr\/wp-content\/uploads\/2025\/10\/fbtp_1.jpg\" class=\"spip_doc_lien mediabox\" type=\"image\/jpeg\"><br \/>\n\t\t<img loading=\"lazy\" decoding=\"async\" src=\"https:\/\/www.europesays.com\/fr\/wp-content\/uploads\/2025\/10\/fbtp_1.jpg\" width=\"1024\" height=\"758\" alt=\"\"\/><\/a><\/p>\n<p>\u00a9SG<\/p>\n","protected":false},"excerpt":{"rendered":"Christian Estrosi affichait un large sourire en cette matin\u00e9e du 9 octobre, \u00e0 l\u2019occasion du premier temps fort&hellip;\n","protected":false},"author":2,"featured_media":468288,"comment_status":"","ping_status":"","sticky":false,"template":"","format":"standard","meta":{"footnotes":""},"categories":[2819],"tags":[1111,11,2408,1777,674,1011,27,12,2401,882,25],"class_list":{"0":"post-468287","1":"post","2":"type-post","3":"status-publish","4":"format-standard","5":"has-post-thumbnail","7":"category-nice","8":"tag-actu","9":"tag-actualites","10":"tag-appels-d","11":"tag-eu","12":"tag-europe","13":"tag-fr","14":"tag-france","15":"tag-news","16":"tag-nice","17":"tag-provence-alpes-cote-dazur","18":"tag-republique-francaise"},"share_on_mastodon":{"url":"https:\/\/pubeurope.com\/@fr\/115385787877562783","error":""},"_links":{"self":[{"href":"https:\/\/www.europesays.com\/fr\/wp-json\/wp\/v2\/posts\/468287","targetHints":{"allow":["GET"]}}],"collection":[{"href":"https:\/\/www.europesays.com\/fr\/wp-json\/wp\/v2\/posts"}],"about":[{"href":"https:\/\/www.europesays.com\/fr\/wp-json\/wp\/v2\/types\/post"}],"author":[{"embeddable":true,"href":"https:\/\/www.europesays.com\/fr\/wp-json\/wp\/v2\/users\/2"}],"replies":[{"embeddable":true,"href":"https:\/\/www.europesays.com\/fr\/wp-json\/wp\/v2\/comments?post=468287"}],"version-history":[{"count":0,"href":"https:\/\/www.europesays.com\/fr\/wp-json\/wp\/v2\/posts\/468287\/revisions"}],"wp:featuredmedia":[{"embeddable":true,"href":"https:\/\/www.europesays.com\/fr\/wp-json\/wp\/v2\/media\/468288"}],"wp:attachment":[{"href":"https:\/\/www.europesays.com\/fr\/wp-json\/wp\/v2\/media?parent=468287"}],"wp:term":[{"taxonomy":"category","embeddable":true,"href":"https:\/\/www.europesays.com\/fr\/wp-json\/wp\/v2\/categories?post=468287"},{"taxonomy":"post_tag","embeddable":true,"href":"https:\/\/www.europesays.com\/fr\/wp-json\/wp\/v2\/tags?post=468287"}],"curies":[{"name":"wp","href":"https:\/\/api.w.org\/{rel}","templated":true}]}}