{"id":468326,"date":"2025-10-16T21:03:21","date_gmt":"2025-10-16T21:03:21","guid":{"rendered":"https:\/\/www.europesays.com\/fr\/468326\/"},"modified":"2025-10-16T21:03:21","modified_gmt":"2025-10-16T21:03:21","slug":"le-nouveau-plan-ultra-restrictif-de-donald-trump-pour-limmigration-lexpress","status":"publish","type":"post","link":"https:\/\/www.europesays.com\/fr\/468326\/","title":{"rendered":"le nouveau plan ultra-restrictif de Donald Trump pour l\u2019immigration \u2013 L&rsquo;Express"},"content":{"rendered":"<p class=\"paragraph article-body-paragraph article__item   article-body-paragraph--first \">Apr\u00e8s plusieurs mois de raids muscl\u00e9s de la police de l\u2019immigration suivis <a href=\"https:\/\/www.lexpress.fr\/monde\/amerique\/deportation-depot-la-nouvelle-prison-pour-migrants-qui-fait-polemique-aux-etats-unis-DDX6UKFNSBGVVORIW524QELVB4\/\" target=\"_blank\" rel=\"noreferrer noopener\" title=\"https:\/\/www.lexpress.fr\/monde\/amerique\/deportation-depot-la-nouvelle-prison-pour-migrants-qui-fait-polemique-aux-etats-unis-DDX6UKFNSBGVVORIW524QELVB4\/\">d\u2019expulsions massives de migrants<\/a>, l\u2019administration Trump pr\u00e9pare la refonte de son syst\u00e8me d\u2019immigration. Et elle le veut tr\u00e8s restrictif et orient\u00e9.<\/p>\n<p class=\"paragraph article-body-paragraph article__item   \">La <a href=\"https:\/\/www.lexpress.fr\/monde\/amerique\/loffensive-anti-immigration-de-donald-trump-monte-encore-dun-cran-4X35D7GJXRDG5CIWWO26Z53FKI\/\" target=\"_blank\" rel=\"noreferrer noopener\" title=\"https:\/\/www.lexpress.fr\/monde\/amerique\/loffensive-anti-immigration-de-donald-trump-monte-encore-dun-cran-4X35D7GJXRDG5CIWWO26Z53FKI\/\">croisade de Donald Trump contre l\u2019immigration<\/a> n\u2019a rien de nouveau, puisqu\u2019il avait suspendu <a href=\"https:\/\/www.lexpress.fr\/monde\/amerique\/etats-unis-qui-sont-les-migrants-que-donald-trump-veut-renvoyer-chez-eux-WEH4Y5FQ3JDZPECLDRVDWRWPUI\/\" target=\"_blank\" rel=\"noreferrer noopener\" title=\"https:\/\/www.lexpress.fr\/monde\/amerique\/etats-unis-qui-sont-les-migrants-que-donald-trump-veut-renvoyer-chez-eux-WEH4Y5FQ3JDZPECLDRVDWRWPUI\/\">d\u00e8s le d\u00e9but de son mandat<\/a> le programme d\u2019accueil des r\u00e9fugi\u00e9s, pourtant historiquement soutenu par les d\u00e9mocrates comme les r\u00e9publicains. Celui-ci permet, apr\u00e8s de nombreux contr\u00f4les administratifs et des ann\u00e9es d\u2019attente, d\u2019entrer l\u00e9galement aux Etats-Unis. Le chef d&rsquo;Etat am\u00e9ricain avait ensuite demand\u00e9 \u00e0 son administration de formuler des propositions sur la poursuite de ce programme, qui ont \u00e9t\u00e9 rendues \u00e0 la Maison-Blanche en avril et juillet dernier et dont une partie a \u00e9t\u00e9 obtenue par la presse am\u00e9ricaine.<\/p>\n<p>Les blancs sud-africains prioritaires<\/p>\n<p class=\"paragraph article-body-paragraph article__item   \">Selon l\u2019agence <a href=\"https:\/\/apnews.com\/article\/trump-refugees-immigration-afrikaners-south-africa-04d8b794277c8380b041dda1e9725c83\" target=\"_blank\" rel=\"noreferrer noopener\" title=\"https:\/\/apnews.com\/article\/trump-refugees-immigration-afrikaners-south-africa-04d8b794277c8380b041dda1e9725c83\">Associated Press<\/a>, ces propositions pr\u00e9voient une diminution drastique du nombre de r\u00e9fugi\u00e9s accueillis sur le sol am\u00e9ricain pendant la prochaine ann\u00e9e fiscale, qui a d\u00e9but\u00e9 le 1er octobre. Le gouvernement veut ainsi accueillir 7 500 personnes en tout. En 2024, l\u2019administration Biden s\u2019\u00e9tait, elle, fix\u00e9 un objectif de 125 000 r\u00e9fugi\u00e9s. Ces chiffres n\u2019ont pas encore \u00e9t\u00e9 finalis\u00e9s ni transmis au Congr\u00e8s et ne devraient pas \u00eatre valid\u00e9s avant la fin du <a href=\"https:\/\/www.lexpress.fr\/monde\/amerique\/shutdown-les-etats-unis-commencent-a-ressentir-les-effets-de-la-paralysie-budgetaire-XKYLC7NBKVDEVPKZN33LFUGOXE\/\" target=\"_blank\" rel=\"noreferrer noopener\" title=\"https:\/\/www.lexpress.fr\/monde\/amerique\/shutdown-les-etats-unis-commencent-a-ressentir-les-effets-de-la-paralysie-budgetaire-XKYLC7NBKVDEVPKZN33LFUGOXE\/\">shutdown<\/a>, qui paralyse l\u2019administration am\u00e9ricaine.<\/p>\n<p><strong class=\"article-body-link-list__item text-gray-800 article-body-link-list__item--one-item\">LIRE AUSSI : <a class=\"article-body-link-list__item-link\" href=\"https:\/\/www.lexpress.fr\/monde\/amerique\/ils-veulent-intimider-les-gens-les-inquietantes-derives-de-lice-la-police-de-limmigration-de-donald-GUDFRQZMWBBIVECCGHTUJD7T5U\/\" target=\"_blank\" rel=\"noopener\">\u00ab\u00a0Ils veulent intimider les gens\u00a0\u00bb : les inqui\u00e9tantes d\u00e9rives de l&rsquo;ICE, la police de l\u2019immigration de Donald Trump<\/a><\/strong><\/p>\n<p class=\"paragraph article-body-paragraph article__item   \">Une chose est s\u00fbre, cependant : <a href=\"https:\/\/www.lexpress.fr\/monde\/amerique\/chicago-est-elle-vraiment-la-ville-la-plus-dangereuse-du-monde-comme-laffirme-donald-trump-M3BBHZA7IRFG5FT227MNSL3JXY\/?auth=ae278ba510\" target=\"_blank\" rel=\"noreferrer noopener\" title=\"https:\/\/www.lexpress.fr\/monde\/amerique\/chicago-est-elle-vraiment-la-ville-la-plus-dangereuse-du-monde-comme-laffirme-donald-trump-M3BBHZA7IRFG5FT227MNSL3JXY\/?auth=ae278ba510\">Donald Trump<\/a> veut privil\u00e9gier l\u2019accueil des Afrikaners, les descendants des premiers colons europ\u00e9ens en <a href=\"https:\/\/www.lexpress.fr\/economie\/high-tech\/genocide-anti-blancs-en-afrique-du-sud-shoah-les-inquietantes-erreurs-de-grok-lia-delon-musk-7O6NZX4UOZFXPNZ6A6FK2CWCG4\/\" target=\"_blank\" rel=\"noreferrer noopener\" title=\"https:\/\/www.lexpress.fr\/economie\/high-tech\/genocide-anti-blancs-en-afrique-du-sud-shoah-les-inquietantes-erreurs-de-grok-lia-delon-musk-7O6NZX4UOZFXPNZ6A6FK2CWCG4\/\">Afrique du Sud<\/a>. D\u00e8s le mois de f\u00e9vrier, le pr\u00e9sident am\u00e9ricain avait annonc\u00e9 un nouveau programme d\u2019accueil de cette minorit\u00e9 blanche, dont \u00e9taient issus les dirigeants du r\u00e9gime s\u00e9gr\u00e9gationniste de l\u2019apartheid. Cette derni\u00e8re serait victime selon Trump <a href=\"https:\/\/www.lexpress.fr\/monde\/tete-a-tete-trump-ramaphosa-sous-haute-tension-BQOZ6ZZRL5DZFG26A23BLAID5M\/\" target=\"_blank\" rel=\"noreferrer noopener\" title=\"https:\/\/www.lexpress.fr\/monde\/tete-a-tete-trump-ramaphosa-sous-haute-tension-BQOZ6ZZRL5DZFG26A23BLAID5M\/\">de pers\u00e9cution raciale<\/a>, ce que l\u2019administration sud-africaine d\u00e9ment. Cela n&rsquo;a pas emp\u00each\u00e9 les Etats-Unis d&rsquo;accueillir un groupe de 49 personnes, arriv\u00e9 en mai par un vol sp\u00e9cial.<\/p>\n<p>Accueillir des r\u00e9fugi\u00e9s europ\u00e9ens \u00ab\u00a0pris pour cible\u00a0\u00bb pour leurs id\u00e9es<\/p>\n<p class=\"paragraph article-body-paragraph article__item   \">Un autre volet du plan de l\u2019administration am\u00e9ricaine consiste, selon des documents consult\u00e9s par le <a href=\"https:\/\/www.nytimes.com\/2025\/10\/15\/us\/politics\/trump-refugee-white-people.html\" target=\"_blank\" rel=\"noreferrer noopener\" title=\"https:\/\/www.nytimes.com\/2025\/10\/15\/us\/politics\/trump-refugee-white-people.html\">New York Times<\/a>, \u00e0 cibler des Europ\u00e9ens \u00ab\u00a0pris pour cible en raison de l\u2019expression pacifique d\u2019opinions en ligne, telles que l\u2019opposition \u00e0 l\u2019immigration de masse ou le soutien \u00e0 des partis politiques &lsquo;populistes'\u00a0\u00bb. Selon le quotidien am\u00e9ricain, cela semble faire r\u00e9f\u00e9rence au parti d\u2019extr\u00eame droite allemand Alternative f\u00fcr Deutschland (AfD). Plus t\u00f4t cette ann\u00e9e, le vice-pr\u00e9sident am\u00e9ricain J.D. Vance avait \u00e2prement critiqu\u00e9 le \u00ab\u00a0cordon sanitaire\u00a0\u00bb entourant ce parti en Allemagne et <a href=\"https:\/\/www.lexpress.fr\/monde\/europe\/faut-il-interdire-lafd-cette-decision-du-renseignement-allemand-pourrait-relancer-le-debat-ETJWRRJSLZE6VBQQRNDL6HFX4I\/\" target=\"_blank\" rel=\"noreferrer noopener\" title=\"https:\/\/www.lexpress.fr\/monde\/europe\/faut-il-interdire-lafd-cette-decision-du-renseignement-allemand-pourrait-relancer-le-debat-ETJWRRJSLZE6VBQQRNDL6HFX4I\/\">son classement comme \u00ab\u00a0extr\u00e9miste de droite\u00a0\u00bb<\/a> par les services de renseignements allemands.<\/p>\n<p><strong class=\"article-body-link-list__item text-gray-800 article-body-link-list__item--one-item\">LIRE AUSSI : <a class=\"article-body-link-list__item-link\" href=\"https:\/\/www.lexpress.fr\/idees-et-debats\/max-boot-biographe-de-reagan-donald-trump-propose-une-vision-sombre-et-dystopique-de-lamerique-C26OK35A3BFMFGRWSYVE7HP7RU\/\" target=\"_blank\" rel=\"noopener\">Max Boot, biographe de Reagan : \u00ab\u00a0Donald Trump propose une vision sombre et dystopique de l\u2019Am\u00e9rique\u00a0\u00bb<\/a><\/strong><\/p>\n<p class=\"paragraph article-body-paragraph article__item   \">L\u2019administration Trump est actuellement en train d\u2019\u00e9valuer la situation en Europe pour d\u00e9terminer le nombre d&rsquo;Europ\u00e9ens \u00e9ligibles. Les personnes choisies devront par ailleurs \u00eatre capables de s\u2019int\u00e9grer aux Etats-Unis. Elle prendraient donc des cours sur \u00ab\u00a0l\u2019Histoire et les valeurs am\u00e9ricaines\u00a0\u00bb et le \u00ab\u00a0respect des normes culturelles\u00a0\u00bb. Selon les documents consult\u00e9s par le journal, l\u2019administration ne voudrait accueillir que des r\u00e9fugi\u00e9s \u00ab\u00a0qui peuvent s\u2019assimiler compl\u00e8tement et correctement et qui sont align\u00e9s avec les objectifs du pr\u00e9sident\u00a0\u00bb. Ainsi, les propositions pr\u00e9voient d\u2019annuler la candidature de centaines de milliers de personnes d\u00e9j\u00e0 engag\u00e9es dans les proc\u00e9dures pour demander le <a href=\"https:\/\/www.lexpress.fr\/monde\/amerique\/expulsions-dimmigres-aux-etats-unis-lessor-discret-dun-marche-tres-lucratif-A5DDFPUV6JABVJLQACB7QBUELE\/\" target=\"_blank\" rel=\"noreferrer noopener\" title=\"https:\/\/www.lexpress.fr\/monde\/amerique\/expulsions-dimmigres-aux-etats-unis-lessor-discret-dun-marche-tres-lucratif-A5DDFPUV6JABVJLQACB7QBUELE\/\">statut de r\u00e9fugi\u00e9<\/a> aux Etats-Unis, dont certaines ont d\u00e9j\u00e0 pass\u00e9 les contr\u00f4les de s\u00e9curit\u00e9 et obtenu les recommandations n\u00e9cessaires. Lorsqu&rsquo;on les met en perspective, ces mesures donnent un aper\u00e7u d\u2019un programme \u00ab\u00a0qui symbolise les Etats-Unis comme un sanctuaire\u00a0\u00bb, analyse le NYT. Le quotidien n\u2019a pas eu connaissance d\u2019une date butoir quant \u00e0 l\u2019approbation ou non de ces propositions.<\/p>\n<p class=\"paragraph article-body-paragraph article__item    article__text__endpicto\">Quelques semaines avant la publication des plans de l\u2019administration Trump sur les r\u00e9fugi\u00e9s, celle-ci avait d\u00e9fendu son approche \u00e0 l\u2019Assembl\u00e9e g\u00e9n\u00e9rale des Nations Unies. Le sous-secr\u00e9taire d\u2019Etat am\u00e9ricain, Christopher Landau, avait appel\u00e9 fin septembre \u00e0 revoir le syst\u00e8me d\u2019asile international, coordonn\u00e9 par l&rsquo;ONU et r\u00e9gi par le droit international. Selon <a href=\"https:\/\/edition.cnn.com\/2025\/09\/25\/politics\/trump-administration-says-global-asylum-system-broken\" target=\"_blank\" rel=\"noreferrer noopener\" title=\"https:\/\/edition.cnn.com\/2025\/09\/25\/politics\/trump-administration-says-global-asylum-system-broken\">CNN<\/a> et <a href=\"https:\/\/www.reuters.com\/world\/us\/trump-administration-urges-other-nations-join-its-push-restrict-asylum-rights-2025-09-25\/?utm_source=chatgpt.com\" target=\"_blank\" rel=\"noreferrer noopener\" title=\"https:\/\/www.reuters.com\/world\/us\/trump-administration-urges-other-nations-join-its-push-restrict-asylum-rights-2025-09-25\/?utm_source=chatgpt.com\">Reuters<\/a>, les Etats-Unis avaient appel\u00e9 \u00e0 davantage de \u00ab\u00a0souverainet\u00e9\u00a0\u00bb pour les Etats dans le choix de leur politique d\u2019asile et enjoint les autres pays du monde \u00e0 les suivre dans leur politique de restriction de l\u2019immigration. Le dernier document obtenu par le New York Times veut justement donner davantage de pouvoir aux Etats-Unis par rapport \u00e0 l&rsquo;ONU sur le processus de demande d\u2019asile.<\/p>\n","protected":false},"excerpt":{"rendered":"Apr\u00e8s plusieurs mois de raids muscl\u00e9s de la police de l\u2019immigration suivis d\u2019expulsions massives de migrants, l\u2019administration Trump&hellip;\n","protected":false},"author":2,"featured_media":468327,"comment_status":"","ping_status":"","sticky":false,"template":"","format":"standard","meta":{"footnotes":""},"categories":[1589],"tags":[11,782,73,1866,74,12,1864,1865,1863,308],"class_list":{"0":"post-468326","1":"post","2":"type-post","3":"status-publish","4":"format-standard","5":"has-post-thumbnail","7":"category-etats-unis","8":"tag-actualites","9":"tag-ameriques","10":"tag-etats-unis","11":"tag-etats-unis-damerique","12":"tag-monde","13":"tag-news","14":"tag-united-states","15":"tag-united-states-of-america","16":"tag-us","17":"tag-usa"},"share_on_mastodon":{"url":"https:\/\/pubeurope.com\/@fr\/115385873678318410","error":""},"_links":{"self":[{"href":"https:\/\/www.europesays.com\/fr\/wp-json\/wp\/v2\/posts\/468326","targetHints":{"allow":["GET"]}}],"collection":[{"href":"https:\/\/www.europesays.com\/fr\/wp-json\/wp\/v2\/posts"}],"about":[{"href":"https:\/\/www.europesays.com\/fr\/wp-json\/wp\/v2\/types\/post"}],"author":[{"embeddable":true,"href":"https:\/\/www.europesays.com\/fr\/wp-json\/wp\/v2\/users\/2"}],"replies":[{"embeddable":true,"href":"https:\/\/www.europesays.com\/fr\/wp-json\/wp\/v2\/comments?post=468326"}],"version-history":[{"count":0,"href":"https:\/\/www.europesays.com\/fr\/wp-json\/wp\/v2\/posts\/468326\/revisions"}],"wp:featuredmedia":[{"embeddable":true,"href":"https:\/\/www.europesays.com\/fr\/wp-json\/wp\/v2\/media\/468327"}],"wp:attachment":[{"href":"https:\/\/www.europesays.com\/fr\/wp-json\/wp\/v2\/media?parent=468326"}],"wp:term":[{"taxonomy":"category","embeddable":true,"href":"https:\/\/www.europesays.com\/fr\/wp-json\/wp\/v2\/categories?post=468326"},{"taxonomy":"post_tag","embeddable":true,"href":"https:\/\/www.europesays.com\/fr\/wp-json\/wp\/v2\/tags?post=468326"}],"curies":[{"name":"wp","href":"https:\/\/api.w.org\/{rel}","templated":true}]}}