{"id":468334,"date":"2025-10-16T21:07:17","date_gmt":"2025-10-16T21:07:17","guid":{"rendered":"https:\/\/www.europesays.com\/fr\/468334\/"},"modified":"2025-10-16T21:07:17","modified_gmt":"2025-10-16T21:07:17","slug":"des-lyceens-dabbeville-decouvrent-lorgue-et-les-clavecins-de-eu","status":"publish","type":"post","link":"https:\/\/www.europesays.com\/fr\/468334\/","title":{"rendered":"Des lyc\u00e9ens d&rsquo;Abbeville d\u00e9couvrent l&rsquo;orgue et les clavecins de Eu"},"content":{"rendered":"<p>            Par<br \/>\n        <strong><br \/>\n            <a href=\"https:\/\/actu.fr\/auteur\/jerome-buresi\" title=\"Consulter tous les articles de J\u00e9r\u00f4me Buresi\" target=\"_blank\" rel=\"noopener\">J\u00e9r\u00f4me Buresi<\/a><br \/>\n        <\/strong><\/p>\n<p>        Publi\u00e9 le<\/p>\n<p>            16 oct. 2025 \u00e0 20h40        <\/p>\n<p>La d\u00e9couverte des <b>claviers anciens<\/b>\u2026 C\u2019\u00e9tait le th\u00e8me d\u2019une visite de la ville d\u2019<a href=\"https:\/\/actu.fr\/normandie\/eu_76255\" target=\"_blank\" rel=\"noopener\">Eu<\/a>, en Seine-Maritime, propos\u00e9e \u00e0 des \u00e9l\u00e8ves du lyc\u00e9e Boucher de Perthes d\u2019<a href=\"https:\/\/actu.fr\/hauts-de-france\/abbeville_80001\" target=\"_blank\" rel=\"noopener\">Abbeville<\/a>, dans la Somme.<\/p>\n<p class=\" wall-content\">Scind\u00e9s en deux groupes, les \u00e9l\u00e8ves ont d\u00e9couvert <b>l\u2019orgue de la coll\u00e9giale <\/b>et <b>l\u2019atelier de clavecin<\/b> de <b>Jean-Pierre Menuge<\/b>.<\/p>\n<p class=\" wall-content\">Celui-ci explique : \u00ab C\u2019est une rencontre avec leur professeur d\u2019\u00c9ducation Musicale qui est \u00e0 l\u2019origine de cette action \u00bb.\u00a0Il ajoute : \u00ab J\u2019ouvre r\u00e9guli\u00e8rement mon atelier aux visites, en particulier \u00e0 l\u2019occasion des Journ\u00e9es des M\u00e9tiers d\u2019Art. R\u00e9cemment, j\u2019ai accueilli des jeunes de l\u2019Institut m\u00e9dico-\u00e9ducatif d\u2019Abbeville, mais aussi des membres du Rotary Club de Eu \u00bb.<\/p>\n<p class=\" wall-content\">Pour cette journ\u00e9e, Jean-Pierre Menuge a pu \u00e9galement compter sur la participation de l\u2019organiste S\u00e9bastien Vial.<\/p>\n<p class=\" wall-content\">L\u2019orgue de la coll\u00e9giale est dat\u00e9 de 1614. Il a \u00e9t\u00e9 r\u00e9alis\u00e9 par Louys Isor\u00e9 puis restaur\u00e9 au XIXe\u00a0si\u00e8cle, par la prestigieuse maison Cavaill\u00e9-Coll.<\/p>\n<p>Vid\u00e9os : en ce moment sur ActuEnviron 1 000\u00a0heures de travail<br \/>\n    <img   decoding=\"async\" loading=\"lazy\" class=\"size-large\" src=\"https:\/\/www.europesays.com\/fr\/wp-content\/uploads\/2025\/10\/54b69302cce8633c69302cce8d6e69v-960x640.jpeg\" alt=\"Une visite de l'atelier de fabrication des clavecins.\" width=\"960\" height=\"640\"\/><br \/>\n    Une visite de l\u2019atelier de fabrication des clavecins. \u00a9Photo fournie par les organisateurs.<\/p>\n<p class=\" wall-content\">Musicien sp\u00e9cialiste de <b>musique baroque<\/b>, Jean-Pierre Menuge s\u2019int\u00e9resse tr\u00e8s jeune \u00e0 la facture de clavecin. \u00c0 17\u00a0ans, avec l\u2019aide de son p\u00e8re, il construit un premier instrument, qui sera suivi d\u2019une dizaine d\u2019autres. Il a pu pr\u00e9senter aux \u00e9l\u00e8ves sa derni\u00e8re r\u00e9alisation : une copie d\u2019un instrument du facteur flamand <b>Ruckers<\/b> de 1634, conserv\u00e9 \u00e0 \u00c9dimbourg. \u00ab Ce n\u2019est pas une fabrication en continu, mais il faut compter environ 1 000\u00a0heures de travail pour une telle r\u00e9alisation \u00bb.<\/p>\n<p>Votre r\u00e9gion, votre actu !<\/p>\n<p>Recevez chaque jour les infos qui comptent pour vous.<\/p>\n<p>\t<a href=\"https:\/\/actu.fr\/newsletter\" class=\"ac-btn ac-btn--corner ac-btn--medium ac-btn--blue800\" target=\"_blank\" rel=\"noopener\">S&rsquo;incrire<\/a><\/p>\n<p class=\" wall-content\">Les lyc\u00e9ens ont pu admirer les instruments finis, mais aussi visiter l\u2019atelier et d\u00e9couvrir les diff\u00e9rents outils. La visite s\u2019est achev\u00e9e par un pique-nique.<\/p>\n<p class=\" wall-content\">Personnalisez votre actualit\u00e9 en ajoutant vos villes et m\u00e9dias en favori avec <a href=\"https:\/\/moncompte.actu.fr\" title=\"D\u00e9couvez Mon Actu\" rel=\"nofollow noopener\" data-trk=\"{&quot;cta&quot;:{&quot;action&quot;:&quot;https:\\\/\\\/moncompte.actu.fr&quot;,&quot;category&quot;:&quot;mon compte&quot;,&quot;from&quot;:&quot;article footer&quot;,&quot;name&quot;:&quot;Mon actu&quot;,&quot;type&quot;:&quot;cta&quot;}}\" target=\"_blank\">Mon Actu<\/a>.<\/p>\n","protected":false},"excerpt":{"rendered":"Par J\u00e9r\u00f4me Buresi Publi\u00e9 le 16 oct. 2025 \u00e0 20h40 La d\u00e9couverte des claviers anciens\u2026 C\u2019\u00e9tait le th\u00e8me&hellip;\n","protected":false},"author":2,"featured_media":468335,"comment_status":"","ping_status":"","sticky":false,"template":"","format":"standard","meta":{"footnotes":""},"categories":[1586],"tags":[11,1057,1777,674,1779,1011,27,873,12,25,104,1778,364,3587],"class_list":{"0":"post-468334","1":"post","2":"type-post","3":"status-publish","4":"format-standard","5":"has-post-thumbnail","7":"category-europe","8":"tag-actualites","9":"tag-education","10":"tag-eu","11":"tag-europe","12":"tag-european-union","13":"tag-fr","14":"tag-france","15":"tag-musique","16":"tag-news","17":"tag-republique-francaise","18":"tag-societe","19":"tag-ue","20":"tag-union-europeenne","21":"tag-villes-soeurs"},"share_on_mastodon":{"url":"https:\/\/pubeurope.com\/@fr\/115385889834249604","error":""},"_links":{"self":[{"href":"https:\/\/www.europesays.com\/fr\/wp-json\/wp\/v2\/posts\/468334","targetHints":{"allow":["GET"]}}],"collection":[{"href":"https:\/\/www.europesays.com\/fr\/wp-json\/wp\/v2\/posts"}],"about":[{"href":"https:\/\/www.europesays.com\/fr\/wp-json\/wp\/v2\/types\/post"}],"author":[{"embeddable":true,"href":"https:\/\/www.europesays.com\/fr\/wp-json\/wp\/v2\/users\/2"}],"replies":[{"embeddable":true,"href":"https:\/\/www.europesays.com\/fr\/wp-json\/wp\/v2\/comments?post=468334"}],"version-history":[{"count":0,"href":"https:\/\/www.europesays.com\/fr\/wp-json\/wp\/v2\/posts\/468334\/revisions"}],"wp:featuredmedia":[{"embeddable":true,"href":"https:\/\/www.europesays.com\/fr\/wp-json\/wp\/v2\/media\/468335"}],"wp:attachment":[{"href":"https:\/\/www.europesays.com\/fr\/wp-json\/wp\/v2\/media?parent=468334"}],"wp:term":[{"taxonomy":"category","embeddable":true,"href":"https:\/\/www.europesays.com\/fr\/wp-json\/wp\/v2\/categories?post=468334"},{"taxonomy":"post_tag","embeddable":true,"href":"https:\/\/www.europesays.com\/fr\/wp-json\/wp\/v2\/tags?post=468334"}],"curies":[{"name":"wp","href":"https:\/\/api.w.org\/{rel}","templated":true}]}}