{"id":468338,"date":"2025-10-16T21:09:15","date_gmt":"2025-10-16T21:09:15","guid":{"rendered":"https:\/\/www.europesays.com\/fr\/468338\/"},"modified":"2025-10-16T21:09:15","modified_gmt":"2025-10-16T21:09:15","slug":"vaucluse-deux-corps-de-nouveau-nes-en-etat-de-decomposition-avancee-decouverts-deux-personnes-en-garde-a-vue","status":"publish","type":"post","link":"https:\/\/www.europesays.com\/fr\/468338\/","title":{"rendered":"Vaucluse. Deux corps de nouveau-n\u00e9s en \u00e9tat de d\u00e9composition avanc\u00e9e d\u00e9couverts, deux personnes en garde \u00e0 vue"},"content":{"rendered":"<p>\u00c0 la suite d\u2019une disparition inqui\u00e9tante de deux nouveau-n\u00e9s sur la commune de Vaison-la-Romaine, les gendarmes de la brigade de recherches de Carpentras ont plac\u00e9 ce mercredi 15 octobre, deux jeunes femmes \u00e2g\u00e9es de 19 et 20 ans en garde \u00e0 vue, dont la m\u00e8re pr\u00e9sum\u00e9e des enfants. Lors de la perquisition au domicile de la m\u00e8re de famille, ils d\u00e9couvraient deux nouveau-n\u00e9s en \u00e9tat de d\u00e9composition avanc\u00e9e. \u00a0<\/p>\n<p>Une enqu\u00eate a imm\u00e9diatement \u00e9t\u00e9 ouverte \u00ab\u00a0des chefs de meurtre sur mineur de quinze ans, et de recel de cadavre, modification de l&rsquo;\u00e9tat des lieux d&rsquo;un crime ou d&rsquo;un d\u00e9lit pour faire obstacle \u00e0 la manifestation de la v\u00e9rit\u00e9, soustraction, par un parent n&rsquo;ayant pas d\u00e9clar\u00e9 la naissance de son enfant, \u00e0 ses obligations l\u00e9gales compromettant la sant\u00e9, la s\u00e9curit\u00e9, la moralit\u00e9 ou l&rsquo;\u00e9ducation de l&rsquo;enfant, non d\u00e9claration dans les d\u00e9lais de la naissance d&rsquo;un enfant par le t\u00e9moin d&rsquo;un accouchement, \u00e0 l\u2019issue des premi\u00e8res investigations\u00a0\u00bb d\u00e9clare le parquet de Carpentras.<\/p>\n<p>Une autopsie des deux corps est en cours. Face \u00e0 la qualification criminelle des faits, l\u2019affaire pourrait \u00eatre confi\u00e9e au p\u00f4le de l\u2019instruction du tribunal judiciaire d\u2019Avignon. Dans la rue paisible o\u00f9 se sont d\u00e9roul\u00e9s les faits, c\u2019est la stupeur. Un scell\u00e9 a \u00e9t\u00e9 install\u00e9 \u00e0 l\u2019entr\u00e9e de la demeure.<\/p>\n","protected":false},"excerpt":{"rendered":"\u00c0 la suite d\u2019une disparition inqui\u00e9tante de deux nouveau-n\u00e9s sur la commune de Vaison-la-Romaine, les gendarmes de la&hellip;\n","protected":false},"author":2,"featured_media":468339,"comment_status":"","ping_status":"","sticky":false,"template":"","format":"standard","meta":{"footnotes":""},"categories":[2],"tags":[11,3859,274,107,1011,27,329,12,25,273,16201,4520],"class_list":{"0":"post-468338","1":"post","2":"type-post","3":"status-publish","4":"format-standard","5":"has-post-thumbnail","7":"category-actualites","8":"tag-actualites","9":"tag-edition-provencale","10":"tag-faits-divers-justice","11":"tag-fil-info","12":"tag-fr","13":"tag-france","14":"tag-france-monde","15":"tag-news","16":"tag-republique-francaise","17":"tag-selection-de-la-redaction","18":"tag-vaison-la-romaine","19":"tag-vaucluse"},"share_on_mastodon":{"url":"https:\/\/pubeurope.com\/@fr\/115385897122066746","error":""},"_links":{"self":[{"href":"https:\/\/www.europesays.com\/fr\/wp-json\/wp\/v2\/posts\/468338","targetHints":{"allow":["GET"]}}],"collection":[{"href":"https:\/\/www.europesays.com\/fr\/wp-json\/wp\/v2\/posts"}],"about":[{"href":"https:\/\/www.europesays.com\/fr\/wp-json\/wp\/v2\/types\/post"}],"author":[{"embeddable":true,"href":"https:\/\/www.europesays.com\/fr\/wp-json\/wp\/v2\/users\/2"}],"replies":[{"embeddable":true,"href":"https:\/\/www.europesays.com\/fr\/wp-json\/wp\/v2\/comments?post=468338"}],"version-history":[{"count":0,"href":"https:\/\/www.europesays.com\/fr\/wp-json\/wp\/v2\/posts\/468338\/revisions"}],"wp:featuredmedia":[{"embeddable":true,"href":"https:\/\/www.europesays.com\/fr\/wp-json\/wp\/v2\/media\/468339"}],"wp:attachment":[{"href":"https:\/\/www.europesays.com\/fr\/wp-json\/wp\/v2\/media?parent=468338"}],"wp:term":[{"taxonomy":"category","embeddable":true,"href":"https:\/\/www.europesays.com\/fr\/wp-json\/wp\/v2\/categories?post=468338"},{"taxonomy":"post_tag","embeddable":true,"href":"https:\/\/www.europesays.com\/fr\/wp-json\/wp\/v2\/tags?post=468338"}],"curies":[{"name":"wp","href":"https:\/\/api.w.org\/{rel}","templated":true}]}}