{"id":468342,"date":"2025-10-16T21:11:28","date_gmt":"2025-10-16T21:11:28","guid":{"rendered":"https:\/\/www.europesays.com\/fr\/468342\/"},"modified":"2025-10-16T21:11:28","modified_gmt":"2025-10-16T21:11:28","slug":"trop-court-malgre-un-beau-final-jeremy-gandon-reste-pour-le-moment-sur-le-korn-ferry-tour","status":"publish","type":"post","link":"https:\/\/www.europesays.com\/fr\/468342\/","title":{"rendered":"Trop court malgr\u00e9 un beau final, J\u00e9r\u00e9my Gandon reste (pour le moment) sur le Korn Ferry Tour"},"content":{"rendered":"<p>\t\t\t\t\t\t<img width=\"770\" height=\"556\" src=\"https:\/\/www.europesays.com\/fr\/wp-content\/uploads\/2025\/10\/afp__20251011__2240339259__v1__highres__kornferrytourchampionshippresentedbyunitedle-770x556.jpg\" class=\"img-responsive wp-post-image\" alt=\"\" decoding=\"async\" fetchpriority=\"high\"  \/>\t\t\t\t\t<\/p>\n<p>\t\t\t\t\t\t Partager cet article <\/p>\n<p class=\"screen-reader-text juiz_sps_maybe_hidden_text\">Partager la publication \u00ab\u00a0Trop court malgr\u00e9 un beau final, J\u00e9r\u00e9my Gandon reste (pour le moment) sur le Korn Ferry Tour\u00a0\u00bb<\/p>\n<p><strong>Malgr\u00e9 une nouvelle belle journ\u00e9e, J\u00e9r\u00e9my Gandon n\u2019a pas r\u00e9ussi \u00e0 terminer dans le top 5 qui lui aurait assur\u00e9 une place sur le PGA Tour en 2026.<\/strong><\/p>\n<p>\t\t\t\t\t<a id=\"186378\" href=\"https:\/\/www.garmin.com\/fr-FR\/c\/sports-fitness\/golf-gps-devices-smartwatches\/\" target=\"_blank\" rel=\"sponsorised nofollow noopener\"><img decoding=\"async\" src=\"data:image\/svg+xml,%3Csvg%20xmlns=\" http:=\"\" class=\"img-responsive\" alt=\"\" data-lazy-src=\"https:\/\/www.europesays.com\/fr\/wp-content\/uploads\/2025\/06\/garmin-e01-serie-approach-1170x275-1.jpeg\"\/><\/a><\/p>\n<p>Avec six coups de retard sur son objectif, la mission s\u2019annon\u00e7ait compliqu\u00e9e pour <strong>J\u00e9r\u00e9my Gandon<\/strong>. Le Fran\u00e7ais s\u2019est tout de m\u00eame rapidement donn\u00e9 une chance avec un birdie d\u00e8s le 1, suivi de deux autres au 4 et au 7. Son unique bogey du 8 a rapidement \u00e9t\u00e9 effac\u00e9 par un quatri\u00e8me birdie au 10. Malheureusement, celui qui vit \u00e0 Dallas n\u2019a pas r\u00e9ussi \u00e0 poursuivre sa remont\u00e9e, encha\u00eenant huit pars pour finir.<\/p>\n<p>Avec son 69 (-3), le joueur de 28 ans s\u2019est class\u00e9 12e de l\u2019\u00e9preuve disput\u00e9e au <strong>French Lick Resort<\/strong>. Il lui fallait un top 5 pour retrouver une place dans le top 20 du g\u00e9n\u00e9ral. C\u2019est plut\u00f4t durant les deux premiers tours que le Tricolore a perdu du terrain, avec des cartes de 74 (+2) et 72 (par).<\/p>\n<p>Si proche \u2026<\/p>\n<p>Au final, <strong>J\u00e9r\u00e9my Gandon<\/strong> a pris la 22e place de l\u2019ordre du m\u00e9rite, \u00e0 une cinquantaine de points du 20e. Dans cette saison marqu\u00e9e par une victoire en d\u00e9but d\u2019ann\u00e9e alors qu\u2019il n\u2019avait plus vraiment de cat\u00e9gorie, il lui a manqu\u00e9 un top 10 pour monter sur le <strong>PGA Tour<\/strong>.<\/p>\n<p>En 24 tournois cette ann\u00e9e sur le <strong>Korn Ferry Tour<\/strong>, l\u2019ancien repr\u00e9sentant de la <strong>Kansas State University<\/strong> a pass\u00e9 17 fois le cut, signant deux tops 10 en plus de sa victoire au <strong>Club Car Championship<\/strong>.<\/p>\n<p>Une mont\u00e9e via les cartes ?<\/p>\n<p>Il reste cependant au Francais une chance de monter dans l\u2019\u00e9lite : il devra pour ce faire briller \u00e0 la finale des cartes en fin d\u2019ann\u00e9e.<\/p>\n<p>Une \u00e9preuve o\u00f9, gr\u00e2ce \u00e0 son classement final (entre 21e et 50e), il s\u2019est directement qualifi\u00e9 pour la derni\u00e8re phase.<\/p>\n<p>Celle-ci aura lieu du 11 au 14 d\u00e9cembre au TPC Sawgrass\u2019 Valley Course et au Sawgrass Country Club de Ponte Vedra Beach, en Floride.<\/p>\n<p>Les cinq premiers et les ex-aequo obtiendront une droit de jeu sur le PGA TOUR.<\/p>\n<p>\t\t\t\t\t<a id=\"184458\" href=\"https:\/\/www.lacoste.com\/fr\/lacoste\/decouvrez\/sport-collections\/golf\/\" target=\"_blank\" rel=\"sponsorised nofollow noopener\"><img decoding=\"async\" src=\"data:image\/svg+xml,%3Csvg%20xmlns=\" http:=\"\" class=\"img-responsive\" alt=\"\" data-lazy-src=\"https:\/\/www.europesays.com\/fr\/wp-content\/uploads\/2025\/09\/lacoste-e02-collection-golf-1170x275-1.gif\"\/><\/a><\/p>\n<blockquote class=\"twitter-tweet\">\n<p dir=\"ltr\" lang=\"en\">Chandler Blanchet\u2019s first bogey of the day drops him to a one shot lead with one to play.<\/p>\n<p>\ud83d\udcfa <a href=\"https:\/\/twitter.com\/GolfChannel?ref_src=twsrc%5Etfw\" rel=\"nofollow noopener\" target=\"_blank\">@GolfChannel<\/a> <a href=\"https:\/\/t.co\/vV1eFA0I3N\" rel=\"nofollow\">pic.twitter.com\/vV1eFA0I3N<\/a><\/p>\n<p>\u2014 Korn Ferry Tour (@KornFerryTour) <a href=\"https:\/\/twitter.com\/KornFerryTour\/status\/1977491291320586678?ref_src=twsrc%5Etfw\" rel=\"nofollow noopener\" target=\"_blank\">October 12, 2025<\/a><\/p>\n<\/blockquote>\n<p>Adrien Dumont de Chassart finit en beaut\u00e9<\/p>\n<p>La victoire, et les 270 000 $ qui l\u2019accompagnent, est revenue \u00e0 l\u2019Am\u00e9ricain <strong>Chandler Blanchet<\/strong>, d\u00e9j\u00e0 assur\u00e9 du <strong>PGA Tour<\/strong> avant cette finale. Il a devanc\u00e9 de deux coups le Sud-Africain <strong>Barend Botha<\/strong>, \u00e0 qui il fallait une victoire pour int\u00e9grer l\u2019\u00e9lite.<\/p>\n<p><strong>Adrien Dumont de Chassart<\/strong> sera quant \u00e0 lui bien de retour sur le <strong>PGA Tour<\/strong> l\u2019an prochain. Il a termin\u00e9 cette saison avec une belle carte de 68 (-4). Le Belge a pris la 18e place de l\u2019\u00e9preuve et la 7e de l\u2019ordre du m\u00e9rite.<\/p>\n<p>\t\t\t\t\t<a id=\"187742\" href=\"https:\/\/abacussportswear.com\/en\/france\" target=\"_blank\" rel=\"sponsorised nofollow noopener\"><img decoding=\"async\" src=\"data:image\/svg+xml,%3Csvg%20xmlns=\" http:=\"\" class=\"img-responsive\" alt=\"\" data-lazy-src=\"https:\/\/www.europesays.com\/fr\/wp-content\/uploads\/2025\/10\/abacus-e05-waterproofs-1170x275-1.gif\"\/><\/a><br \/>\nLe leaderboard<\/p>\n<p><img loading=\"lazy\" decoding=\"async\" class=\"alignnone size-large wp-image-189080\" src=\"data:image\/svg+xml,%3Csvg%20xmlns=\" http:=\"\" alt=\"\" width=\"770\" height=\"346\" data-lazy- data-lazy- data-lazy-src=\"https:\/\/www.europesays.com\/fr\/wp-content\/uploads\/2025\/10\/capture-decran-2025-10-13-a-00.21.01-770x346.png\"\/><\/p>\n<p>\u00a9Photo par MIKE MULHOLLAND \/ GETTY IMAGES NORTH AMERICA \/ GETTY IMAGES VIA AFP<\/p>\n<p>\t\t\t<script async src=\"https:\/\/platform.twitter.com\/widgets.js\" charset=\"utf-8\"><\/script><\/p>\n","protected":false},"excerpt":{"rendered":"Partager cet article Partager la publication \u00ab\u00a0Trop court malgr\u00e9 un beau final, J\u00e9r\u00e9my Gandon reste (pour le moment)&hellip;\n","protected":false},"author":2,"featured_media":468343,"comment_status":"","ping_status":"","sticky":false,"template":"","format":"standard","meta":{"footnotes":""},"categories":[1418],"tags":[1011,27,1472,60],"class_list":{"0":"post-468342","1":"post","2":"type-post","3":"status-publish","4":"format-standard","5":"has-post-thumbnail","7":"category-golf","8":"tag-fr","9":"tag-france","10":"tag-golf","11":"tag-sports"},"share_on_mastodon":{"url":"https:\/\/pubeurope.com\/@fr\/115385904978427885","error":""},"_links":{"self":[{"href":"https:\/\/www.europesays.com\/fr\/wp-json\/wp\/v2\/posts\/468342","targetHints":{"allow":["GET"]}}],"collection":[{"href":"https:\/\/www.europesays.com\/fr\/wp-json\/wp\/v2\/posts"}],"about":[{"href":"https:\/\/www.europesays.com\/fr\/wp-json\/wp\/v2\/types\/post"}],"author":[{"embeddable":true,"href":"https:\/\/www.europesays.com\/fr\/wp-json\/wp\/v2\/users\/2"}],"replies":[{"embeddable":true,"href":"https:\/\/www.europesays.com\/fr\/wp-json\/wp\/v2\/comments?post=468342"}],"version-history":[{"count":0,"href":"https:\/\/www.europesays.com\/fr\/wp-json\/wp\/v2\/posts\/468342\/revisions"}],"wp:featuredmedia":[{"embeddable":true,"href":"https:\/\/www.europesays.com\/fr\/wp-json\/wp\/v2\/media\/468343"}],"wp:attachment":[{"href":"https:\/\/www.europesays.com\/fr\/wp-json\/wp\/v2\/media?parent=468342"}],"wp:term":[{"taxonomy":"category","embeddable":true,"href":"https:\/\/www.europesays.com\/fr\/wp-json\/wp\/v2\/categories?post=468342"},{"taxonomy":"post_tag","embeddable":true,"href":"https:\/\/www.europesays.com\/fr\/wp-json\/wp\/v2\/tags?post=468342"}],"curies":[{"name":"wp","href":"https:\/\/api.w.org\/{rel}","templated":true}]}}