{"id":468346,"date":"2025-10-16T21:14:13","date_gmt":"2025-10-16T21:14:13","guid":{"rendered":"https:\/\/www.europesays.com\/fr\/468346\/"},"modified":"2025-10-16T21:14:13","modified_gmt":"2025-10-16T21:14:13","slug":"sinner-terrasse-djokovic-et-defiera-alcaraz-pour-six-millions-de-dollars-a-riyad","status":"publish","type":"post","link":"https:\/\/www.europesays.com\/fr\/468346\/","title":{"rendered":"Sinner terrasse Djokovic et d\u00e9fiera Alcaraz pour six millions de dollars \u00e0 Riyad"},"content":{"rendered":"<p>                <img decoding=\"async\" src=\"https:\/\/www.europesays.com\/fr\/wp-content\/uploads\/2025\/10\/3XO2.jpg\" fetchpriority=\"high\" alt=\"Six Kings Slam : Sinner terrasse Djokovic et d\u00e9fiera Alcaraz pour six millions de dollars \u00e0 Riyad\"\/><\/p>\n<p>La revanche est servie : apr\u00e8s un r\u00e9cital contre Djokovic, Jannik Sinner rejoint Carlos Alcaraz en finale du Six Kings Slam. \u00c0 la cl\u00e9 : un duel de prestige et un ch\u00e8que colossal de six millions de dollars.<\/p>\n<p>Une nouvelle finale Alcaraz-Sinner au programme \u00e0 Riyad. Pour la deuxi\u00e8me ann\u00e9e de suite au Six Kings Slam, les deux jeunes champions s\u2019affronteront pour le ch\u00e8que de six millions de dollars mis en jeu.<\/p>\n<p>Sinner, d\u00e9j\u00e0 imp\u00e9rial hier contre Stefanos Tsitsipas, a continu\u00e9 sur sa lanc\u00e9e lors de sa demi-finale contre Novak Djokovic. \u00c0 l\u2019image de leurs duels \u00e0 Roland-Garros et Wimbledon cette ann\u00e9e, l\u2019Italien n\u2019a laiss\u00e9 aucune chance au v\u00e9t\u00e9ran serbe, qui \u00e9tait arriv\u00e9 hier sur le sol saoudien.<\/p>\n<p><strong>Une victoire 6-4, 6-2 en tout juste une heure de jeu qui lui permettra de d\u00e9fendre son titre.<\/strong><\/p>\n<p><strong>Djokovic, impuissant, reviendra samedi pour jouer la 3e place de l&rsquo;\u00e9preuve contre Taylor Fritz.<\/strong><\/p>\n","protected":false},"excerpt":{"rendered":"La revanche est servie : apr\u00e8s un r\u00e9cital contre Djokovic, Jannik Sinner rejoint Carlos Alcaraz en finale du&hellip;\n","protected":false},"author":2,"featured_media":468347,"comment_status":"","ping_status":"","sticky":false,"template":"","format":"standard","meta":{"footnotes":""},"categories":[1415],"tags":[1011,27,60,1467],"class_list":{"0":"post-468346","1":"post","2":"type-post","3":"status-publish","4":"format-standard","5":"has-post-thumbnail","7":"category-tennis","8":"tag-fr","9":"tag-france","10":"tag-sports","11":"tag-tennis"},"share_on_mastodon":{"url":"https:\/\/pubeurope.com\/@fr\/115385917197779458","error":""},"_links":{"self":[{"href":"https:\/\/www.europesays.com\/fr\/wp-json\/wp\/v2\/posts\/468346","targetHints":{"allow":["GET"]}}],"collection":[{"href":"https:\/\/www.europesays.com\/fr\/wp-json\/wp\/v2\/posts"}],"about":[{"href":"https:\/\/www.europesays.com\/fr\/wp-json\/wp\/v2\/types\/post"}],"author":[{"embeddable":true,"href":"https:\/\/www.europesays.com\/fr\/wp-json\/wp\/v2\/users\/2"}],"replies":[{"embeddable":true,"href":"https:\/\/www.europesays.com\/fr\/wp-json\/wp\/v2\/comments?post=468346"}],"version-history":[{"count":0,"href":"https:\/\/www.europesays.com\/fr\/wp-json\/wp\/v2\/posts\/468346\/revisions"}],"wp:featuredmedia":[{"embeddable":true,"href":"https:\/\/www.europesays.com\/fr\/wp-json\/wp\/v2\/media\/468347"}],"wp:attachment":[{"href":"https:\/\/www.europesays.com\/fr\/wp-json\/wp\/v2\/media?parent=468346"}],"wp:term":[{"taxonomy":"category","embeddable":true,"href":"https:\/\/www.europesays.com\/fr\/wp-json\/wp\/v2\/categories?post=468346"},{"taxonomy":"post_tag","embeddable":true,"href":"https:\/\/www.europesays.com\/fr\/wp-json\/wp\/v2\/tags?post=468346"}],"curies":[{"name":"wp","href":"https:\/\/api.w.org\/{rel}","templated":true}]}}