{"id":468350,"date":"2025-10-16T21:17:14","date_gmt":"2025-10-16T21:17:14","guid":{"rendered":"https:\/\/www.europesays.com\/fr\/468350\/"},"modified":"2025-10-16T21:17:14","modified_gmt":"2025-10-16T21:17:14","slug":"jai-montre-assez-pour-isack-hadjar-ne-pas-rejoindre-red-bull-serait-une-enorme-deception","status":"publish","type":"post","link":"https:\/\/www.europesays.com\/fr\/468350\/","title":{"rendered":"\u00ab\u00a0J\u2019ai montr\u00e9 assez\u00a0\u00bb\u00a0: pour Isack Hadjar, ne pas rejoindre Red Bull serait \u00ab\u00a0une \u00e9norme d\u00e9ception\u00a0\u00bb"},"content":{"rendered":"<p class=\"paragraph text_align_left lp-f-body-02\">Il ne cache pas ses ambitions. Le pilote <a href=\"https:\/\/www.leparisien.fr\/sports\/formule-1\/\" target=\"_blank\" rel=\"noreferrer nofollow noopener\">de Formule 1<\/a> fran\u00e7ais Isack Hadjar (Racing Bulls), pressenti pour rejoindre Red Bull l\u2019an prochain, a avou\u00e9 ce jeudi, en marge du Grand Prix des \u00c9tats-Unis \u00e0 Austin que ce serait une \u00ab \u00e9norme d\u00e9ception \u00bb s\u2019il n\u2019\u00e9tait pas choisi pour devenir le futur co\u00e9quipier <a href=\"https:\/\/www.leparisien.fr\/sports\/formule-1\/max-verstappen\/\" target=\"_blank\" rel=\"noreferrer nofollow noopener\">du quadruple champion du monde Max Verstappen<\/a>.<\/p>\n<p class=\"paragraph text_align_left lp-f-body-02\">Actuellement neuvi\u00e8me du championnat avec 39 points, <a href=\"https:\/\/www.leparisien.fr\/sports\/formule-1\/isack-hadjar\/\" target=\"_blank\" rel=\"noreferrer nofollow noopener\">Isack Hadjar<\/a> a inscrit des points lors de 9 des 18 GP qu\u2019il a disput\u00e9s et a m\u00eame d\u00e9croch\u00e9 une troisi\u00e8me place fin ao\u00fbt aux Pays-Bas. Ces performances tr\u00e8s solides ont fait du Parisien le favori pour r\u00e9cup\u00e9rer en 2026 le baquet du Japonais Yuki Tsunoda, que Red Bull ne devrait pas conserver.<\/p>\n<p class=\"paragraph text_align_left lp-f-body-02\">\u00ab La F1 est un sport o\u00f9 on a la m\u00e9moire courte, o\u00f9 on a la culture de l\u2019instant. Mais je sais qu\u2019il reste six courses et que je vais encore marquer des points, aller dans les Q3 (troisi\u00e8me et derni\u00e8re partie des qualifications) et faire des grosses performances, a-t-il d\u00e9clar\u00e9. Donc, en fait, je ne suis pas du tout inquiet. Oui, j\u2019ai montr\u00e9 assez, j\u2019ai obtenu un podium. \u00bb<\/p>\n<p>\u00ab Je cherche juste \u00e0 \u00eatre le plus performant possible \u00bb<\/p>\n<p class=\"paragraph text_align_left lp-f-body-02\">Alors que <a href=\"https:\/\/www.leparisien.fr\/sports\/foot-f1-cyclisme-la-folle-saga-de-red-bull-un-simple-limonadier-devenu-empire-sportif-20-09-2025-2DSJGGJUGBCB3ANAYN76YMYUW4.php\" target=\"_blank\" rel=\"noreferrer nofollow noopener\">Red Bull<\/a> aurait d\u00e9cid\u00e9 de prendre une d\u00e9cision d\u2019ici deux semaines, apr\u00e8s le Grand Prix du Mexique, Hadjar ne compte pas se rajouter de pression suppl\u00e9mentaire avant les manches texane et mexicaine. \u00ab Cela ne changera pas mon approche car une fois que je monte dans la voiture, je cherche juste \u00e0 \u00eatre le plus performant possible \u00bb, a expliqu\u00e9 le Fran\u00e7ais.<\/p>\n<p class=\"paragraph text_align_left lp-f-body-02\">Isack Hadjar s\u2019est par ailleurs dit ravi \u00e0 l\u2019id\u00e9e de disputer une course sprint ce week-end au Texas, m\u00eame si c\u2019est moins instructif pour lui. \u00ab Du point de vue des r\u00e9glages, c\u2019est moins int\u00e9ressant car tu apprends moins, c\u2019est vrai, a-t-il soulign\u00e9. Dans un week-end sprint, je bosse beaucoup moins dur. Tu es plus dans la maximisation et moins dans l\u2019optimisation. Ce sont deux approches assez diff\u00e9rentes. \u00bb<\/p>\n","protected":false},"excerpt":{"rendered":"Il ne cache pas ses ambitions. Le pilote de Formule 1 fran\u00e7ais Isack Hadjar (Racing Bulls), pressenti pour&hellip;\n","protected":false},"author":2,"featured_media":468351,"comment_status":"","ping_status":"","sticky":false,"template":"","format":"standard","meta":{"footnotes":""},"categories":[1412],"tags":[1451,1452,1453,1454,1455,1011,27,60],"class_list":{"0":"post-468350","1":"post","2":"type-post","3":"status-publish","4":"format-standard","5":"has-post-thumbnail","7":"category-f1","8":"tag-f1","9":"tag-formula-1","10":"tag-formula1","11":"tag-formule-1","12":"tag-formule1","13":"tag-fr","14":"tag-france","15":"tag-sports"},"share_on_mastodon":{"url":"https:\/\/pubeurope.com\/@fr\/115385928522058170","error":""},"_links":{"self":[{"href":"https:\/\/www.europesays.com\/fr\/wp-json\/wp\/v2\/posts\/468350","targetHints":{"allow":["GET"]}}],"collection":[{"href":"https:\/\/www.europesays.com\/fr\/wp-json\/wp\/v2\/posts"}],"about":[{"href":"https:\/\/www.europesays.com\/fr\/wp-json\/wp\/v2\/types\/post"}],"author":[{"embeddable":true,"href":"https:\/\/www.europesays.com\/fr\/wp-json\/wp\/v2\/users\/2"}],"replies":[{"embeddable":true,"href":"https:\/\/www.europesays.com\/fr\/wp-json\/wp\/v2\/comments?post=468350"}],"version-history":[{"count":0,"href":"https:\/\/www.europesays.com\/fr\/wp-json\/wp\/v2\/posts\/468350\/revisions"}],"wp:featuredmedia":[{"embeddable":true,"href":"https:\/\/www.europesays.com\/fr\/wp-json\/wp\/v2\/media\/468351"}],"wp:attachment":[{"href":"https:\/\/www.europesays.com\/fr\/wp-json\/wp\/v2\/media?parent=468350"}],"wp:term":[{"taxonomy":"category","embeddable":true,"href":"https:\/\/www.europesays.com\/fr\/wp-json\/wp\/v2\/categories?post=468350"},{"taxonomy":"post_tag","embeddable":true,"href":"https:\/\/www.europesays.com\/fr\/wp-json\/wp\/v2\/tags?post=468350"}],"curies":[{"name":"wp","href":"https:\/\/api.w.org\/{rel}","templated":true}]}}