{"id":468356,"date":"2025-10-16T21:20:11","date_gmt":"2025-10-16T21:20:11","guid":{"rendered":"https:\/\/www.europesays.com\/fr\/468356\/"},"modified":"2025-10-16T21:20:11","modified_gmt":"2025-10-16T21:20:11","slug":"aurore-auteuil-privilegiee-a-cause-de-son-pere-daniel-auteuil-ca-suscite-forcement-de-la-jalousie","status":"publish","type":"post","link":"https:\/\/www.europesays.com\/fr\/468356\/","title":{"rendered":"Aurore Auteuil, privil\u00e9gi\u00e9e \u00e0 cause de son p\u00e8re Daniel Auteuil\u00a0? \u00ab\u00a0\u00c7a suscite forc\u00e9ment de la jalousie\u00a0\u00bb"},"content":{"rendered":"<p><strong>De p\u00e8re en fille.<\/strong>\u00a0Aurore Auteuil, fille de <a href=\"https:\/\/www.journaldesfemmes.fr\/people\/personnalites\/2859215-daniel-auteuil-pere-enfants-compagnes-emmanuelle-beart-films\/\" title=\"Daniel Auteuil\" target=\"_blank\" rel=\"noopener\">Daniel Auteuil<\/a> et Anne Jousset, est devenue actrice notamment en regardant son p\u00e8re jouer. Mais elle a parfois eu peur du regard des autres.\u00a0\u00ab\u00a0J&rsquo;ai la chance d&rsquo;avoir un p\u00e8re exceptionnel dans son travail. Mon principal souci a \u00e9t\u00e9 d&rsquo;avoir peur de d\u00e9ranger. Et puis avoir un p\u00e8re pareil \u00e7a suscite forc\u00e9ment de la jalousie et de l&rsquo;envie. Il y a une forme d&rsquo;injustice par rapport \u00e0 \u00e7a, mais chacun a son parcours, mes parents et moi\u00a0\u00bb, a confi\u00e9 la com\u00e9dienne de 45 ans dans <a href=\"https:\/\/www.gala.fr\/l_actu\/news_de_stars\/interview-aurore-auteuil-avoir-un-pere-comme-le-mien-suscite-forcement-de-la-jalousie-20251016\" target=\"_blank\" rel=\"noopener\">Gala<\/a>.<\/p>\n","protected":false},"excerpt":{"rendered":"De p\u00e8re en fille.\u00a0Aurore Auteuil, fille de Daniel Auteuil et Anne Jousset, est devenue actrice notamment en regardant&hellip;\n","protected":false},"author":2,"featured_media":468357,"comment_status":"","ping_status":"","sticky":false,"template":"","format":"standard","meta":{"footnotes":""},"categories":[1359],"tags":[59210,51761,58,59,52292,1011,27,51766,1031,973],"class_list":{"0":"post-468356","1":"post","2":"type-post","3":"status-publish","4":"format-standard","5":"has-post-thumbnail","7":"category-people","8":"tag-cms-journaldesfemmes-3244458","9":"tag-controller-content","10":"tag-divertissement","11":"tag-entertainment","12":"tag-format-reportage","13":"tag-fr","14":"tag-france","15":"tag-les-histoires-du-jdf","16":"tag-magazine","17":"tag-people"},"share_on_mastodon":{"url":"https:\/\/pubeurope.com\/@fr\/115385940297838336","error":""},"_links":{"self":[{"href":"https:\/\/www.europesays.com\/fr\/wp-json\/wp\/v2\/posts\/468356","targetHints":{"allow":["GET"]}}],"collection":[{"href":"https:\/\/www.europesays.com\/fr\/wp-json\/wp\/v2\/posts"}],"about":[{"href":"https:\/\/www.europesays.com\/fr\/wp-json\/wp\/v2\/types\/post"}],"author":[{"embeddable":true,"href":"https:\/\/www.europesays.com\/fr\/wp-json\/wp\/v2\/users\/2"}],"replies":[{"embeddable":true,"href":"https:\/\/www.europesays.com\/fr\/wp-json\/wp\/v2\/comments?post=468356"}],"version-history":[{"count":0,"href":"https:\/\/www.europesays.com\/fr\/wp-json\/wp\/v2\/posts\/468356\/revisions"}],"wp:featuredmedia":[{"embeddable":true,"href":"https:\/\/www.europesays.com\/fr\/wp-json\/wp\/v2\/media\/468357"}],"wp:attachment":[{"href":"https:\/\/www.europesays.com\/fr\/wp-json\/wp\/v2\/media?parent=468356"}],"wp:term":[{"taxonomy":"category","embeddable":true,"href":"https:\/\/www.europesays.com\/fr\/wp-json\/wp\/v2\/categories?post=468356"},{"taxonomy":"post_tag","embeddable":true,"href":"https:\/\/www.europesays.com\/fr\/wp-json\/wp\/v2\/tags?post=468356"}],"curies":[{"name":"wp","href":"https:\/\/api.w.org\/{rel}","templated":true}]}}