{"id":468358,"date":"2025-10-16T21:21:23","date_gmt":"2025-10-16T21:21:23","guid":{"rendered":"https:\/\/www.europesays.com\/fr\/468358\/"},"modified":"2025-10-16T21:21:23","modified_gmt":"2025-10-16T21:21:23","slug":"larc-de-trump-le-dernier-projet-architectural-du-president-americain","status":"publish","type":"post","link":"https:\/\/www.europesays.com\/fr\/468358\/","title":{"rendered":"L\u2019arc de Trump, le dernier projet architectural du pr\u00e9sident am\u00e9ricain"},"content":{"rendered":"<p class=\"mb-4 text-lg md:leading-8 break-words\">La sc\u00e8ne, singuli\u00e8re \u2013 mais pas si \u00e9tonnante quand on conna\u00eet le personnage \u2013, a lieu \u00e0 la Maison-Blanche. Nous sommes le mercredi 15\u00a0octobre, et Donald Trump a organis\u00e9 un d\u00eener pour remercier des milliardaires et de grandes entreprises d\u2019avoir vers\u00e9 des dons pour une nouvelle salle de bal, en cours de construction, dans la r\u00e9sidence officielle du pr\u00e9sident des \u00c9tats-Unis. Profitant de l\u2019occasion, l\u2019homme a expos\u00e9 une maquette montrant une sorte d\u2019arc de triomphe.<\/p>\n<p class=\"mb-4 text-lg md:leading-8 break-words\">Un journaliste de la cha\u00eene am\u00e9ricaine <strong>CBS<\/strong> l\u2019interpelle alors. \u201cQu\u2019est-ce que c\u2019est\u00a0?\u201d \u201cC\u2019est un arc qui va \u00eatre construit\u201d, r\u00e9plique Trump. \u201cPour qui\u00a0?\u201d insiste le journaliste. \u201cPour moi, il sera beau\u201d, cl\u00f4t le pr\u00e9sident des \u00c9tats-Unis. Mais son interlocuteur lance alors sa derni\u00e8re r\u00e9plique\u00a0: \u201cL\u2019arc de Trump\u00a0?\u201d Le titre pour les journaux du lendemain est tout trouv\u00e9. Et <a href=\"https:\/\/time.com\/7326081\/trump-president-arch-washington-project-construction\/\" rel=\"nofollow noopener\" target=\"_blank\" data-ylk=\"slk:Time Magazine ne se g\u00eane pas;elm:context_link;itc:0;sec:content-canvas\" class=\"link \"><strong>Time Magazine<\/strong> ne se g\u00eane pas<\/a> pour l\u2019adopter.<\/p>\n<p class=\"mb-4 text-lg md:leading-8 break-words\">\u201cL\u2019arc de Trump\u00a0: le pr\u00e9sident d\u00e9voile les plans de son dernier projet de construction grandiose \u00e0 Washington\u201d, titre ainsi le site du c\u00e9l\u00e8bre bimensuel am\u00e9ricain, qui donne quelques d\u00e9tails suppl\u00e9mentaires sur l\u2019\u0153uvre architecturale.<\/p>\n<p class=\"mb-4 text-lg md:leading-8 break-words\">\u201cSelon les projections et les mod\u00e9lisations, la nouvelle arche, similaire \u00e0 l\u2019Arc de triomphe parisien, fera face au Lincoln Memorial, sur l\u2019autre rive du fleuve Potomac. Les plans montrent l\u2019arche plac\u00e9e au centre du rond-point du m\u00e9morial, face \u00e0 la Maison-Blanche.\u201d Le monument c\u00e9l\u00e9brerait le 250e anniversaire de l\u2019ind\u00e9pendance des \u00c9tats-Unis, qui aura lieu en 2026. \u201cSi le co\u00fbt et le calendrier de construction de l\u2019arc restent inconnus, un architecte potentiel pour le projet pourrait avoir \u00e9t\u00e9 identifi\u00e9\u201d, relate enfin le m\u00e9dia, qui \u00e9voque le nom de Nicolas Leo Charbonneau.<\/p>\n<p class=\"mb-4 text-lg md:leading-8 break-words\"><a href=\"https:\/\/edition.cnn.com\/2025\/10\/15\/politics\/trump-envisions-new-arch-near-washington-dc\" rel=\"nofollow noopener\" target=\"_blank\" data-ylk=\"slk:Aux yeux de CNN;elm:context_link;itc:0;sec:content-canvas\" class=\"link \">Aux yeux de <strong>CNN<\/strong><\/a><strong>,<\/strong> le projet d\u2019arc de Trump constituerait la derni\u00e8re tentative du pr\u00e9sident \u201cd\u2019imposer son style et ses go\u00fbts \u00e0 la capitale nationale\u201d. En effet, selon le m\u00e9dia \u00e9tabli \u00e0 Atlanta, qui a enqu\u00eat\u00e9 sur la question, l\u2019arc serait une id\u00e9e de Trump en personne. \u201cIl a imagin\u00e9 le design et a particip\u00e9 \u00e0 chaque \u00e9tape du processus\u201d, confie une source anonyme de la Maison-Blanche au site d\u2019information.<\/p>\n<p class=\"mb-4 text-lg md:leading-8 break-words\">[&#8230;] <strong><a href=\"https:\/\/www.courrierinternational.com\/article\/etats-unis-l-arc-de-trump-le-dernier-projet-architectural-du-president-americain_236391\" rel=\"nofollow noopener\" target=\"_blank\" data-ylk=\"slk:Lire la suite sur Courrier international;elm:context_link;itc:0;sec:content-canvas\" class=\"link \">Lire la suite sur Courrier international<\/a><\/strong><\/p>\n<p>Sur le m\u00eame sujet :<\/p>\n","protected":false},"excerpt":{"rendered":"La sc\u00e8ne, singuli\u00e8re \u2013 mais pas si \u00e9tonnante quand on conna\u00eet le personnage \u2013, a lieu \u00e0 la&hellip;\n","protected":false},"author":2,"featured_media":468359,"comment_status":"","ping_status":"","sticky":false,"template":"","format":"standard","meta":{"footnotes":""},"categories":[1358],"tags":[1348,1384,1385,59211,1386,58,75,59,1011,27,59212,1324,1325],"class_list":{"0":"post-468358","1":"post","2":"type-post","3":"status-publish","4":"format-standard","5":"has-post-thumbnail","7":"category-arts-et-design","8":"tag-arts","9":"tag-arts-and-design","10":"tag-arts-et-design","11":"tag-cours-de-construction","12":"tag-design","13":"tag-divertissement","14":"tag-donald-trump","15":"tag-entertainment","16":"tag-fr","17":"tag-france","18":"tag-larc","19":"tag-la-maison-blanche","20":"tag-president-des-etats-unis"},"share_on_mastodon":{"url":"https:\/\/pubeurope.com\/@fr\/115385944237719773","error":""},"_links":{"self":[{"href":"https:\/\/www.europesays.com\/fr\/wp-json\/wp\/v2\/posts\/468358","targetHints":{"allow":["GET"]}}],"collection":[{"href":"https:\/\/www.europesays.com\/fr\/wp-json\/wp\/v2\/posts"}],"about":[{"href":"https:\/\/www.europesays.com\/fr\/wp-json\/wp\/v2\/types\/post"}],"author":[{"embeddable":true,"href":"https:\/\/www.europesays.com\/fr\/wp-json\/wp\/v2\/users\/2"}],"replies":[{"embeddable":true,"href":"https:\/\/www.europesays.com\/fr\/wp-json\/wp\/v2\/comments?post=468358"}],"version-history":[{"count":0,"href":"https:\/\/www.europesays.com\/fr\/wp-json\/wp\/v2\/posts\/468358\/revisions"}],"wp:featuredmedia":[{"embeddable":true,"href":"https:\/\/www.europesays.com\/fr\/wp-json\/wp\/v2\/media\/468359"}],"wp:attachment":[{"href":"https:\/\/www.europesays.com\/fr\/wp-json\/wp\/v2\/media?parent=468358"}],"wp:term":[{"taxonomy":"category","embeddable":true,"href":"https:\/\/www.europesays.com\/fr\/wp-json\/wp\/v2\/categories?post=468358"},{"taxonomy":"post_tag","embeddable":true,"href":"https:\/\/www.europesays.com\/fr\/wp-json\/wp\/v2\/tags?post=468358"}],"curies":[{"name":"wp","href":"https:\/\/api.w.org\/{rel}","templated":true}]}}