{"id":468373,"date":"2025-10-16T21:29:58","date_gmt":"2025-10-16T21:29:58","guid":{"rendered":"https:\/\/www.europesays.com\/fr\/468373\/"},"modified":"2025-10-16T21:29:58","modified_gmt":"2025-10-16T21:29:58","slug":"enfin-un-iphone-debride-et-follement-autonome","status":"publish","type":"post","link":"https:\/\/www.europesays.com\/fr\/468373\/","title":{"rendered":"enfin un iPhone d\u00e9brid\u00e9 et follement autonome"},"content":{"rendered":"<p>Le plus cher de tous les iPhone cache bien des surprises, dont une excellente autonomie et des performances enfin d\u00e9brid\u00e9es.<\/p>\n<p>L\u2019iPhone\u202f17\u202fPro\u202fMax incarne la nouvelle direction prise par Apple\u202f: un design revu en profondeur, pens\u00e9 pour am\u00e9liorer l\u2019autonomie et enfin mettre fin aux probl\u00e8mes de chauffe qui entachaient les pr\u00e9c\u00e9dents mod\u00e8les. <\/p>\n<p>Gr\u00e2ce \u00e0 sa puce A19\u202fPro en 2\u202fnm et une gestion thermique optimis\u00e9e, le g\u00e9ant de Cupertino signe une avanc\u00e9e technique ind\u00e9niable. Mais cette refonte n\u2019arrive pas sans concessions\u202f: avec ses dimensions imposantes et un poids record, c\u2019est aussi l\u2019iPhone le plus \u00e9pais et le plus lourd jamais sorti. <\/p>\n<p>Un choix qui risque de diviser, surtout sur la version Max, la plus grande de la gamme. Pour l\u2019iPhone 17 Pro classique, <a href=\"https:\/\/www.frandroid.com\/marques\/apple\/2798809_test-iphone-17-pro\" target=\"_blank\" rel=\"noopener\">nous avons un test complet<\/a>.<\/p>\n<p><a href=\"https:\/\/images.frandroid.com\/wp-content\/uploads\/2025\/10\/apple-iphone-17-pro-max-1.jpg\" target=\"_blank\" class=\"article-content__figure\" rel=\"noopener\"><img fetchpriority=\"high\" decoding=\"async\" loading=\"eager\" width=\"1200\" height=\"800\" src=\"https:\/\/www.europesays.com\/fr\/wp-content\/uploads\/2025\/10\/apple-iphone-17-pro-max-1.jpg\" alt=\"\" class=\"wp-image-2834933 wp-image wp-image\"  \/><\/a>Apple iPhone 17 Pro Max \/\/ Source : Chlo\u00e9 Pertuis pour Frandroid<\/p>\n<p>Fiche technique<\/p>\n<tr>\n        Mod\u00e8le<br \/>\n                <a href=\"https:\/\/www.frandroid.com\/produits\/smartphones\/apple\/2788413-apple-iphone-17-pro-max\" target=\"_blank\" rel=\"noopener\">Apple iPhone 17 Pro Max<\/a><br \/>\n            <\/tr>\n<tr>\n<td>Dimensions<\/td>\n<td data-product=\"Apple iPhone 17 Pro Max\">\n                                    78 mm x 163,4 mm x 8,75 mm                            <\/td>\n<\/tr>\n<tr>\n<td>Interface constructeur<\/td>\n<td data-product=\"Apple iPhone 17 Pro Max\">\n                                    iOS                            <\/td>\n<\/tr>\n<tr>\n<td>Taille de l\u2019\u00e9cran<\/td>\n<td data-product=\"Apple iPhone 17 Pro Max\">\n                                    6,9 pouces                            <\/td>\n<\/tr>\n<tr>\n<td>D\u00e9finition<\/td>\n<td data-product=\"Apple iPhone 17 Pro Max\">\n                                    2868 x 1320 pixels                            <\/td>\n<\/tr>\n<tr>\n<td>Densit\u00e9 de pixels<\/td>\n<td data-product=\"Apple iPhone 17 Pro Max\">\n                                    460 ppp                            <\/td>\n<\/tr>\n<tr>\n<td>Technologie<\/td>\n<td data-product=\"Apple iPhone 17 Pro Max\">\n                                    OLED                            <\/td>\n<\/tr>\n<tr>\n<td>SoC<\/td>\n<td data-product=\"Apple iPhone 17 Pro Max\">\n                                    Apple A19 Pro                            <\/td>\n<\/tr>\n<tr>\n<td>Puce graphique<\/td>\n<td data-product=\"Apple iPhone 17 Pro Max\">\n                                    Apple GPU                            <\/td>\n<\/tr>\n<tr>\n<td>Stockage interne<\/td>\n<td data-product=\"Apple iPhone 17 Pro Max\">\n                                    256, 512, 1024, 2048 Go                            <\/td>\n<\/tr>\n<tr>\n<td>Appareil photo (dorsal)<\/td>\n<td data-product=\"Apple iPhone 17 Pro Max\">\n                                    Capteur 1 : 48<br \/>Capteur 2 : 48<br \/>Capteur 3 : 48 Mp                            <\/td>\n<\/tr>\n<tr>\n<td>Capteur photo frontal<\/td>\n<td data-product=\"Apple iPhone 17 Pro Max\">\n                                    18 Mp                            <\/td>\n<\/tr>\n<tr>\n<td>D\u00e9finition enregistrement vid\u00e9o<\/td>\n<td data-product=\"Apple iPhone 17 Pro Max\">\n                                    4K @ 120 fps                            <\/td>\n<\/tr>\n<tr>\n<td>Wi-fi<\/td>\n<td data-product=\"Apple iPhone 17 Pro Max\">\n                                    Wi-Fi 7                            <\/td>\n<\/tr>\n<tr>\n<td>Bluetooth<\/td>\n<td data-product=\"Apple iPhone 17 Pro Max\">\n                                    6.0                            <\/td>\n<\/tr>\n<tr>\n<td>5G<\/td>\n<td data-product=\"Apple iPhone 17 Pro Max\">\n                                    Oui                            <\/td>\n<\/tr>\n<tr>\n<td>NFC<\/td>\n<td data-product=\"Apple iPhone 17 Pro Max\">\n                                    Oui                            <\/td>\n<\/tr>\n<tr>\n<td>Capteur d\u2019empreintes<\/td>\n<td data-product=\"Apple iPhone 17 Pro Max\">\n                                    Non                            <\/td>\n<\/tr>\n<tr>\n<td>Type de connecteur<\/td>\n<td data-product=\"Apple iPhone 17 Pro Max\">\n                                    USB Type-C                            <\/td>\n<\/tr>\n<tr>\n<td>Capacit\u00e9 de la batterie<\/td>\n<td data-product=\"Apple iPhone 17 Pro Max\">\n                                    4823 mAh                            <\/td>\n<\/tr>\n<tr>\n<td>Poids<\/td>\n<td data-product=\"Apple iPhone 17 Pro Max\">\n                                    231 g                            <\/td>\n<\/tr>\n<tr>\n<td>Couleurs<\/td>\n<td data-product=\"Apple iPhone 17 Pro Max\">\n                                    Argent, Bleu, Orange                            <\/td>\n<\/tr>\n<tr>\n<td class=\"lead-link-wrapper\">\n                                                                <\/td>\n<td data-product=\"Apple iPhone 17 Pro Max\">\n                                <a class=\"button fr-button fr-button--pink fr-button--fullwidth has-text-centered\" href=\"https:\/\/www.frandroid.com\/produits\/smartphones\/apple\/2788413-apple-iphone-17-pro-max\" target=\"_blank\" rel=\"noopener\">Fiche produit<\/a>\n                            <\/td>\n<\/tr>\n<p>Vid\u00e9o<\/p>\n<p>Retrouvez notre vid\u00e9o de test <a target=\"_blank\" href=\"https:\/\/www.youtube.com\/watch?v=Gp3oBqJDsU4\" rel=\"noopener\">sur YouTube<\/a>.<\/p>\n<p class=\"bottom-text\">                <a href=\"https:\/\/www.youtube.com\/watch?v=Gp3oBqJDsU4\" target=\"_blank\" rel=\"noopener\">Lien YouTube<\/a>                                    <a href=\"https:\/\/www.youtube.com\/subscription_center?add_user=FrAndroidTube\" target=\"_blank\" rel=\"noopener\">S\u2019abonner \u00e0 Frandroid<\/a>                            <\/p>\n<p>                Ce contenu est bloqu\u00e9 car vous n\u2019avez pas accept\u00e9 les cookies et autres traceurs. Ce contenu est fourni par YouTube.<br \/>Pour pouvoir le visualiser, vous devez accepter l\u2019usage \u00e9tant op\u00e9r\u00e9 par YouTube avec vos donn\u00e9es qui pourront \u00eatre utilis\u00e9es pour les finalit\u00e9s suivantes : vous permettre de visualiser et de partager des contenus avec des m\u00e9dias sociaux, favoriser le d\u00e9veloppement et l\u2019am\u00e9lioration des produits d\u2019Humanoid et de ses partenaires, vous afficher des publicit\u00e9s personnalis\u00e9es par rapport \u00e0 votre profil et activit\u00e9, vous d\u00e9finir un profil publicitaire personnalis\u00e9, mesurer la performance des publicit\u00e9s et du contenu de ce site et mesurer l\u2019audience de ce site <a href=\"#\" class=\"js-privacy\" target=\"_blank\">(en savoir plus)<\/a>            <\/p>\n<p>                En cliquant sur \u00ab J\u2019accepte tout \u00bb, vous consentez aux finalit\u00e9s susmentionn\u00e9es pour l\u2019ensemble des cookies et autres traceurs d\u00e9pos\u00e9s par Humanoid et <a class=\"embed-consent-overlay-vendors-link\" href=\"#preferences-vendeurs\">ses partenaires<\/a>.            <\/p>\n<p>                Vous gardez la possibilit\u00e9 de retirer votre consentement \u00e0 tout moment. Pour plus d\u2019informations, nous vous invitons \u00e0 prendre connaissance de notre <a href=\"https:\/\/www.frandroid.com\/politique-cookies\" target=\"_blank\" rel=\"noopener\">Politique cookies<\/a>.            <\/p>\n<p>            J\u2019accepte tout        <\/p>\n<p class=\"embed-consent-overlay-manage-choices\">            <a href=\"#preferences-publicitaires\">G\u00e9rer mes choix<\/a>        <\/p>\n<p>Design<\/p>\n<p>L\u2019iPhone 17 Pro Max de cette ann\u00e9e rompt avec l\u2019esth\u00e9tique tr\u00e8s anguleuse que la marque nous impose depuis maintenant plusieurs g\u00e9n\u00e9rations. <\/p>\n<p>On a un smartphone aux dimensions toujours aussi g\u00e9n\u00e9reuses, si ce n\u2019est plus. C\u2019est le plus \u00e9pais iPhone jamais cr\u00e9\u00e9 avec 8,75 mm \u00e0 son point le plus fin.<\/p>\n<p>\t\t\t\t\t\t<a href=\"https:\/\/images.frandroid.com\/wp-content\/uploads\/2025\/10\/apple-iphone-17-pro-max-5.jpg\" itemprop=\"url\" target=\"_blank\" rel=\"noopener\"><\/p>\n<p>\t\t\t\t\t\t\t<img decoding=\"async\" class=\"wp-image\" src=\"https:\/\/www.europesays.com\/fr\/wp-content\/uploads\/2025\/10\/apple-iphone-17-pro-max-5.jpg\"  width=\"460\" height=\"307\" loading=\"lazy\" data-original-width=\"460\" data-original-height=\"307\" itemprop=\"http:\/\/schema.org\/image\" title=\"Apple iPhone 17 Pro Max 5\" alt=\"Apple iPhone 17 Pro Max 5\" style=\"width: 460px; height: 307px;\"\/><br \/>\n\t\t\t\t\t\t<\/a><\/p>\n<p>\t\t\t\t\t\t<a href=\"https:\/\/images.frandroid.com\/wp-content\/uploads\/2025\/10\/apple-iphone-17-pro-max-6.jpg\" itemprop=\"url\" target=\"_blank\" rel=\"noopener\"><\/p>\n<p>\t\t\t\t\t\t\t<img decoding=\"async\" class=\"wp-image\" src=\"https:\/\/www.europesays.com\/fr\/wp-content\/uploads\/2025\/10\/apple-iphone-17-pro-max-6.jpg\"  width=\"460\" height=\"307\" loading=\"lazy\" data-original-width=\"460\" data-original-height=\"307\" itemprop=\"http:\/\/schema.org\/image\" title=\"Apple iPhone 17 Pro Max 6\" alt=\"Apple iPhone 17 Pro Max 6\" style=\"width: 460px; height: 307px;\"\/><br \/>\n\t\t\t\t\t\t<\/a><\/p>\n<p>En main, on sent bien son poids. Venu d\u2019un iPhone Air juste avant, la diff\u00e9rence est naturellement choquante. Cependant, Apple a opt\u00e9 pour une tr\u00e8s l\u00e9g\u00e8re courbe au niveau des angles qui viennent \u00e9pouser plus naturellement la paume de la main. C\u2019est un changement subtil, mais qui fait une diff\u00e9rence \u00e0 l\u2019usage, rendant le t\u00e9l\u00e9phone bien plus agr\u00e9able \u00e0 manipuler, surtout pour un appareil de ce gabarit.<\/p>\n<p>Les dimensions compl\u00e8tes de la b\u00eate sont de <strong>163,4 mm en hauteur<\/strong> pour <strong>78 mm en largeur<\/strong> , avec un poids cons\u00e9quent de <strong>231 grammes<\/strong>  sur la balance. On reste donc sur un tr\u00e8s grand format, pens\u00e9 pour l\u2019immersion gr\u00e2ce \u00e0 sa grande dalle de 6,9 pouces, mais qui ne se fera pas oublier dans une poche.<\/p>\n<p>\t\t\t\t\t\t<a href=\"https:\/\/images.frandroid.com\/wp-content\/uploads\/2025\/10\/apple-iphone-17-pro-max-7.jpg\" itemprop=\"url\" target=\"_blank\" rel=\"noopener\"><\/p>\n<p>\t\t\t\t\t\t\t<img decoding=\"async\" class=\"wp-image\" src=\"https:\/\/www.europesays.com\/fr\/wp-content\/uploads\/2025\/10\/apple-iphone-17-pro-max-7.jpg\"  width=\"460\" height=\"307\" loading=\"lazy\" data-original-width=\"460\" data-original-height=\"307\" itemprop=\"http:\/\/schema.org\/image\" title=\"Apple iPhone 17 Pro Max 7\" alt=\"Apple iPhone 17 Pro Max 7\" style=\"width: 460px; height: 307px;\"\/><br \/>\n\t\t\t\t\t\t<\/a><\/p>\n<p>\t\t\t\t\t\t<a href=\"https:\/\/images.frandroid.com\/wp-content\/uploads\/2025\/10\/apple-iphone-17-pro-max-8.jpg\" itemprop=\"url\" target=\"_blank\" rel=\"noopener\"><\/p>\n<p>\t\t\t\t\t\t\t<img decoding=\"async\" class=\"wp-image\" src=\"https:\/\/www.europesays.com\/fr\/wp-content\/uploads\/2025\/10\/apple-iphone-17-pro-max-8.jpg\"  width=\"460\" height=\"307\" loading=\"lazy\" data-original-width=\"460\" data-original-height=\"307\" itemprop=\"http:\/\/schema.org\/image\" title=\"Apple iPhone 17 Pro Max 8\" alt=\"Apple iPhone 17 Pro Max 8\" style=\"width: 460px; height: 307px;\"\/><br \/>\n\t\t\t\t\t\t<\/a><\/p>\n<p>Le ch\u00e2ssis principal est constitu\u00e9 d\u2019un <strong>design unibody en aluminium<\/strong>, un choix de mat\u00e9riau qui tranche avec le titane des g\u00e9n\u00e9rations pass\u00e9es. Le dos, quant \u00e0 lui, contient toujours une plaque en verre pour faire passer la charge sans fil. Ici, on a du <strong>Ceramic Shield 1.<\/strong> Si les premi\u00e8res photos m\u2019avaient laiss\u00e9 dubitatif, le rendu final est plut\u00f4t r\u00e9ussi. Le contact offre une <strong>texture soyeuse<\/strong>, tr\u00e8s agr\u00e9able sous les doigts.<\/p>\n<p>Trois finitions sont propos\u00e9es cette ann\u00e9e : un <strong>bleu intense<\/strong> (le mod\u00e8le de notre test), un <strong>orange cosmique<\/strong> fer-de-lance de la communication d\u2019Apple, et un coloris <strong>argent<\/strong> plus classique.<\/p>\n<p>Un bloc photo qui s\u2019impose, sans r\u00e9gler tous les probl\u00e8mes<\/p>\n<p>Le changement le plus visible se situe au niveau du module photo. Fini le traditionnel carr\u00e9 log\u00e9 dans le coin sup\u00e9rieur gauche. Apple a pris le parti de revoir enti\u00e8rement sa copie en int\u00e9grant un bloc qui <strong>prend toute la largeur du t\u00e9l\u00e9phone<\/strong>. Cette barre horizontale abrite les <strong>trois optiques principales<\/strong>. Le flash et le capteur LiDAR, eux, ont \u00e9t\u00e9 d\u00e9cal\u00e9s et se retrouvent sur la partie droite du ch\u00e2ssis.<\/p>\n<p><a href=\"https:\/\/images.frandroid.com\/wp-content\/uploads\/2025\/10\/apple-iphone-17-pro-max-3.jpg\" target=\"_blank\" class=\"article-content__figure\" rel=\"noopener\"><img loading=\"lazy\" decoding=\"async\" width=\"1200\" height=\"800\" src=\"https:\/\/www.europesays.com\/fr\/wp-content\/uploads\/2025\/10\/apple-iphone-17-pro-max-3-1200x800.jpg\" alt=\"\" class=\"wp-image-2834949 wp-image\"  \/><\/a>Apple iPhone 17 Pro Max \/\/ Source : Chlo\u00e9 Pertuis pour Frandroid<\/p>\n<p>Si ce choix esth\u00e9tique a le m\u00e9rite d\u2019offrir une signature visuelle forte et reconnaissable, il ne r\u00e9sout pas un probl\u00e8me r\u00e9current : la stabilit\u00e9 du t\u00e9l\u00e9phone une fois pos\u00e9 \u00e0 plat. En effet, malgr\u00e9 ce nouveau design, <strong>les trois optiques d\u00e9passent encore suffisamment<\/strong> pour que l\u2019iPhone 17 Pro Max bascule lorsqu\u2019on l\u2019utilise sur une table. C\u2019est un d\u00e9tail aga\u00e7ant, que les possesseurs des Pixel de Google ne connaissent pas.<\/p>\n<p>Sur les tranches, on retrouve un agencement familier. Outre les traditionnels boutons de volume et le bouton lat\u00e9ral de d\u00e9marrage, on a toujours un <strong>bouton Action<\/strong> personnalisable ainsi que le fameux <strong>bouton d\u00e9di\u00e9 au contr\u00f4le de l\u2019appareil photo<\/strong> et que l\u2019on pense pouvoir dispara\u00eetre l\u2019an prochain.<\/p>\n<p>Une durabilit\u00e9 compliqu\u00e9e<\/p>\n<p>Parlons enfin de la solidit\u00e9 de cet iPhone 17 Pro Max. Les nouveaux bords arrondis du ch\u00e2ssis n\u2019ont pas qu\u2019une vis\u00e9e ergonomique. Il s\u2019agit \u00e9galement d\u2019une contrainte technique : cette forme est n\u00e9cessaire pour que le <strong>principe d\u2019anodisation de l\u2019aluminium soit effectif<\/strong> et que la couleur tienne durablement. Or, on observe un traitement radicalement diff\u00e9rent sur le plateau du module photo. Ses bords sont <strong>tranchants et non arrondis<\/strong>, ce qui a pour cons\u00e9quence directe d\u2019emp\u00eacher le traitement d\u2019anodisation de s\u2019accrocher correctement \u00e0 cette partie.<\/p>\n<p>Cette zone est donc un gros point de fragilit\u00e9. Il est fort probable qu\u2019elle <strong>s\u2019ab\u00eeme et se raye assez rapidement<\/strong> au contact de cl\u00e9s ou de pi\u00e8ces de monnaie dans une poche. C\u2019est un vrai souci de durabilit\u00e9 pour l\u2019esth\u00e9tisme de cet iPhone.<\/p>\n<p><a href=\"https:\/\/images.frandroid.com\/wp-content\/uploads\/2025\/10\/apple-iphone-17-pro-max-9-1.jpg\" target=\"_blank\" class=\"article-content__figure\" rel=\"noopener\"><img loading=\"lazy\" decoding=\"async\" width=\"1200\" height=\"800\" src=\"https:\/\/www.europesays.com\/fr\/wp-content\/uploads\/2025\/10\/apple-iphone-17-pro-max-9-1-1200x800.jpg\" alt=\"\" class=\"wp-image-2834955 wp-image\"  \/><\/a>Apple iPhone 17 Pro Max \/\/ Source : Chlo\u00e9 Pertuis pour Frandroid<\/p>\n<p>Heureusement, on ne peut pas en dire autant de la protection de l\u2019\u00e9cran. La face avant est recouverte d\u2019un verre <strong>Ceramic Shield 2<\/strong>, qui se r\u00e9v\u00e8le \u00eatre particuli\u00e8rement r\u00e9sistant. Il est capable de <strong>r\u00e9sister aux rayures jusqu\u2019au grade 8 sur l\u2019\u00e9chelle de Mohs<\/strong>, un score excellent quand la plupart des smartphones concurrents se rayent aux alentours du grade 6 ou 7.<\/p>\n<p>Enfin, c\u00f4t\u00e9 certifications, l\u2019iPhone 17 Pro Max est annonc\u00e9 <strong>IP68<\/strong>. D\u2019apr\u00e8s Apple, il peut donc \u00eatre immerg\u00e9 jusqu\u2019\u00e0 <strong>6 m\u00e8tres de profondeur pendant 30 minutes au maximum<\/strong>. On notera cependant qu\u2019il fait l\u2019impasse sur la certification IP69, que l\u2019on retrouve chez pas mal de concurrents sous Android, et qui garantit une r\u00e9sistance contre les jets d\u2019eau chaude \u00e0 haute pression.<\/p>\n<p>\u00c9cran<\/p>\n<p>L\u2019\u00e9cran de l\u2019iPhone 17 Pro Max ne change pas fondamentalement la formule, mais cherche \u00e0 l\u2019am\u00e9liorer sur des points cl\u00e9s comme la luminosit\u00e9 et la justesse des couleurs. <\/p>\n<p>On retrouve une <strong>dalle OLED Super Retina XDR<\/strong> de <strong>6,9 pouces<\/strong>, une diagonale g\u00e9n\u00e9reuse qui en fait toujours un excellent support pour les usages multim\u00e9dias. La d\u00e9finition ne bouge pas, avec <strong>2868 x 1320 pixels<\/strong> , offrant une r\u00e9solution de 460 ppp. La technologie <strong>ProMotion<\/strong> est bien s\u00fbr de la partie, garantissant un taux de rafra\u00eechissement adaptatif pouvant grimper jusqu\u2019\u00e0 <strong>120 Hz<\/strong>.<\/p>\n<p><a href=\"https:\/\/images.frandroid.com\/wp-content\/uploads\/2025\/10\/apple-iphone-17-pro-max-11.jpg\" target=\"_blank\" class=\"article-content__figure\" rel=\"noopener\"><img loading=\"lazy\" decoding=\"async\" width=\"1200\" height=\"800\" src=\"https:\/\/www.europesays.com\/fr\/wp-content\/uploads\/2025\/10\/apple-iphone-17-pro-max-11-1200x800.jpg\" alt=\"\" class=\"wp-image-2834961 wp-image\"  \/><\/a>Apple iPhone 17 Pro Max \/\/ Source : Chlo\u00e9 Pertuis pour Frandroid<\/p>\n<p>Une luminosit\u00e9 qui veut toucher les sommets<\/p>\n<p>Apple promet des chiffres de luminosit\u00e9 tr\u00e8s \u00e9lev\u00e9s. La fiche technique annonce <strong>1000 nits en usage standard<\/strong>, un pic \u00e0 <strong>1600 nits pour les contenus HDR<\/strong> et m\u00eame une pouss\u00e9e jusqu\u2019\u00e0 <strong>3000 nits en ext\u00e9rieur<\/strong>. Une fois l\u2019\u00e9cran pass\u00e9 sous notre sonde et analys\u00e9 avec le logiciel <a href=\"https:\/\/www.frandroid.com\/produits-android\/smartphone\/614122_comment-sont-testes-les-smartphones-chez-frandroid\" target=\"_blank\" rel=\"noreferrer noopener\">CalMAN Ultimate<\/a> de <a href=\"https:\/\/www.portrait.com\/\" target=\"_blank\" rel=\"noreferrer noopener\">Portrait Displays<\/a>, les r\u00e9sultats sont, comme souvent, un peu diff\u00e9rents, mais restent excellents.<\/p>\n<p>Nous avons mesur\u00e9 une luminosit\u00e9 effective en SDR de <strong>1045 nits<\/strong>, soit l\u00e9g\u00e8rement plus que la promesse. En HDR, le pic atteint <strong>2400 nits<\/strong>. On s\u2019approche des donn\u00e9es du constructeur, sans toutefois atteindre les pics annonc\u00e9s dans des conditions tr\u00e8s sp\u00e9cifiques. L\u2019\u00e9cran reste quoi qu\u2019il en soit parfaitement lisible en toutes circonstances.<\/p>\n<p>Une colorim\u00e9trie mieux ma\u00eetris\u00e9e, mais pas encore parfaite<\/p>\n<p>C\u2019est sur la justesse colorim\u00e9trique que l\u2019iPhone 17 Pro Max progresse le plus cette ann\u00e9e. En SDR, nous avons mesur\u00e9 un <strong>Delta E de 2,9<\/strong>. C\u2019est une nette am\u00e9lioration par rapport \u00e0 l\u2019iPhone 16 Pro Max, dont le Delta E s\u2019\u00e9levait \u00e0 3,8. L\u2019affichage gagne donc en pr\u00e9cision passant sous le seuil de 3, sous lequel l\u2019oeil humain est tromp\u00e9 et ne voit plus nuances colorim\u00e9triques. En HDR, le constat est plus mitig\u00e9 : si le rendu s\u2019am\u00e9liore, le Delta E reste sup\u00e9rieur \u00e0 6, ce qui peut encore engendrer des impr\u00e9cisions et des d\u00e9rives colorim\u00e9triques sur les contenus compatibles.<\/p>\n<p><a href=\"https:\/\/images.frandroid.com\/wp-content\/uploads\/2025\/10\/iphone-17promax-sdr.png\" target=\"_blank\" class=\"article-content__figure\" rel=\"noopener\"><img loading=\"lazy\" decoding=\"async\" width=\"1200\" height=\"977\" src=\"https:\/\/www.europesays.com\/fr\/wp-content\/uploads\/2025\/10\/iphone-17promax-sdr-1200x977.png\" alt=\"\" class=\"wp-image-2835199 wp-image\"  \/><\/a>DeltaE en SDR<\/p>\n<p>La temp\u00e9rature des couleurs a \u00e9t\u00e9 mesur\u00e9e \u00e0 <strong>6216 K<\/strong>. On est donc sur un affichage qui tire tr\u00e8s l\u00e9g\u00e8rement vers les tons chauds, avec un blanc qui n\u2019est pas parfaitement neutre.<\/p>\n<p>Le point le plus d\u00e9cevant de cette dalle concerne la couverture des espaces colorim\u00e9triques. Alors que la fiche technique mentionne une \u00ab <strong>Large gamme de couleurs (P3)<\/strong> \u00bb, nos mesures indiquent que l\u2019espace <strong>DCI-P3 n\u2019est couvert qu\u2019\u00e0 69 %<\/strong>. C\u2019est un r\u00e9sultat assez faible pour un smartphone haut de gamme, m\u00eame si elle reste coh\u00e9rente avec ce que proposait Apple l\u2019an dernier. Sur ce point Apple stagne et se fait distancer par la concurrence.<\/p>\n<p><a href=\"https:\/\/images.frandroid.com\/wp-content\/uploads\/2025\/10\/iphone-17promax-hdr.png\" target=\"_blank\" class=\"article-content__figure\" rel=\"noopener\"><img loading=\"lazy\" decoding=\"async\" width=\"1200\" height=\"977\" src=\"https:\/\/www.europesays.com\/fr\/wp-content\/uploads\/2025\/10\/iphone-17promax-hdr-1200x977.png\" alt=\"\" class=\"wp-image-2835201 wp-image\"  \/><\/a>DeltaE en HDR<\/p>\n<p>En bref, l\u2019\u00e9cran de l\u2019iPhone 17 Pro Max est une version am\u00e9lior\u00e9e de son pr\u00e9d\u00e9cesseur, notamment sur la justesse des couleurs en SDR et sur sa luminosit\u00e9 maximale en HDR, mais il ne repr\u00e9sente pas un bouleversement majeur et conserve quelques faiblesses.<\/p>\n<p>Performances<\/p>\n<p>Chaque ann\u00e9e, la nouvelle puce d\u2019Apple est attendue au tournant, et l\u2019<strong>A19 Pro<\/strong> qui \u00e9quipe cet iPhone 17 Pro Max ne fait pas exception. Elle embarque un <strong>CPU 6 c\u0153urs<\/strong> (deux c\u0153urs de performance et quatre \u00e0 haute efficacit\u00e9 \u00e9nerg\u00e9tique), un <strong>GPU 6 c\u0153urs<\/strong> et <strong>16 c\u0153urs<\/strong> neuronaux. Mais la v\u00e9ritable nouveaut\u00e9, celle qui change la donne, n\u2019est pas tant la puce elle-m\u00eame que la mani\u00e8re dont elle est refroidie.<\/p>\n<p><a href=\"https:\/\/images.frandroid.com\/wp-content\/uploads\/2025\/10\/pxl-20251016-143238191portraitoriginal2.jpg\" target=\"_blank\" class=\"article-content__figure\" rel=\"noopener\"><img loading=\"lazy\" decoding=\"async\" width=\"1200\" height=\"904\" src=\"https:\/\/www.europesays.com\/fr\/wp-content\/uploads\/2025\/10\/pxl-20251016-143238191portraitoriginal2-1200x904.jpg\" alt=\"\" class=\"wp-image-2835023 wp-image\"  \/><\/a><\/p>\n<p>La chambre \u00e0 vapeur : Apple rattrape enfin son retard<\/p>\n<p>Enfin ! On pourrait presque le crier. Apr\u00e8s des ann\u00e9es \u00e0 voir les smartphones Android haut de gamme en profiter, Apple int\u00e8gre pour la premi\u00e8re fois sur un iPhone une <strong>chambre \u00e0 vapeur<\/strong>. Le principe est simple, mais efficace : une infime quantit\u00e9 d\u2019eau, au contact de la chaleur du processeur, se vaporise. Cette vapeur se d\u00e9place et se condense dans une zone plus froide du ch\u00e2ssis, lib\u00e9rant ainsi la chaleur, avant de redevenir liquide et de recommencer le cycle.<\/p>\n<p><a href=\"https:\/\/www.europesays.com\/fr\/wp-content\/uploads\/2025\/10\/design-sans-titre-1.jpg\" target=\"_blank\" class=\"article-content__figure\"><img loading=\"lazy\" decoding=\"async\" width=\"1024\" height=\"768\" src=\"https:\/\/www.europesays.com\/fr\/wp-content\/uploads\/2025\/10\/design-sans-titre-1.jpg\" alt=\"\" class=\"wp-image-2835025 wp-image\"  \/><\/a><\/p>\n<p>Ce syst\u00e8me permet de dissiper la chaleur bien plus efficacement qu\u2019auparavant. La cons\u00e9quence directe est que la puce A19 Pro peut fonctionner \u00e0 de plus hautes fr\u00e9quences de mani\u00e8re prolong\u00e9e, <strong>sans souffrir de throttling plus que de raison<\/strong>, ce ph\u00e9nom\u00e8ne de limitation de la puissance pour \u00e9viter la surchauffe.<\/p>\n<p>Une domination dans les benchmarks<\/p>\n<p>Cette meilleure gestion thermique se traduit par des scores excellents. Sur nos benchmarks, l\u2019iPhone 17 Pro Max et sa puce A19 Pro ont atteint un r\u00e9sultat de <strong>69 132 points<\/strong>. C\u2019est une progression significative par rapport aux <strong>61 540 points<\/strong> de l\u2019A18 Pro de l\u2019iPhone 16 Pro Max, soit <strong>une diff\u00e9rence de plus de 12 %<\/strong>.<\/p>\n<p>L\u2019\u00e9cart se maintient face \u00e0 la concurrence. Le Snapdragon 8 Elite du Galaxy S25 Ultra, avec ses 62 733 points, est nettement distanc\u00e9. M\u00eame le tout nouveau Snapdragon 8 Elite Gen 5, qui commence \u00e0 peine \u00e0 \u00e9quiper les smartphones de nouvelle g\u00e9n\u00e9ration, fait moins bien que la puce d\u2019Apple, <a href=\"https:\/\/www.frandroid.com\/marques\/realme\/2807267_jai-teste-le-nouveau-snapdragon-8-elite-gen-5-sur-un-prototype-realme-et-ca-decoiffe\" target=\"_blank\" rel=\"noopener\">du moins sur le prototype de GT 8 Pro que nous avons pu tester<\/a>.<\/p>\n<p><a href=\"https:\/\/images.frandroid.com\/wp-content\/uploads\/2025\/10\/image-31.png\" target=\"_blank\" class=\"article-content__figure\" rel=\"noopener\"><img loading=\"lazy\" decoding=\"async\" width=\"1200\" height=\"505\" src=\"https:\/\/www.europesays.com\/fr\/wp-content\/uploads\/2025\/10\/image-31-1200x505.png\" alt=\"\" class=\"wp-image-2829817 wp-image\"  \/><\/a>Moyennes normalis\u00e9es de diff\u00e9rents benchmarks.<\/p>\n<p>En pratique : une fluidit\u00e9 \u00e0 toute \u00e9preuve<\/p>\n<p>Au-del\u00e0 des chiffres, on ressent au quotidien la puissance de l\u2019A19 Pro. La navigation, le traitement photo, le multit\u00e2che\u2026 tout s\u2019ex\u00e9cute avec une fluidit\u00e9 parfaite, sans jamais le moindre ralentissement, m\u00eame avec de nombreuses applications ouvertes. Pour mon usage personnel, la cr\u00e9ation de petites vid\u00e9os en \u00ab Film Magique \u00bb via iMovie est ultra rapide, rendant le partage de contenus beaucoup plus rapide.<\/p>\n<p>En jeu, le constat est tout aussi positif. Une session sur Genshin Impact se d\u00e9roule sans accroc, et surtout, sans avoir les doigts qui br\u00fblent. La chaleur est bien r\u00e9partie sur l\u2019ensemble du ch\u00e2ssis. Au maximum, nous avons relev\u00e9 une temp\u00e9rature de <strong>40 \u00e0 41 degr\u00e9s Celsius<\/strong> sur la coque, ce qui reste tout \u00e0 fait supportable.<\/p>\n<p>\t\t\t\t\t\t<a href=\"https:\/\/images.frandroid.com\/wp-content\/uploads\/2025\/10\/iphone-17-pro-max-2.jpg\" itemprop=\"url\" target=\"_blank\" rel=\"noopener\"><\/p>\n<p>\t\t\t\t\t\t\t<img decoding=\"async\" class=\"wp-image\" src=\"https:\/\/www.europesays.com\/fr\/wp-content\/uploads\/2025\/10\/iphone-17-pro-max-2.jpg\"  width=\"460\" height=\"613\" loading=\"lazy\" data-original-width=\"460\" data-original-height=\"613\" itemprop=\"http:\/\/schema.org\/image\" title=\"iphone 17 pro max 2\" alt=\"iphone 17 pro max 2\" style=\"width: 460px; height: 613px;\"\/><br \/>\n\t\t\t\t\t\t<\/a><\/p>\n<p>\t\t\t\t\t\t<a href=\"https:\/\/images.frandroid.com\/wp-content\/uploads\/2025\/10\/iphone-17-pro-max.jpg\" itemprop=\"url\" target=\"_blank\" rel=\"noopener\"><\/p>\n<p>\t\t\t\t\t\t\t<img decoding=\"async\" class=\"wp-image\" src=\"https:\/\/www.europesays.com\/fr\/wp-content\/uploads\/2025\/10\/iphone-17-pro-max.jpg\"  width=\"460\" height=\"613\" loading=\"lazy\" data-original-width=\"460\" data-original-height=\"613\" itemprop=\"http:\/\/schema.org\/image\" title=\"iphone 17 pro max\" alt=\"iphone 17 pro max\" style=\"width: 460px; height: 613px;\"\/><br \/>\n\t\t\t\t\t\t<\/a><\/p>\n<p>L\u2019A19 Pro est un processeur surpuissant, mais son v\u00e9ritable atout cette ann\u00e9e est d\u2019\u00eatre enfin associ\u00e9 \u00e0 un syst\u00e8me de refroidissement digne de ce nom, lui permettant de d\u00e9ployer tout son potentiel en toute circonstance.<\/p>\n<p>Logiciel<\/p>\n<p>C\u00f4t\u00e9 logiciel, l\u2019iPhone 17 Pro Max fonctionne sous iOS 26 et d\u00e9sormais iOS 26.1. Il profite de la nouvelle interface Liquid Glass. Celle-ci offre un rendu tout en transparence. C\u2019est une nouvelle identit\u00e9 visuelle qui ne fait pas consensus, mais pour ma part je m\u2019y suis habitu\u00e9. Quelques errances peuvent encore appara\u00eetre, mais dans l\u2019ensemble c\u2019est ma\u00eetris\u00e9.<\/p>\n<p><a href=\"https:\/\/images.frandroid.com\/wp-content\/uploads\/2025\/10\/apple-iphone-17-pro-max-16.jpg\" target=\"_blank\" class=\"article-content__figure\" rel=\"noopener\"><img loading=\"lazy\" decoding=\"async\" width=\"1200\" height=\"800\" src=\"https:\/\/www.europesays.com\/fr\/wp-content\/uploads\/2025\/10\/apple-iphone-17-pro-max-16-1200x800.jpg\" alt=\"\" class=\"wp-image-2835161 wp-image\"  \/><\/a>Apple iPhone 17 Pro Max \/\/ Source : Chlo\u00e9 Pertuis pour Frandroid<\/p>\n<p>L\u2019\u00e9cran d\u2019accueil s\u2019adapte au fond d\u2019\u00e9cran, faisant passer l\u2019horloge derri\u00e8re ses \u00e9l\u00e9ments pour ne pas les couvrir. On a aussi une nouvelle interface photo simplifi\u00e9e avec un acc\u00e8s facilit\u00e9 aux r\u00e9glages.<\/p>\n<p>Le point qui m\u2019a le plus int\u00e9ress\u00e9 c\u2019est le filtrage d\u2019appels. Utilisateur de Begone depuis des ann\u00e9es, je suis content de voir enfin du nouveau sur le sujet sur les iPhone. Lorsqu\u2019un num\u00e9ro inconnu appelle, le syst\u00e8me demande le nom et l\u2019objet de l\u2019appel, informations qui sont ensuite remont\u00e9es \u00e0 l\u2019utilisateur. C\u2019est pratique, mais certains appelants ne go\u00fbtent pas le principe et raccrochent avant.<\/p>\n<p>C\u00f4t\u00e9 Apple Intelligence, pas de grandes nouveaut\u00e9s. On reste tr\u00e8s loin de Galaxy AI ou Gemini. Siri est toujours aussi limit\u00e9 et ChatGPT est int\u00e9gr\u00e9 aux forceps. Surtout, on n\u2019a toujours pas droit \u00e0 l\u2019enti\u00e8ret\u00e9 de l\u2019offre IA d\u2019Apple en Europe.<\/p>\n<p>Photo <\/p>\n<p>Apple a unifi\u00e9 ses capteurs sur les 17 Pro. On a d\u00e9sormais trois objectifs de 48 MP, une installation dite Fusion qui doit offrir une homog\u00e9n\u00e9it\u00e9 de rendu et une fluidit\u00e9 entre les diff\u00e9rentes focales.<\/p>\n<p><a href=\"https:\/\/images.frandroid.com\/wp-content\/uploads\/2025\/10\/apple-iphone-17-pro-max-32.jpg\" target=\"_blank\" class=\"article-content__figure\" rel=\"noopener\"><img loading=\"lazy\" decoding=\"async\" width=\"1200\" height=\"800\" src=\"https:\/\/www.europesays.com\/fr\/wp-content\/uploads\/2025\/10\/apple-iphone-17-pro-max-32-1200x800.jpg\" alt=\"\" class=\"wp-image-2835165 wp-image\"  \/><\/a>Apple iPhone 17 Pro Max \/\/ Source : Chlo\u00e9 Pertuis pour Frandroid<\/p>\n<p>Ensuite, plut\u00f4t que d\u2019agrandir l\u2019image pour un zoom num\u00e9rique, Apple vient recadrer un clich\u00e9 pris en optique pour b\u00e9n\u00e9ficier d\u2019une meilleure r\u00e9solution. D\u2019une photo x4 en 48 MP, on arrive ainsi \u00e0 une de 12 MP en x8, c\u2019est ce qu\u2019Apple appelle \u00ab de qualit\u00e9 optique\u00a0\u00bb, mais \u00e7a n\u2019est pas un zoom optique pour autant et \u00e7a se sent en basse lumi\u00e8re.<\/p>\n<p>Zoom<\/p>\n<p>L\u2019iPhone 17 Pro Max dispose d\u2019un zoom optique x4 capable de monter num\u00e9riquement jusqu\u2019\u00e0 x40. Performant sur sa partie optique et hybride, il montre logiquement ses limites en zoom num\u00e9rique extr\u00eames.<\/p>\n<p>Le <strong>zoom x2<\/strong> est issu du capteur principal. Il se montre de bonnes facture. Si l\u2019appellation \u00ab\u00a0qualit\u00e9 optique\u00a0\u00bb est fausse, au premier coup d\u2019oeil, on n\u2019y voit que du feu. Il fournit des images aussi d\u00e9taill\u00e9es qu\u2019un v\u00e9ritable capteur d\u00e9di\u00e9, avec l\u2019avantage de la grande ouverture du module principal.<\/p>\n<p><a href=\"https:\/\/images.frandroid.com\/wp-content\/uploads\/2025\/10\/x2.jpeg\" target=\"_blank\" class=\"article-content__figure\" rel=\"noopener\"><img loading=\"lazy\" decoding=\"async\" width=\"1200\" height=\"1600\" src=\"https:\/\/www.europesays.com\/fr\/wp-content\/uploads\/2025\/10\/x2-1200x1600.jpeg\" alt=\"\" class=\"wp-image-2832847 wp-image\"  \/><\/a><\/p>\n<p>Le zoom<strong> x4<\/strong> est le v\u00e9ritable point fort du syst\u00e8me. Le t\u00e9l\u00e9objectif de 100 mm produit des clich\u00e9s nets et d\u00e9taill\u00e9s, comme le montrent les d\u00e9tails sur la toile d\u2019araign\u00e9e ou l\u2019architecture de l\u2019\u00e9glise. C\u2019est une focale polyvalente qui excelle pour isoler des sujets avec une excellente qualit\u00e9 d\u2019image.<\/p>\n<p>En utilisant un recadrage sur le capteur x4, on obtient le x8 vant\u00e9 par Apple. Il offre une port\u00e9e de 200 mm avec une d\u00e9gradation minimale, rendant ce niveau de zoom parfaitement utilisable au quotidien. Mon clich\u00e9 du camion de pompiers en est la preuve. Attention, \u00e7a reste du zoom num\u00e9rique qui n\u2019\u00e9quivaut pas \u00e0 une focale optique.<\/p>\n<p>\t\t\t\t\t\t<a href=\"https:\/\/images.frandroid.com\/wp-content\/uploads\/2025\/10\/x8.jpeg\" itemprop=\"url\" target=\"_blank\" rel=\"noopener\"><\/p>\n<p>\t\t\t\t\t\t\t<img decoding=\"async\" class=\"wp-image\" src=\"https:\/\/www.europesays.com\/fr\/wp-content\/uploads\/2025\/10\/x8.jpeg\"  width=\"589\" height=\"442\" loading=\"lazy\" data-original-width=\"589\" data-original-height=\"442\" itemprop=\"http:\/\/schema.org\/image\" title=\"x8\" alt=\"x8\" style=\"width: 589px; height: 442px;\"\/><br \/>\n\t\t\t\t\t\t<\/a><\/p>\n<p>\t\t\t\t\t\t<a href=\"https:\/\/images.frandroid.com\/wp-content\/uploads\/2025\/10\/x8-1.jpeg\" itemprop=\"url\" target=\"_blank\" rel=\"noopener\"><\/p>\n<p>\t\t\t\t\t\t\t<img decoding=\"async\" class=\"wp-image\" src=\"https:\/\/www.europesays.com\/fr\/wp-content\/uploads\/2025\/10\/x8-1.jpeg\"  width=\"331\" height=\"442\" loading=\"lazy\" data-original-width=\"331\" data-original-height=\"442\" itemprop=\"http:\/\/schema.org\/image\" title=\"x8\" alt=\"x8\" style=\"width: 331px; height: 442px;\"\/><br \/>\n\t\t\t\t\t\t<\/a><\/p>\n<p>Au-del\u00e0, la performance chute de mani\u00e8re significative. Le <strong>zoom x20<\/strong> montre bien un traitement algorithmique plus lourd, o\u00f9 le lissage et les artefacts deviennent \u00e9vidents. Si le r\u00e9sultat peut d\u00e9panner, il ne conserve pas l\u2019int\u00e9grit\u00e9 photographique des paliers pr\u00e9c\u00e9dents. Enfin, le <strong>zoom x40<\/strong> est anecdotique ; la d\u00e9gradation est telle que les clich\u00e9s perdent la quasi-totalit\u00e9 de leurs d\u00e9tails et textures, le rendant difficilement exploitable. <\/p>\n<p>\t\t\t\t\t\t<a href=\"https:\/\/images.frandroid.com\/wp-content\/uploads\/2025\/10\/x40.jpeg\" itemprop=\"url\" target=\"_blank\" rel=\"noopener\"><\/p>\n<p>\t\t\t\t\t\t\t<img decoding=\"async\" class=\"wp-image\" src=\"https:\/\/www.europesays.com\/fr\/wp-content\/uploads\/2025\/10\/x40.jpeg\"  width=\"589\" height=\"442\" loading=\"lazy\" data-original-width=\"589\" data-original-height=\"442\" itemprop=\"http:\/\/schema.org\/image\" title=\"x40\" alt=\"x40\" style=\"width: 589px; height: 442px;\"\/><br \/>\n\t\t\t\t\t\t<\/a><\/p>\n<p>\t\t\t\t\t\t<a href=\"https:\/\/images.frandroid.com\/wp-content\/uploads\/2025\/10\/x40a.jpeg\" itemprop=\"url\" target=\"_blank\" rel=\"noopener\"><\/p>\n<p>\t\t\t\t\t\t\t<img decoding=\"async\" class=\"wp-image\" src=\"https:\/\/www.europesays.com\/fr\/wp-content\/uploads\/2025\/10\/x40a.jpeg\"  width=\"331\" height=\"442\" loading=\"lazy\" data-original-width=\"331\" data-original-height=\"442\" itemprop=\"http:\/\/schema.org\/image\" title=\"x40a\" alt=\"x40a\" style=\"width: 331px; height: 442px;\"\/><br \/>\n\t\t\t\t\t\t<\/a><\/p>\n<p>De nuit, le zoom de l\u2019iPhone 17 Pro Max offre des performances tr\u00e8s contrast\u00e9es.<\/p>\n<p>En <strong>x2<\/strong>, les r\u00e9sultats sont bons, car le syst\u00e8me s\u2019appuie sur le grand et lumineux capteur principal.<\/p>\n<p><a href=\"https:\/\/images.frandroid.com\/wp-content\/uploads\/2025\/10\/x2-1.jpeg\" target=\"_blank\" class=\"article-content__figure\" rel=\"noopener\"><img loading=\"lazy\" decoding=\"async\" width=\"1200\" height=\"900\" src=\"https:\/\/www.europesays.com\/fr\/wp-content\/uploads\/2025\/10\/x2-1-1200x900.jpeg\" alt=\"\" class=\"wp-image-2832891 wp-image\"  \/><\/a><\/p>\n<p>Le passage au t\u00e9l\u00e9objectif optique <strong>x4<\/strong> marque une premi\u00e8re baisse de qualit\u00e9. Bien que les photos restent tout \u00e0 fait convenables, l\u2019ouverture plus faible de l\u2019optique (\u0192\/2,8) force le logiciel \u00e0 lisser davantage l\u2019image pour g\u00e9rer le bruit, entra\u00eenant une perte de textures fines.<\/p>\n<p>Au-del\u00e0, la qualit\u00e9 se d\u00e9grade rapidement. Le <strong>zoom x8<\/strong>, obtenu par recadrage du t\u00e9l\u00e9objectif, produit des images tr\u00e8s douces, aux d\u00e9tails dilu\u00e9s par le traitement anti-bruit. Le <strong>zoom x20<\/strong> est quant \u00e0 lui inexploitable dans la plupart des situations.<\/p>\n<p>\t\t\t\t\t\t<a href=\"https:\/\/images.frandroid.com\/wp-content\/uploads\/2025\/10\/x8-2.jpeg\" itemprop=\"url\" target=\"_blank\" rel=\"noopener\"><\/p>\n<p>\t\t\t\t\t\t\t<img decoding=\"async\" class=\"wp-image\" src=\"https:\/\/www.europesays.com\/fr\/wp-content\/uploads\/2025\/10\/x8-2.jpeg\"  width=\"589\" height=\"442\" loading=\"lazy\" data-original-width=\"589\" data-original-height=\"442\" itemprop=\"http:\/\/schema.org\/image\" title=\"x8\" alt=\"x8\" style=\"width: 589px; height: 442px;\"\/><br \/>\n\t\t\t\t\t\t<\/a><\/p>\n<p>\t\t\t\t\t\t<a href=\"https:\/\/images.frandroid.com\/wp-content\/uploads\/2025\/10\/x20-1.jpeg\" itemprop=\"url\" target=\"_blank\" rel=\"noopener\"><\/p>\n<p>\t\t\t\t\t\t\t<img decoding=\"async\" class=\"wp-image\" src=\"https:\/\/www.europesays.com\/fr\/wp-content\/uploads\/2025\/10\/x20-1.jpeg\"  width=\"331\" height=\"442\" loading=\"lazy\" data-original-width=\"331\" data-original-height=\"442\" itemprop=\"http:\/\/schema.org\/image\" title=\"x20\" alt=\"x20\" style=\"width: 331px; height: 442px;\"\/><br \/>\n\t\t\t\t\t\t<\/a><\/p>\n<p>Enfin, le <strong>zoom x40<\/strong> produit un r\u00e9sultat m\u00e9diocre sur une sc\u00e8ne d\u2019int\u00e9rieur peu \u00e9clair\u00e9e, mais il est capable de restituer une image d\u00e9taill\u00e9e de la Lune. Cette dualit\u00e9 prouve que si le mat\u00e9riel atteint vite ses limites, des astuces logicielles peuvent produire des r\u00e9sultats ponctuellement bluffants, bien que tr\u00e8s situationnels.<\/p>\n<p>\t\t\t\t\t\t<a href=\"https:\/\/images.frandroid.com\/wp-content\/uploads\/2025\/10\/x40b.jpeg\" itemprop=\"url\" target=\"_blank\" rel=\"noopener\"><\/p>\n<p>\t\t\t\t\t\t\t<img decoding=\"async\" class=\"wp-image\" src=\"https:\/\/www.europesays.com\/fr\/wp-content\/uploads\/2025\/10\/x40b.jpeg\"  width=\"460\" height=\"613\" loading=\"lazy\" data-original-width=\"460\" data-original-height=\"613\" itemprop=\"http:\/\/schema.org\/image\" title=\"x40b\" alt=\"x40b\" style=\"width: 460px; height: 613px;\"\/><br \/>\n\t\t\t\t\t\t<\/a><\/p>\n<p>\t\t\t\t\t\t<a href=\"https:\/\/images.frandroid.com\/wp-content\/uploads\/2025\/10\/x40-1.jpeg\" itemprop=\"url\" target=\"_blank\" rel=\"noopener\"><\/p>\n<p>\t\t\t\t\t\t\t<img decoding=\"async\" class=\"wp-image\" src=\"https:\/\/www.europesays.com\/fr\/wp-content\/uploads\/2025\/10\/x40-1.jpeg\"  width=\"460\" height=\"613\" loading=\"lazy\" data-original-width=\"460\" data-original-height=\"613\" itemprop=\"http:\/\/schema.org\/image\" title=\"x40\" alt=\"x40\" style=\"width: 460px; height: 613px;\"\/><br \/>\n\t\t\t\t\t\t<\/a><\/p>\n<p>Grand-angle<\/p>\n<p>Le capteur principal de l\u2019iPhone 17 Pro Max est heureusement performant. La principale qualit\u00e9 observ\u00e9e est son excellente gestion de la plage dynamique, comme le d\u00e9montre parfaitement le clich\u00e9 des canards en contre-jour, o\u00f9 les d\u00e9tails du feuillage autour de la lanterne, tous sont pr\u00e9serv\u00e9s sans effet artificiel. De m\u00eame, dans l\u2019\u00e9glise, l\u2019exposition reste juste entre la nef sombre et les vitraux. <\/p>\n<p>Le piqu\u00e9 est \u00e9galement d\u2019un tr\u00e8s bon niveau, restituant avec pr\u00e9cision les textures fines comme les ar\u00eates des briques de la Joconde. <\/p>\n<p>La colorim\u00e9trie s\u2019av\u00e8re juste et la balance des blancs fiable, ce qui se v\u00e9rifie sur le rendu naturel de l\u2019herbe et du ciel. <\/p>\n<p>En mode nuit, l\u2019iPhone 17 Pro Max se r\u00e9v\u00e8le particuli\u00e8rement efficace et intelligent dans sa gestion des sc\u00e8nes complexes. <\/p>\n<p>\t\t\t\t\t\t<a href=\"https:\/\/images.frandroid.com\/wp-content\/uploads\/2025\/10\/img-0084-1.jpeg\" itemprop=\"url\" target=\"_blank\" rel=\"noopener\"><\/p>\n<p>\t\t\t\t\t\t\t<img decoding=\"async\" class=\"wp-image\" src=\"https:\/\/www.europesays.com\/fr\/wp-content\/uploads\/2025\/10\/img-0084-1.jpeg\"  width=\"460\" height=\"345\" loading=\"lazy\" data-original-width=\"460\" data-original-height=\"345\" itemprop=\"http:\/\/schema.org\/image\" title=\"IMG_0084\" alt=\"IMG_0084\" style=\"width: 460px; height: 345px;\"\/><br \/>\n\t\t\t\t\t\t<\/a><\/p>\n<p>\t\t\t\t\t\t<a href=\"https:\/\/images.frandroid.com\/wp-content\/uploads\/2025\/10\/x1.jpeg\" itemprop=\"url\" target=\"_blank\" rel=\"noopener\"><\/p>\n<p>\t\t\t\t\t\t\t<img decoding=\"async\" class=\"wp-image\" src=\"https:\/\/www.europesays.com\/fr\/wp-content\/uploads\/2025\/10\/x1.jpeg\"  width=\"460\" height=\"345\" loading=\"lazy\" data-original-width=\"460\" data-original-height=\"345\" itemprop=\"http:\/\/schema.org\/image\" title=\"x1\" alt=\"x1\" style=\"width: 460px; height: 345px;\"\/><br \/>\n\t\t\t\t\t\t<\/a><\/p>\n<p>Il parvient \u00e0 \u00e9quilibrer des sources lumineuses tr\u00e8s diff\u00e9rentes, comme l\u2019illustre la photo de la fa\u00e7ade o\u00f9 la lumi\u00e8re vive de la fen\u00eatre cohabite avec le ciel sombre sans perte d\u2019information. La fid\u00e9lit\u00e9 colorim\u00e9trique est maintenue, m\u00eame sous un \u00e9clairage artificiel chaud, pr\u00e9servant l\u2019ambiance sans d\u00e9rive de couleur. <\/p>\n<p><a href=\"https:\/\/images.frandroid.com\/wp-content\/uploads\/2025\/10\/img-0096.jpeg\" target=\"_blank\" class=\"article-content__figure\" rel=\"noopener\"><img loading=\"lazy\" decoding=\"async\" width=\"1200\" height=\"900\" src=\"https:\/\/www.europesays.com\/fr\/wp-content\/uploads\/2025\/10\/img-0096-1200x900.jpeg\" alt=\"\" class=\"wp-image-2830263 wp-image\"  \/><\/a><\/p>\n<p>Mieux, dans des conditions de quasi-obscurit\u00e9, comme avec la voiture ici, l\u2019iPhone pousse pour capturer un maximum de lumi\u00e8re, acceptant un l\u00e9ger bruit en contrepartie d\u2019une meilleure lisibilit\u00e9 de la sc\u00e8ne. De mani\u00e8re g\u00e9n\u00e9rale, le niveau de d\u00e9tail reste \u00e9lev\u00e9 et le rendu naturel gr\u00e2ce \u00e0 un traitement logiciel qui trouve un juste milieu entre r\u00e9duction du bruit et conservation des textures. <\/p>\n<p>Surtout, pour la petite histoire, voici ci-dessous ce que je voyais au travers de l\u2019\u00e9cran du t\u00e9l\u00e9phone. Une belle mise en lumi\u00e8re !<\/p>\n<p><a href=\"https:\/\/images.frandroid.com\/wp-content\/uploads\/2025\/10\/img-0097-1.jpg\" target=\"_blank\" class=\"article-content__figure\" rel=\"noopener\"><img loading=\"lazy\" decoding=\"async\" width=\"1200\" height=\"552\" src=\"https:\/\/www.europesays.com\/fr\/wp-content\/uploads\/2025\/10\/img-0097-1-1200x552.jpg\" alt=\"\" class=\"wp-image-2831559 wp-image\"  \/><\/a><\/p>\n<p>Portrait<\/p>\n<p>Le mode portrait de l\u2019iPhone 17 Pro Max est disponible en x1, x2 et x4. Les deux focales extr\u00eames sont natives et donc plus pr\u00e9cises. Le d\u00e9tourage du sujet est pr\u00e9cis et le bokeh naturel. <\/p>\n<p>Cependant, la performance se d\u00e9grade logiquement la nuit. Si les focales x1 et x2 restent acceptables en s\u2019appuyant sur le capteur principal, le passage au t\u00e9l\u00e9objectif x4 en basse lumi\u00e8re est probl\u00e9matique. La photo ici en x4 pr\u00e9sente une perte de d\u00e9tails massive et un lissage excessif, cons\u00e9quences directes de l\u2019ouverture plus faible du t\u00e9l\u00e9objectif. Le syst\u00e8me montre ici ses limites physiques qu\u2019Apple ne cherche pas \u00e0 d\u00e9passer \u00e0 grand renfort d\u2019IA comme certains de ses concurrents. Un choix assum\u00e9.<\/p>\n<p>Ultra grand-angle<\/p>\n<p>Le capteur de 48 MP profite nettement \u00e0 l\u2019ultra grand-angle de l\u2019iPhone 17 Pro Max, surtout en journ\u00e9e. Il offre un niveau de d\u00e9tail \u00e9lev\u00e9 au centre de l\u2019image et une excellente polyvalence avec son mode macro. La correction de la distorsion est \u00e9galement bien g\u00e9r\u00e9e, comme le prouve la relative droiture des lignes dans l\u2019\u00e9glise. <\/p>\n<p>Cependant, les faiblesses inh\u00e9rentes \u00e0 cette optique persistent : une perte de nettet\u00e9 notable sur les bords reste pr\u00e9sente. <\/p>\n<p>Ces limites sont exacerb\u00e9es en basse lumi\u00e8re. Le traitement d\u2019image devient plus agressif, entra\u00eenant un lissage visible et une accentuation de la mollesse en p\u00e9riph\u00e9rie, comme sur la photo de la maison. L\u2019\u00e9cart de qualit\u00e9 avec le capteur principal se creuse la nuit.<\/p>\n<p>\t\t\t\t\t\t<a href=\"https:\/\/images.frandroid.com\/wp-content\/uploads\/2025\/10\/uga-nuit-2.jpeg\" itemprop=\"url\" target=\"_blank\" rel=\"noopener\"><\/p>\n<p>\t\t\t\t\t\t\t<img decoding=\"async\" class=\"wp-image\" src=\"https:\/\/www.europesays.com\/fr\/wp-content\/uploads\/2025\/10\/uga-nuit-2.jpeg\"  width=\"924\" height=\"693\" loading=\"lazy\" data-original-width=\"924\" data-original-height=\"693\" itemprop=\"http:\/\/schema.org\/image\" title=\"uga nuit  2\" alt=\"uga nuit  2\" style=\"width: 924px; height: 693px;\"\/><br \/>\n\t\t\t\t\t\t<\/a><\/p>\n<p>Selfie<\/p>\n<p>En pleine lumi\u00e8re, le capteur selfie permet de capturer des d\u00e9tails fins. Le rendu des couleurs et des teints de peau est fid\u00e8le et naturel, sans lissage forc\u00e9, ce qui offre un aspect authentique. La gestion de l\u2019exposition et de la plage dynamique est \u00e9galement efficace, m\u00eame en pr\u00e9sence de fort contre-jour. De nuit, le capteur maintient une performance honorable. Si un lissage est logiquement appliqu\u00e9 pour contenir le bruit, l\u2019image reste exploitable, avec un visage bien expos\u00e9 et des couleurs cr\u00e9dibles.<\/p>\n<p>Mais surtout, on appr\u00e9cie la nouveaut\u00e9 de la gamme 2025 qui int\u00e8gre un capteur avant carr\u00e9. Cela permet de recadrer automatiquement les prises de vue en fonction de la sc\u00e8ne. Une personne, le t\u00e9l\u00e9phone shoote en verticale. S\u2019il y a un groupe, il passe \u00e0 l\u2019horizontale sans avoir \u00e0 le tourner manuellement de 90\u00b0.<\/p>\n<p>\t\t\t\t\t\t<a href=\"https:\/\/images.frandroid.com\/wp-content\/uploads\/2025\/10\/selfie-1.jpeg\" itemprop=\"url\" target=\"_blank\" rel=\"noopener\"><\/p>\n<p>\t\t\t\t\t\t\t<img decoding=\"async\" class=\"wp-image\" src=\"https:\/\/www.europesays.com\/fr\/wp-content\/uploads\/2025\/10\/selfie-1.jpeg\"  width=\"460\" height=\"613\" loading=\"lazy\" data-original-width=\"460\" data-original-height=\"613\" itemprop=\"http:\/\/schema.org\/image\" title=\"selfie\" alt=\"selfie\" style=\"width: 460px; height: 613px;\"\/><br \/>\n\t\t\t\t\t\t<\/a><\/p>\n<p>\t\t\t\t\t\t<a href=\"https:\/\/images.frandroid.com\/wp-content\/uploads\/2025\/10\/selfie-nuit.jpeg\" itemprop=\"url\" target=\"_blank\" rel=\"noopener\"><\/p>\n<p>\t\t\t\t\t\t\t<img decoding=\"async\" class=\"wp-image\" src=\"https:\/\/www.europesays.com\/fr\/wp-content\/uploads\/2025\/10\/selfie-nuit.jpeg\"  width=\"460\" height=\"613\" loading=\"lazy\" data-original-width=\"460\" data-original-height=\"613\" itemprop=\"http:\/\/schema.org\/image\" title=\"selfie nuit\" alt=\"selfie nuit\" style=\"width: 460px; height: 613px;\"\/><br \/>\n\t\t\t\t\t\t<\/a><\/p>\n<p>Vid\u00e9o<\/p>\n<p>L\u2019iPhone 17 Pro Max peut filmer en 4K \u00e0 24\/25\/30\/60\/100\/120fps et en 1080p \u00e0 25\/30\/60\/120\/240fps. Tout comme l\u2019iPhone 17 Pro, il profite <a href=\"https:\/\/www.frandroid.com\/marques\/apple\/2789541_iphone-17-pro-dolby-vision-4k120-prores-raw-genlock-on-vous-explique-toutes-les-nouveautes-photo-et-video\" target=\"_blank\" rel=\"noopener\">du ProRes RAW et de Genlock<\/a>.<\/p>\n<p>Concernant le rendu, on a une bonne stabilisation. On appr\u00e9cie surtout l\u2019arriv\u00e9e de la double capture sur cette g\u00e9n\u00e9ration, qui permet d\u2019incruster la vid\u00e9o selfie dans une prise avec les capteurs arri\u00e8re. En revanche, hors des focales natives, on sent une perte de d\u00e9tails, mais avec une colorim\u00e9trie coh\u00e9rente.<\/p>\n<p class=\"bottom-text\">                <a href=\"https:\/\/www.youtube.com\/shorts\/irxvDCjrKiU\" target=\"_blank\" rel=\"noopener\">Lien YouTube<\/a>                                    <a href=\"https:\/\/www.youtube.com\/subscription_center?add_user=FrAndroidTube\" target=\"_blank\" rel=\"noopener\">S\u2019abonner \u00e0 Frandroid<\/a>                            <\/p>\n<p>                Ce contenu est bloqu\u00e9 car vous n\u2019avez pas accept\u00e9 les cookies et autres traceurs. Ce contenu est fourni par YouTube.<br \/>Pour pouvoir le visualiser, vous devez accepter l\u2019usage \u00e9tant op\u00e9r\u00e9 par YouTube avec vos donn\u00e9es qui pourront \u00eatre utilis\u00e9es pour les finalit\u00e9s suivantes : vous permettre de visualiser et de partager des contenus avec des m\u00e9dias sociaux, favoriser le d\u00e9veloppement et l\u2019am\u00e9lioration des produits d\u2019Humanoid et de ses partenaires, vous afficher des publicit\u00e9s personnalis\u00e9es par rapport \u00e0 votre profil et activit\u00e9, vous d\u00e9finir un profil publicitaire personnalis\u00e9, mesurer la performance des publicit\u00e9s et du contenu de ce site et mesurer l\u2019audience de ce site <a href=\"#\" class=\"js-privacy\" target=\"_blank\">(en savoir plus)<\/a>            <\/p>\n<p>                En cliquant sur \u00ab J\u2019accepte tout \u00bb, vous consentez aux finalit\u00e9s susmentionn\u00e9es pour l\u2019ensemble des cookies et autres traceurs d\u00e9pos\u00e9s par Humanoid et <a class=\"embed-consent-overlay-vendors-link\" href=\"#preferences-vendeurs\">ses partenaires<\/a>.            <\/p>\n<p>                Vous gardez la possibilit\u00e9 de retirer votre consentement \u00e0 tout moment. Pour plus d\u2019informations, nous vous invitons \u00e0 prendre connaissance de notre <a href=\"https:\/\/www.frandroid.com\/politique-cookies\" target=\"_blank\" rel=\"noopener\">Politique cookies<\/a>.            <\/p>\n<p>            J\u2019accepte tout        <\/p>\n<p class=\"embed-consent-overlay-manage-choices\">            <a href=\"#preferences-publicitaires\">G\u00e9rer mes choix<\/a>        <\/p>\n<p>Audio<\/p>\n<p>C\u00f4t\u00e9 audio, on a une double haut-parleur st\u00e9r\u00e9o qui reproduit une sc\u00e8ne large. Le rendu est propre et permet de profiter pleinement de ses contenus multim\u00e9dias. Vid\u00e9os, jeux et m\u00eame quelques s\u00e9ries, il tient la route. <\/p>\n<p>Le volume est suffisant et on n\u2019observe aucune saturation ou distorsion durant les appels.<\/p>\n<p>R\u00e9seau et communication<\/p>\n<p>L\u2019iPhone 17 Pro Max dispose de la puce maison N1. Elle lui accorde du Wi\u2011Fi 7 tri\u2011bandes et du Bluetooth 6. Son port USB\u2011C est en version 3.2 avec 10 Gbit\/s de bande passante.<\/p>\n<p>Durant notre test, nous n\u2019avons rencontr\u00e9 aucun souci de r\u00e9seau avec une double <a href=\"https:\/\/www.frandroid.com\/produits-android\/smartphone\/1311679_esim-definition-operateurs-et-smartphones-compatibles-tout-savoir-sur-la-carte-sim-virtuelle\" target=\"_blank\" rel=\"noopener\">eSIM<\/a> Bouygues et Orange. <\/p>\n<p><a href=\"https:\/\/images.frandroid.com\/wp-content\/uploads\/2025\/10\/apple-iphone-17-pro-max-25.jpg\" target=\"_blank\" class=\"article-content__figure\" rel=\"noopener\"><img loading=\"lazy\" decoding=\"async\" width=\"1200\" height=\"800\" src=\"https:\/\/www.europesays.com\/fr\/wp-content\/uploads\/2025\/10\/apple-iphone-17-pro-max-25-1200x800.jpg\" alt=\"\" class=\"wp-image-2835167 wp-image\"  \/><\/a>Apple iPhone 17 Pro Max \/\/ Source : Chlo\u00e9 Pertuis pour Frandroid<\/p>\n<p>D\u2019ailleurs, il est dommage que nous n\u2019ayons pas droit \u00e0 la version totalement eSIM en France, celle-ci permet d\u2019augmenter la capacit\u00e9 de la batterie. Mais nous allons voir qu\u2019il est d\u00e9j\u00e0 tr\u00e8s bien en l\u2019\u00e9tat.<\/p>\n<p>Batterie<\/p>\n<p>Gr\u00e2ce au label \u00e9nergie de l\u2019Union Europ\u00e9enne, on a d\u00e9sormais acc\u00e8s aux donn\u00e9es de batterie des iPhone. <\/p>\n<p>Et l\u2019iPhone 17 Pro Max fait un joli gap. On passe de 4835 mAh sur l\u2019iPhone 16 Pro Max \u00e0 5088 mAh sur le petit nouveau.<\/p>\n<p>Une diff\u00e9rence de 253 mAh qui se traduit par une meilleure autonomie. Utilisateur de l\u2019iPhone 16 Pro Max depuis un an, je peinais par moment \u00e0 boucler mes journ\u00e9es sans passer par le mode \u00e9conomie d\u2019\u00e9nergie.<\/p>\n<p>Depuis une semaine que j\u2019utilise son successeur, je n\u2019ai que rarement d\u00fb l\u2019activer. Une fois seulement dirais-je, lorsque je suis parti en week-end, activant le GPS \u00e0 l\u2019aller sur 3h de route et ne chargeant pas le t\u00e9l\u00e9phone le soir pour voir ce qu\u2019il pouvait faire en \u00e9tant bien utilis\u00e9. GPS, photos, vid\u00e9os, YouTube, Spotify et des r\u00e9seaux sociaux, un usage assez intensif. Au final, je ne suis tomb\u00e9 \u00e0 1% qu\u2019\u00e0 16h le lendemain apr\u00e8s l\u2019avoir pris la veille vers 6h30 du matin. C\u2019est une belle performance ! <\/p>\n<p>\t\t\t\t\t\t<a href=\"https:\/\/images.frandroid.com\/wp-content\/uploads\/2025\/10\/img-0326.jpg\" itemprop=\"url\" target=\"_blank\" rel=\"noopener\"><\/p>\n<p>\t\t\t\t\t\t\t<img decoding=\"async\" class=\"wp-image\" src=\"https:\/\/www.europesays.com\/fr\/wp-content\/uploads\/2025\/10\/img-0326.jpg\"  width=\"460\" height=\"999\" loading=\"lazy\" data-original-width=\"460\" data-original-height=\"999\" itemprop=\"http:\/\/schema.org\/image\" title=\"IMG_0326\" alt=\"IMG_0326\" style=\"width: 460px; height: 999px;\"\/><br \/>\n\t\t\t\t\t\t<\/a><\/p>\n<p>\t\t\t\t\t\t<a href=\"https:\/\/images.frandroid.com\/wp-content\/uploads\/2025\/10\/img-0325.jpg\" itemprop=\"url\" target=\"_blank\" rel=\"noopener\"><\/p>\n<p>\t\t\t\t\t\t\t<img decoding=\"async\" class=\"wp-image\" src=\"https:\/\/www.europesays.com\/fr\/wp-content\/uploads\/2025\/10\/img-0325.jpg\"  width=\"460\" height=\"999\" loading=\"lazy\" data-original-width=\"460\" data-original-height=\"999\" itemprop=\"http:\/\/schema.org\/image\" title=\"IMG_0325\" alt=\"IMG_0325\" style=\"width: 460px; height: 999px;\"\/><br \/>\n\t\t\t\t\t\t<\/a><\/p>\n<p>Dans un usage plus limit\u00e9, du quotidien, il n\u2019est pas rare que je boucle ma journ\u00e9e avec plus de 50% d\u2019autonomie. Malgr\u00e9 un \u00e9cran actif durant plus de 7h sur une journ\u00e9e, il me restait 26%, un autre jour. <\/p>\n<p>\t\t\t\t\t\t<a href=\"https:\/\/images.frandroid.com\/wp-content\/uploads\/2025\/10\/img-0259-1.jpg\" itemprop=\"url\" target=\"_blank\" rel=\"noopener\"><\/p>\n<p>\t\t\t\t\t\t\t<img decoding=\"async\" class=\"wp-image\" src=\"https:\/\/www.europesays.com\/fr\/wp-content\/uploads\/2025\/10\/img-0259-1.jpg\"  width=\"460\" height=\"999\" loading=\"lazy\" data-original-width=\"460\" data-original-height=\"999\" itemprop=\"http:\/\/schema.org\/image\" title=\"IMG_0259\" alt=\"IMG_0259\" style=\"width: 460px; height: 999px;\"\/><br \/>\n\t\t\t\t\t\t<\/a><\/p>\n<p>\t\t\t\t\t\t<a href=\"https:\/\/images.frandroid.com\/wp-content\/uploads\/2025\/10\/img-0242-1.jpg\" itemprop=\"url\" target=\"_blank\" rel=\"noopener\"><\/p>\n<p>\t\t\t\t\t\t\t<img decoding=\"async\" class=\"wp-image\" src=\"https:\/\/www.europesays.com\/fr\/wp-content\/uploads\/2025\/10\/img-0242-1.jpg\"  width=\"460\" height=\"999\" loading=\"lazy\" data-original-width=\"460\" data-original-height=\"999\" itemprop=\"http:\/\/schema.org\/image\" title=\"IMG_0242\" alt=\"IMG_0242\" style=\"width: 460px; height: 999px;\"\/><br \/>\n\t\t\t\t\t\t<\/a><\/p>\n<p>Bref, l\u2019iPhone 17 Pro Max est certes plus lourd et plus \u00e9pais, mais il sait clairement tenir la dur\u00e9e question autonomie et \u00e7a c\u2019est une excellente surprise. <\/p>\n<p>La recharge est am\u00e9lior\u00e9e et passe \u00e0 40W en filaire. On r\u00e9cup\u00e8re 50 % en 20 minutes. C\u2019est bien, mais on reste loin des standards Android qui d\u00e9passent parfois les 100W. En sus, il faut bien \u00e9videmment un chargeur secteur compatible et un c\u00e2ble USB\u2011C de qualit\u00e9 pour atteindre le pic de charge.<\/p>\n<p>La charge MagSafe (Qi2.2) grimpe, quant \u00e0 elle, \u00e0 25W avec un chargeur 30W. Le passage au Qi2.2 permet d\u2019atteindre les 25 W avec des accessoires tiers.<\/p>\n<p>Prix et disponibilit\u00e9<\/p>\n<p>L\u2019iPhone 17 Pro Max est disponible depuis le 19 septembre 2025 en trois finitions : Argent, Orange cosmique et Bleu intense. <\/p>\n<p>Quatre capacit\u00e9s de stockage sont propos\u00e9es avec l\u2019apparition d\u2019une tr\u00e8s ch\u00e8re version 2 To  : <\/p>\n<ul class=\"wp-block-list\">\n<li>iPhone 17 Pro Max 256 Go \u00e0 1479 euros<\/li>\n<li>iPhone 17 Pro Max 512 Go \u00e0 1729 euros<\/li>\n<li>iPhone 17 Pro Max 1 To \u00e0 1979 euros<\/li>\n<li>iPhone 17 Pro Max 2 To \u00e0 2479 euros<\/li>\n<\/ul>\n<p>    <a href=\"https:\/\/www.frandroid.com\/produits\/smartphones\/apple\/2788413-apple-iphone-17-pro-max\" class=\"product-resume__prices-title__product-name has-text-weight-bold\" target=\"_blank\" rel=\"noopener\"><br \/>\n    Apple iPhone 17 Pro Max    <\/a><br \/>\n        au meilleur prix<\/p>\n<p>                Voir plus d\u2019offres<br \/>\n                Voir moins d\u2019offres<\/p>\n<p>\n                iPhone 17 Pro Max<br \/>\n                L\u2019iPhone 17 Pro Max \u00e0 petit prix en location sans engagement\n            <\/p>\n<p>Il y a aussi l\u2019iPhone 17 Pro, <a href=\"https:\/\/www.frandroid.com\/marques\/apple\/2798809_test-iphone-17-pro\" target=\"_blank\" rel=\"noopener\">dont le test est disponible ici<\/a>.<\/p>\n<p>Et <a href=\"https:\/\/www.frandroid.com\/guide-dachat\/smartphones\/705312_meilleur-iphone\" target=\"_blank\" rel=\"noopener\">notre guide des meilleurs iPhone<\/a>.<\/p>\n<p class=\"shortcode-container see-more\">\n    Pour aller plus loin<br \/><a href=\"https:\/\/www.frandroid.com\/guide-dachat\/smartphones\/705312_meilleur-iphone\" target=\"_blank\" rel=\"noopener\">Quel est le meilleur des iPhone : la s\u00e9lection 2025 des mod\u00e8les \u00e0 acheter (et ceux \u00e0 \u00e9viter)<\/a>\n            <\/p>\n<p>Envie de rejoindre une communaut\u00e9 de passionn\u00e9s ? <a href=\"https:\/\/discord.com\/invite\/frandroid-311789172149190657\" target=\"_blank\" rel=\"noopener\">Notre Discord<\/a> vous accueille, c\u2019est un lieu d\u2019entraide et de passion autour de la tech.<\/p>\n","protected":false},"excerpt":{"rendered":"Le plus cher de tous les iPhone cache bien des surprises, dont une excellente autonomie et des performances&hellip;\n","protected":false},"author":2,"featured_media":468374,"comment_status":"","ping_status":"","sticky":false,"template":"","format":"standard","meta":{"footnotes":""},"categories":[7],"tags":[12578,12579,1011,27,43,40,41,39,42,44,742],"class_list":{"0":"post-468373","1":"post","2":"type-post","3":"status-publish","4":"format-standard","5":"has-post-thumbnail","7":"category-sciences-et-technologies","8":"tag-apple-iphone-17-pro","9":"tag-apple-iphone-17-pro-max","10":"tag-fr","11":"tag-france","12":"tag-science","13":"tag-science-and-technology","14":"tag-sciences","15":"tag-sciences-et-technologies","16":"tag-technologies","17":"tag-technology","18":"tag-update"},"share_on_mastodon":{"url":"https:\/\/pubeurope.com\/@fr\/115385981519521110","error":""},"_links":{"self":[{"href":"https:\/\/www.europesays.com\/fr\/wp-json\/wp\/v2\/posts\/468373","targetHints":{"allow":["GET"]}}],"collection":[{"href":"https:\/\/www.europesays.com\/fr\/wp-json\/wp\/v2\/posts"}],"about":[{"href":"https:\/\/www.europesays.com\/fr\/wp-json\/wp\/v2\/types\/post"}],"author":[{"embeddable":true,"href":"https:\/\/www.europesays.com\/fr\/wp-json\/wp\/v2\/users\/2"}],"replies":[{"embeddable":true,"href":"https:\/\/www.europesays.com\/fr\/wp-json\/wp\/v2\/comments?post=468373"}],"version-history":[{"count":0,"href":"https:\/\/www.europesays.com\/fr\/wp-json\/wp\/v2\/posts\/468373\/revisions"}],"wp:featuredmedia":[{"embeddable":true,"href":"https:\/\/www.europesays.com\/fr\/wp-json\/wp\/v2\/media\/468374"}],"wp:attachment":[{"href":"https:\/\/www.europesays.com\/fr\/wp-json\/wp\/v2\/media?parent=468373"}],"wp:term":[{"taxonomy":"category","embeddable":true,"href":"https:\/\/www.europesays.com\/fr\/wp-json\/wp\/v2\/categories?post=468373"},{"taxonomy":"post_tag","embeddable":true,"href":"https:\/\/www.europesays.com\/fr\/wp-json\/wp\/v2\/tags?post=468373"}],"curies":[{"name":"wp","href":"https:\/\/api.w.org\/{rel}","templated":true}]}}