{"id":468379,"date":"2025-10-16T21:33:11","date_gmt":"2025-10-16T21:33:11","guid":{"rendered":"https:\/\/www.europesays.com\/fr\/468379\/"},"modified":"2025-10-16T21:33:11","modified_gmt":"2025-10-16T21:33:11","slug":"la-porte-parole-du-gouvernement-maud-bregeon-assure-quil-ny-a-pas-dentourloupe-sur-les-retraites","status":"publish","type":"post","link":"https:\/\/www.europesays.com\/fr\/468379\/","title":{"rendered":"la porte-parole du gouvernement, Maud Bregeon, assure qu\u2019\u00abil n\u2019y a pas d\u2019entourloupe\u00bb sur les retraites"},"content":{"rendered":"<p>\n    Invit\u00e9e jeudi soir de BFMTV, l\u2019\u00e9lue Renaissance des Hauts-de-Seine a conc\u00e9d\u00e9 que la suspension de la r\u00e9forme la plus embl\u00e9matique du second quinquennat d\u2019Emmanuel Macron faisait \u00abbien s\u00fbr\u00bb mal.<\/p>\n<p class=\"fig-paragraph\">La promesse d\u2019une suspension de la r\u00e9forme des retraites, repoussant progressivement l\u2019\u00e2ge de d\u00e9part en retraite \u00e0 64 ans, est-elle r\u00e9alisable\u00a0? Ne risque-t-elle pas, au contraire, de se diluer au fil des discussions budg\u00e9taires, qui s\u2019ouvriront ce lundi \u00e0 l\u2019Assembl\u00e9e nationale, et du long chemin parlementaire des textes financiers\u00a0? Alors que le premier ministre,\u00a0<a href=\"http:\/\/www.lefigaro.fr\/politique\/evacue-a-une-vitesse-olympique-avec-un-discours-de-34-minutes-sebastien-lecornu-s-est-achete-plus-de-temps-20251014\" data-fig-type=\"Article\" data-gtm-custom-categorie=\"navigation\" data-gtm-custom-action=\"crossclick\" data-gtm-custom-label=\"Contextuel\" data-gtm-event=\"customEventSPE\" data-fig-domain=\"LEFIGARO\" target=\"_blank\" rel=\"noopener\">S\u00e9bastien Lecornu<\/a>, s\u2019est engag\u00e9 \u00e0 traduire son engagement par le biais d\u2019un amendement au projet de budget de la S\u00e9curit\u00e9 sociale pour 2026 (PLFSS),\u00a0<a href=\"http:\/\/www.lefigaro.fr\/politique\/parlement-pourquoi-la-reforme-des-retraites-est-encore-tres-loin-d-etre-suspendue-20251015\" data-fig-type=\"Article\" data-gtm-custom-categorie=\"navigation\" data-gtm-custom-action=\"crossclick\" data-gtm-custom-label=\"Contextuel\" data-gtm-event=\"customEventSPE\" data-fig-domain=\"LEFIGARO\" target=\"_blank\" rel=\"noopener\">des doutes \u00e9mergent<\/a>\u00a0quant \u00e0 la possibilit\u00e9 que la pause, annonc\u00e9e jusqu\u2019\u00e0 la prochaine pr\u00e9sidentielle, soit effectivement vot\u00e9e d\u2019ici la fin de l\u2019ann\u00e9e.<\/p>\n<p class=\"fig-paragraph\">De quoi donner du grain \u00e0 moudre aux Insoumis comme au\u00a0<a href=\"http:\/\/www.lefigaro.fr\/politique\/non-censure-de-sebastien-lecornu-l-echec-de-la-strategie-accelerationniste-de-marine-le-pen-20251016\" data-fig-type=\"Article\" data-gtm-custom-categorie=\"navigation\" data-gtm-custom-action=\"crossclick\" data-gtm-custom-label=\"Contextuel\" data-gtm-event=\"customEventSPE\" data-fig-domain=\"LEFIGARO\" target=\"_blank\" rel=\"noopener\">RN<\/a>, qui, \u00e0 l\u2019unisson, voient dans cette annonce une ruse du gouvernement &#8211; lequel aurait, selon eux, pi\u00e9g\u00e9 les socialistes en les pla\u00e7ant face \u00e0 un dilemme\u00a0: approuver ou rejeter l\u2019ensemble du PLFSS, au risque de devoir endosser la responsabilit\u00e9 d\u2019un \u00e9ventuel \u00e9chec de la suspension. Une issue d\u2019autant plus embarrassante pour ces derniers qu\u2019ils ont fait de cette concession une condition sine qua non de leur abstention lors de l\u2019examen des motions de censure d\u00e9pos\u00e9es contre \u00abLecornu 2\u00bb.<\/p>\n<p class=\"fig-body-link\">\n            \u00c0 lire aussi<br \/>\n        <a class=\"fig-body-link__link fig-premium-mark\" href=\"http:\/\/www.lefigaro.fr\/politique\/guillaume-tabard-la-suspension-de-la-reforme-des-retraites-ou-l-illusion-d-un-compromis-a-sens-unique-20251016\" data-fig-type=\"Article\" data-gtm-custom-categorie=\"navigation\" data-gtm-custom-action=\"crossclick\" data-gtm-custom-label=\"Contextuel\" data-gtm-event=\"customEventSPE\" data-fig-domain=\"LEFIGARO\" target=\"_blank\" rel=\"noopener\">Guillaume Tabard: \u00abLa suspension de la r\u00e9forme des retraites ou l\u2019illusion d\u2019un compromis \u00e0 sens unique\u00bb<br \/>\n    <\/a>\n<\/p>\n<p>                                    <a class=\"fig-a11y-skip a11y-hidden\" href=\"#fig-a11y-skip-main-inarticle\"><br \/>\n        Passer la publicit\u00e9<br \/>\n    <\/a><\/p>\n<p class=\"fig-paragraph\">D\u2019un c\u00f4t\u00e9, le pr\u00e9sident du Rassemblement national (RN),\u00a0<a href=\"http:\/\/www.lefigaro.fr\/politique\/pas-possible-jordan-bardella-ecarte-pour-le-moment-toute-alliance-avec-bruno-retailleau-a-rebours-de-l-appel-lance-par-eric-ciotti-20251015\" data-fig-type=\"NewsFlash\" data-gtm-custom-categorie=\"navigation\" data-gtm-custom-action=\"crossclick\" data-gtm-custom-label=\"Contextuel\" data-gtm-event=\"customEventSPE\" data-fig-domain=\"LEFIGARO\" target=\"_blank\" rel=\"noopener\">Jordan Bardella<\/a>, a raill\u00e9, mercredi soir sur LCI, le choix corn\u00e9lien auquel seront bient\u00f4t confront\u00e9s les socialistes. Partisan d\u2019une abrogation de la r\u00e9forme des retraites, la figure nationaliste a estim\u00e9 qu\u2019ils devront \u00abvalider l\u2019int\u00e9gralit\u00e9 du projet de loi\u00bb et seront \u00abcontraints et forc\u00e9s\u00bb de voter ce texte comprenant notamment \u00able gel des pensions de retraite\u00bb et \u00able doublement des franchises m\u00e9dicales\u00bb, \u00abpour que cette suspension aille au bout\u00bb. De l\u2019autre, la d\u00e9put\u00e9e m\u00e9lenchoniste, Aur\u00e9lie Trouv\u00e9, juge que la promesse de S\u00e9bastien Lecornu \u00abn\u2019est qu\u2019un leurre, une tromperie, un subterfuge\u00bb.<\/p>\n<p>La suspension fait mal, \u00abbien s\u00fbr\u00bb<\/p>\n<p class=\"fig-paragraph\">Face aux deux extr\u00e9mit\u00e9s de l\u2019\u00e9chiquier politique, la porte-parole du gouvernement, Maud Bregeon, avance sur une ligne de cr\u00eate. Si l\u2019\u00e9lue Renaissance des Hauts-de-Seine fut, il y a deux ans, l\u2019une des plus ferventes d\u00e9fenseurs de la r\u00e9forme, elle reconna\u00eet aujourd\u2019hui que la pause dans son application fait \u00abbien s\u00fbr\u00bb mal. Pour autant, elle l\u2019assure\u00a0: \u00abLe premier ministre est un homme de parole. C\u2019\u00e9tait la demande des socialistes, il n\u2019y a aucune entourloupe\u00bb, d\u00e9clare celle qui avait d\u00e9j\u00e0 occup\u00e9 cette fonction dans l\u2019\u00e9quipe de Michel Barnier.<\/p>\n<p class=\"fig-paragraph\">Affirmant que l\u2019amendement bient\u00f4t d\u00e9pos\u00e9 constitue un \u00absigne absolument majeur\u00bb de la bonne volont\u00e9 de l\u2019ex\u00e9cutif, elle renvoie d\u00e9sormais la balle aux groupes parlementaires, qui \u00abauront chacun la possibilit\u00e9 de se positionner dessus\u00bb. \u00abIl y aura d\u2019autres sujets, comme sur les franchises m\u00e9dicales, sur lesquels on discutera\u00bb, tente de rassurer Maud Bregeon, refusant d\u2019envisager un \u00ab\u00e9chec\u00bb des discussions \u00e0 venir, qu\u2019elle esp\u00e8re \u00absaines\u00bb entre le gouvernement et les socialistes. Avant de conclure, \u00e0 l\u2019attention de tous les d\u00e9put\u00e9s\u00a0: \u00abVoter un budget, c\u2019est la pr\u00e9rogative premi\u00e8re des parlementaires, il faut qu\u2019ils se saisissent de cette possibilit\u00e9\u00bb.<\/p>\n","protected":false},"excerpt":{"rendered":"Invit\u00e9e jeudi soir de BFMTV, l\u2019\u00e9lue Renaissance des Hauts-de-Seine a conc\u00e9d\u00e9 que la suspension de la r\u00e9forme la&hellip;\n","protected":false},"author":2,"featured_media":468380,"comment_status":"","ping_status":"","sticky":false,"template":"","format":"standard","meta":{"footnotes":""},"categories":[4],"tags":[11,1011,27,418,12,3541,11036,25],"class_list":{"0":"post-468379","1":"post","2":"type-post","3":"status-publish","4":"format-standard","5":"has-post-thumbnail","7":"category-france","8":"tag-actualites","9":"tag-fr","10":"tag-france","11":"tag-gouvernement","12":"tag-news","13":"tag-parti-socialiste","14":"tag-reforme-des-retraites","15":"tag-republique-francaise"},"share_on_mastodon":{"url":"https:\/\/pubeurope.com\/@fr\/115385991527769087","error":""},"_links":{"self":[{"href":"https:\/\/www.europesays.com\/fr\/wp-json\/wp\/v2\/posts\/468379","targetHints":{"allow":["GET"]}}],"collection":[{"href":"https:\/\/www.europesays.com\/fr\/wp-json\/wp\/v2\/posts"}],"about":[{"href":"https:\/\/www.europesays.com\/fr\/wp-json\/wp\/v2\/types\/post"}],"author":[{"embeddable":true,"href":"https:\/\/www.europesays.com\/fr\/wp-json\/wp\/v2\/users\/2"}],"replies":[{"embeddable":true,"href":"https:\/\/www.europesays.com\/fr\/wp-json\/wp\/v2\/comments?post=468379"}],"version-history":[{"count":0,"href":"https:\/\/www.europesays.com\/fr\/wp-json\/wp\/v2\/posts\/468379\/revisions"}],"wp:featuredmedia":[{"embeddable":true,"href":"https:\/\/www.europesays.com\/fr\/wp-json\/wp\/v2\/media\/468380"}],"wp:attachment":[{"href":"https:\/\/www.europesays.com\/fr\/wp-json\/wp\/v2\/media?parent=468379"}],"wp:term":[{"taxonomy":"category","embeddable":true,"href":"https:\/\/www.europesays.com\/fr\/wp-json\/wp\/v2\/categories?post=468379"},{"taxonomy":"post_tag","embeddable":true,"href":"https:\/\/www.europesays.com\/fr\/wp-json\/wp\/v2\/tags?post=468379"}],"curies":[{"name":"wp","href":"https:\/\/api.w.org\/{rel}","templated":true}]}}