{"id":46838,"date":"2025-04-23T15:02:11","date_gmt":"2025-04-23T15:02:11","guid":{"rendered":"https:\/\/www.europesays.com\/fr\/46838\/"},"modified":"2025-04-23T15:02:11","modified_gmt":"2025-04-23T15:02:11","slug":"environnement-industeel-a-fait-une-place-au-soleil","status":"publish","type":"post","link":"https:\/\/www.europesays.com\/fr\/46838\/","title":{"rendered":"Environnement\u00a0: Industeel a fait une place au soleil"},"content":{"rendered":"<p class=\"is-style-chapo\">Le site historique d\u2019ArcelorMittal, situ\u00e9 aux limites de Ch\u00e2teauneuf et Rive-de-Gier, a inaugur\u00e9, fin mars, aux c\u00f4t\u00e9s de l\u2019Etat, d\u2019\u00e9lus et de l\u2019investisseur \u2013 EDF Renouvelables \u2013 une centrale solaire de 4,2 ha implant\u00e9e au sein de son vaste p\u00e9rim\u00e8tre. Une partie de la solution trouv\u00e9e pour satisfaire les exigences r\u00e9glementaires quant au ruiss\u00e8lement des eaux sur une zone s\u00e9culaire de stockage de r\u00e9sidus de production. Enjeu vital pour sa conformit\u00e9, son existence m\u00eame donc, sur laquelle l\u2019usine travaillait depuis pr\u00e8s de 15 ans\u2026<\/p>\n<p><img fetchpriority=\"high\" decoding=\"async\" width=\"1024\" height=\"576\" src=\"https:\/\/www.europesays.com\/fr\/wp-content\/uploads\/2025\/04\/D-panneaux-1024x576.jpg\" alt=\"\" class=\"wp-image-78690\"  \/>Vue a\u00e9rienne de la centrale cr\u00e9\u00e9e par EDF Renouvelables c\u00f4t\u00e9 est du vaste site d\u2019Industeel. Photo transmise par ArcelorMittal | Industeel France<\/p>\n<p>A priori, compl\u00e8tement \u00e0 contrecourant. Et pourtant, dans ce cas-l\u00e0, l\u2019imperm\u00e9abilisation des sols t\u00e9moigne d\u2019une avanc\u00e9e environnementale. Entre des march\u00e9s toujours plus tendus, entre deux \u2013 en fait trois \u2013 crises internationales et une industrie soumise \u00e0 une hyper concurrence d\u00e9lest\u00e9e, elle, des normes sociales et environnementales, pas \u00e9vident d\u2019assumer, seul, du jour au lendemain, la pollution provoqu\u00e9e par une accumulation s\u00e9culaire de r\u00e9sidus. L\u2019h\u00e9ritage \u00e0 assumer de d\u00e9cennies d\u2019indiff\u00e9rence g\u00e9n\u00e9ralis\u00e9e \u2013 pas seulement de la part du monde \u00e9conomique \u2013 vis-\u00e0-vis des cons\u00e9quences de l\u2019activit\u00e9 humaine sur la nature.<\/p>\n<p>Avec une mise en demeure de la <a href=\"https:\/\/www.google.com\/url?sa=t&amp;source=web&amp;rct=j&amp;opi=89978449&amp;url=https:\/\/www.auvergne-rhone-alpes.developpement-durable.gouv.fr\/&amp;ved=2ahUKEwjQuq3ysu6MAxUkUKQEHRtxO5MQFnoECCMQAQ&amp;usg=AOvVaw1WS4GI9eUa-87ACm0TGqpy\" target=\"_blank\" rel=\"noreferrer noopener nofollow\">Dreal<\/a> sur les bras \u00e0 propos du ruiss\u00e8lement des eaux sur ses zones de stockage ferreux au d\u00e9but des ann\u00e9es 2010, c\u2019est un d\u00e9fi de mise en conformit\u00e9 de taille auquel a \u00e9t\u00e9 confront\u00e9 le fabricant de t\u00f4les d\u2019acier Industeel. Cette zone est situ\u00e9e \u00e0 l\u2019est de cet immense site flanqu\u00e9 de sa non moins immense chemin\u00e9e conserv\u00e9e \u00e0 titre purement patrimonial qui le rend si identifiable depuis l\u2019A47. Site historique \u2013 <a href=\"https:\/\/gispilot.univ-st-etienne.fr\/fr\/sites-ateliers-et-recherche-1\/site-atelier-chateauneuf.html\" target=\"_blank\" rel=\"noreferrer noopener nofollow\">160 ans<\/a> d\u2019histoire, les \u00c9tablissements Marrel \u00e0 l\u2019origine \u2013 domicili\u00e9 \u00e0 Ch\u00e2teauneuf, en fonds de vall\u00e9e, le long du Gier dans la continuit\u00e9 de la commune de Rive-de-Gier. Depuis le milieu des ann\u00e9es 2000, il appartient au groupe ArcelorMittal n\u00b01 de l\u2019acier mondial dont Industeel est une filiale. \u00a0<\/p>\n<p>La viabilit\u00e9 m\u00eame du site en jeu<\/p>\n<p>En 2023, le site comptait 288 salari\u00e9s (CDI \/ CDD) pour 34\u00a0000 t produites et 135 M\u20ac de chiffre d\u2019affaires (CA). Il a fait parler de lui et le savoir-faire sid\u00e9rurgique de la Loire avec il y a peu, en r\u00e9v\u00e9lant sa participation \u00e0 la cr\u00e9ation des <a href=\"https:\/\/www.if-saint-etienne.fr\/economie\/paris-2024-la-flamme-olympique-a-ete-fabriquee-dans-la-loire-a-industeel\" target=\"_blank\" rel=\"noreferrer noopener nofollow\">torches olympiques<\/a> mais aussi des <a href=\"https:\/\/www.if-saint-etienne.fr\/breves\/jo-de-paris-industeel-chateauneuf-arcelormittal-a-travaille-sur-les-anneaux-aussi\" target=\"_blank\" rel=\"noreferrer noopener nofollow\">anneaux g\u00e9ants<\/a> confi\u00e9s par les JO de Paris \u00e0 ArcelorMittal. Motifs de fiert\u00e9 partag\u00e9s par tous\u2026 Autre \u00e9poque, autre d\u00e9fi : au d\u00e9but des ann\u00e9es 2010 donc, l\u2019Etat lui r\u00e9clamait donc une mise en conformit\u00e9 \u00e0 propos de sa zone de stockage vis-\u00e0-vis de l\u2019\u00e9coulement des eaux\u00a0: environ 10 ha (sur 27) sur son flanc est, destin\u00e9s \u00e0 la fois \u00e0 abriter une partie de la mati\u00e8re premi\u00e8re mais aussi de r\u00e9sidus, issus de ses process de production, et pour beaucoup cumul\u00e9s par des dizaines et dizaines d\u2019ann\u00e9es d\u2019activit\u00e9. Probl\u00e8me\u00a0: les marges de man\u0153uvre d\u2019investissement d\u00e9j\u00e0 r\u00e9duites pour la production pourraient \u00eatre plomb\u00e9es par l\u2019ex\u00e9cution de la demande qui menacerait, du coup elle aussi, la viabilit\u00e9 m\u00eame du site. \u00a0\u00a0\u00a0<\/p>\n<p><img loading=\"lazy\" decoding=\"async\" width=\"1024\" height=\"768\" src=\"https:\/\/www.europesays.com\/fr\/wp-content\/uploads\/2025\/04\/IMG_3665-1024x768.jpg\" alt=\"\" class=\"wp-image-78731\"  \/>Rituel du coupage de ruban fin mars entre dirigeants d\u2019Industeel, repr\u00e9sentants d\u2019EDF Renouvelables, de l\u2019Etat et \u00e9lus locaux. Photo transmise par ArcelorMittal | Industeel France<\/p>\n<p>Paradoxe rappel\u00e9 sur place par le sous-pr\u00e9fet Hugo Le Floc\u2019h fin mars, il est vrai, \u00e0 l\u2019heure o\u00f9 le besoin de r\u00e9industrialiser semble davantage partag\u00e9 qu\u2019il y a 15 ans\u00a0: \u00ab\u00a0L\u2019Etat attend beaucoup, aussi bien en mati\u00e8re de r\u00e9industrialisation qu\u2019en mati\u00e8re de sobri\u00e9t\u00e9 fonci\u00e8re, \u00e9nerg\u00e9tique et de d\u00e9veloppement durable. Alors, comment d\u00e9velopper, red\u00e9velopper tout en restant sobre\u00a0? Ce n\u2019est pas facile mais avec une vision commune, le paradoxe peut \u00eatre surmont\u00e9. Cette op\u00e9ration embl\u00e9matique le prouve.\u00a0\u00bb \u00c9videmment, en 2025, Industeel g\u00e8re ses d\u00e9chets de mani\u00e8re plus vertueuse que ne le faisaient les fr\u00e8res Marrel en 1875 dans le contexte d\u2019une \u00e9poque qu\u2019il ne nous appartient pas de juger, en ne laissant plus ses stocks s\u2019accumuler de la m\u00eame mani\u00e8re sur les sols. Mais avec l\u2019accompagnement de l\u2019Etat, il lui a fallu investir plusieurs millions d\u2019euros pour prot\u00e9ger ne serait-ce que du \u00ab\u00a0passif\u00a0\u00bb la nappe alluviale du Gier sous sa zone de stockage en partie, en imperm\u00e9abilisant\u00a0\u2013 1,5 ha \u2013 afin de mieux diriger les eaux pollu\u00e9es vers le bassin de r\u00e9tention souterrain cr\u00e9\u00e9 (5\u00a0000 m3 en capacit\u00e9).<\/p>\n<p>La consommation \u00e9lectrique annuelle de 2 600 personnes<\/p>\n<p><img loading=\"lazy\" decoding=\"async\" width=\"1024\" height=\"576\" src=\"https:\/\/www.europesays.com\/fr\/wp-content\/uploads\/2025\/04\/dddd-1024x576.jpg\" alt=\"\" class=\"wp-image-78733\"  \/>Op\u00e9rationnelle depuis septembre 2024, la centrale est compos\u00e9e de 7 280 panneaux photovolta\u00efques. \u00a9If Saint-Etienne \/ XA<\/p>\n<p>Sous terrains encore, ces 2,5 ha de g\u00e9omembranes, des canaux, des drains, op\u00e9rationnels depuis 2022 afin d\u2019\u00e9viter tout rejet ind\u00e9sirable dans la rivi\u00e8re Gier et autre infiltration profonde dans le sol. Encore insuffisant toutefois. Puisqu\u2019il restait encore plus de 4 ha \u00e0 revoir. Mais les capacit\u00e9s d\u2019investissement de l\u2019entreprise manquaient. La solution a donc \u00e9t\u00e9 trouv\u00e9e avec un rapprochement, valid\u00e9 en 2019 par l\u2019Etat et accompagn\u00e9 par la Dreal entre <a href=\"https:\/\/www.google.com\/url?sa=t&amp;source=web&amp;rct=j&amp;opi=89978449&amp;url=https:\/\/industeel.arcelormittal.com\/&amp;ved=2ahUKEwj2_oWJrO6MAxX_TaQEHT7mMMUQFnoECD0QAQ&amp;usg=AOvVaw3wsDth-cJLkp_F9fKudByZ\" target=\"_blank\" rel=\"noreferrer noopener nofollow\">Industeel<\/a> et <a href=\"https:\/\/www.google.com\/url?sa=t&amp;source=web&amp;rct=j&amp;opi=89978449&amp;url=https:\/\/edf-renouvelables.com\/&amp;ved=2ahUKEwjQrPqcrO6MAxUmUqQEHZd2HXcQFnoECA0QAQ&amp;usg=AOvVaw1XV7oONvt6sQOZDARcWX8M\" target=\"_blank\" rel=\"noreferrer noopener nofollow\">EDF Renouvelables<\/a>, filiale d\u2019EDF sp\u00e9cialis\u00e9e dans la cr\u00e9ation de centrales \u2013 solaires, \u00e9oliennes\u2026 \u2013 de production d\u2019\u00e9nergie renouvelables comme l\u2019indique son nom. L\u2019option de cr\u00e9er sur cette zone une centrale solaire au sol imperm\u00e9abilis\u00e9, guidant l\u2019eau pluviale jusqu\u2019au bassin de r\u00e9tention, a \u00e9t\u00e9 retenue.<\/p>\n<p>EDF Renouvelables n\u2019a pas souhait\u00e9 nous indiquer le montant de cet investissement mais c\u2019est elle qui l\u2019a enti\u00e8rement pris en charge, l\u00e0 aussi on suppose pour plusieurs millions d\u2019euros. Compos\u00e9e de 7 280 panneaux photovolta\u00efques r\u00e9partis donc sur les 4,2 ha les plus \u00e0 l\u2019est du site d\u2019Industeel, la centrale dispose d\u2019une puissance install\u00e9e de 4,5 MWc. Elle est progressivement op\u00e9rationnelle depuis septembre 2024 et produit d\u00e9sormais l\u2019\u00e9quivalent de la consommation \u00e9lectrique annuelle d\u2019environ 2 600 personnes. Soit une fois et demie la population de la commune qui accueille l\u2019usine depuis donc 160 ans. <\/p>\n","protected":false},"excerpt":{"rendered":"Le site historique d\u2019ArcelorMittal, situ\u00e9 aux limites de Ch\u00e2teauneuf et Rive-de-Gier, a inaugur\u00e9, fin mars, aux c\u00f4t\u00e9s de&hellip;\n","protected":false},"author":2,"featured_media":46839,"comment_status":"","ping_status":"","sticky":false,"template":"","format":"standard","meta":{"footnotes":""},"categories":[9653],"tags":[1111,11,13620,2430,13649,436,1777,674,1011,27,13650,13651,13652,693,10326,12,13653,25,4001],"class_list":{"0":"post-46838","1":"post","2":"type-post","3":"status-publish","4":"format-standard","5":"has-post-thumbnail","7":"category-saint-etienne","8":"tag-actu","9":"tag-actualites","10":"tag-arcelormittal","11":"tag-auvergne-rhone-alpes","12":"tag-centrale-solaire","13":"tag-environnement","14":"tag-eu","15":"tag-europe","16":"tag-fr","17":"tag-france","18":"tag-inauguratif","19":"tag-industeel","20":"tag-industeel-loire","21":"tag-industrie","22":"tag-industrie-loire","23":"tag-news","24":"tag-panneaux-photovoltaiques","25":"tag-republique-francaise","26":"tag-saint-etienne"},"share_on_mastodon":{"url":"https:\/\/pubeurope.com\/@fr\/114387887669410675","error":""},"_links":{"self":[{"href":"https:\/\/www.europesays.com\/fr\/wp-json\/wp\/v2\/posts\/46838","targetHints":{"allow":["GET"]}}],"collection":[{"href":"https:\/\/www.europesays.com\/fr\/wp-json\/wp\/v2\/posts"}],"about":[{"href":"https:\/\/www.europesays.com\/fr\/wp-json\/wp\/v2\/types\/post"}],"author":[{"embeddable":true,"href":"https:\/\/www.europesays.com\/fr\/wp-json\/wp\/v2\/users\/2"}],"replies":[{"embeddable":true,"href":"https:\/\/www.europesays.com\/fr\/wp-json\/wp\/v2\/comments?post=46838"}],"version-history":[{"count":0,"href":"https:\/\/www.europesays.com\/fr\/wp-json\/wp\/v2\/posts\/46838\/revisions"}],"wp:featuredmedia":[{"embeddable":true,"href":"https:\/\/www.europesays.com\/fr\/wp-json\/wp\/v2\/media\/46839"}],"wp:attachment":[{"href":"https:\/\/www.europesays.com\/fr\/wp-json\/wp\/v2\/media?parent=46838"}],"wp:term":[{"taxonomy":"category","embeddable":true,"href":"https:\/\/www.europesays.com\/fr\/wp-json\/wp\/v2\/categories?post=46838"},{"taxonomy":"post_tag","embeddable":true,"href":"https:\/\/www.europesays.com\/fr\/wp-json\/wp\/v2\/tags?post=46838"}],"curies":[{"name":"wp","href":"https:\/\/api.w.org\/{rel}","templated":true}]}}