{"id":468381,"date":"2025-10-16T21:34:17","date_gmt":"2025-10-16T21:34:17","guid":{"rendered":"https:\/\/www.europesays.com\/fr\/468381\/"},"modified":"2025-10-16T21:34:17","modified_gmt":"2025-10-16T21:34:17","slug":"en-direct-reforme-des-retraites-il-fallait-ce-compromis-pour-permettre-la-stabilite-a-dit-macron-aux-deputes-renaissance-info-tf1","status":"publish","type":"post","link":"https:\/\/www.europesays.com\/fr\/468381\/","title":{"rendered":"EN DIRECT &#8211; R\u00e9forme des retraites : \u00ab\u00a0il fallait ce compromis pour permettre la stabilit\u00e9\u00a0\u00bb, a dit Macron aux d\u00e9put\u00e9s Renaissance (info TF1)"},"content":{"rendered":"<p>LE PS JUSTIFIE SA NON-CENSURE : \u00ab\u00a0NOUS NE RENON\u00c7ONS \u00c0 RIEN\u00a0\u00bb09:50<\/p>\n<p>\u00ab\u00a0Notre non-censure d&rsquo;aujourd&rsquo;hui n&rsquo;est \u00e9videmment en aucun cas un pacte de non-censure. Nous ne nous engageons \u00e0 rien et surtout pas \u00e0 voter ou laisser le budget r\u00e9cessif et injuste que vos ministres nous ont pr\u00e9sent\u00e9. Nous ne renon\u00e7ons \u00e0 rien et si vous-m\u00eame ou d&rsquo;autrse pouvaient en douter, je vous rappelle le pr\u00e9c\u00e9dent Fran\u00e7ois Bayrou qui s&rsquo;\u00e9tait un peu vite berc\u00e9 d&rsquo;illusions \u00e0 notre sujet\u00a0\u00bb, d\u00e9clare Laurent Baumel, d\u00e9put\u00e9 PS d&rsquo;Indre-et-Loire. \u00ab\u00a0Nous croyons \u00e0 la valeur du compromis\u00a0\u00bb, insiste-t-il.<\/p>\n<p>REPLAY09:46<\/p>\n<p>\u00ab\u00a0Ne prenez pas en otage le budget\u00a0\u00bb : retrouvez l&rsquo;int\u00e9gralit\u00e9 de la r\u00e9ponse de S\u00e9bastien Lecornu aux prises de parole d&rsquo;Aur\u00e9lie Trouv\u00e9 et Marine Le Pen.<\/p>\n<p>Censure : Lecornu r\u00e9pond au RN et \u00e0 LFISource : TF1 Info<\/p>\n<p><img decoding=\"async\" src=\"https:\/\/www.europesays.com\/fr\/wp-content\/uploads\/2025\/10\/censure-lecornu-repond-au-rn-et-a-lfi-8fc6be-0@1x.jpeg\" alt=\"Censure : Lecornu r\u00e9pond au RN et \u00e0 LFI\" loading=\"lazy\" importance=\"low\" fetchpriority=\"low\" class=\"\"\/><img decoding=\"async\" src=\"https:\/\/www.tf1info.fr\/images\/icons\/player-logo-play.svg\" alt=\"Logo lecture\" class=\"jsx-d0de44c05fe3042c PlayerLazyload__Play\"\/>REPLAY09:45<\/p>\n<p>Retrouvez l&rsquo;int\u00e9gralit\u00e9 de l&rsquo;intervention de Marine Le Pen devant les d\u00e9put\u00e9s.<\/p>\n<p>Motion de censure : le RN s&rsquo;exprimeSource : TF1 Info<\/p>\n<p><img decoding=\"async\" src=\"https:\/\/www.europesays.com\/fr\/wp-content\/uploads\/2025\/10\/motion-de-censure-le-rn-s-exprime-da2bf0-0@1x.jpeg\" alt=\"Motion de censure : le RN s'exprime\" loading=\"lazy\" importance=\"low\" fetchpriority=\"low\" class=\"\"\/><img decoding=\"async\" src=\"https:\/\/www.tf1info.fr\/images\/icons\/player-logo-play.svg\" alt=\"Logo lecture\" class=\"jsx-d0de44c05fe3042c PlayerLazyload__Play\"\/>L&rsquo;APPEL AU CALME DE YA\u00cbL BRAUN-PIVET09:44<\/p>\n<p>Face aux invectives de plusieurs d\u00e9put\u00e9s, la pr\u00e9sidente de l&rsquo;Assembl\u00e9e nationale est oblig\u00e9e d&rsquo;appeler au silence alors que S\u00e9bastien Lecornu est en train de s&rsquo;exprimer. \u00ab\u00a0Vous ne pouvez pas mentir devant les Fran\u00e7aises et les Fran\u00e7ais\u00a0\u00bb, lance S\u00e9bastien Lecornu \u00e0 Marine Le Pen. \u00ab\u00a0Soit on rentre dans les d\u00e9bats, soit on rentre dans la crise politique\u00a0\u00bb, dit-il. Le Premier ministre parle d&rsquo;un \u00ab\u00a0moment de v\u00e9rit\u00e9\u00a0\u00bb entre \u00ab\u00a0ordre r\u00e9publicain\u00a0\u00bb et \u00ab\u00a0d\u00e9sordre\u00a0\u00bb.<\/p>\n<p>LECORNU R\u00c9POND \u00c0 LFI ET AU RN : \u00ab\u00a0NOUS N&rsquo;AVONS PAS PEUR DU PEUPLE\u00a0\u00bb09:39<\/p>\n<p>\u00c0 son tour \u00e0 la tribune, S\u00e9bastien Lecornu r\u00e9plique \u00e0 Marine Le Pen en assurant que son gouvernement \u00ab\u00a0n&rsquo;a pas peur du peuple\u00a0\u00bb. \u00ab\u00a0Je ne ferai pas de long discours (&#8230;), ce que je retiens c&rsquo;est que notre esprit de compromis et la volont\u00e9 de faire en sorte que les d\u00e9bats soient ouverts et aient lieu sont au fond le meilleur d\u00e9tecteur de la bonne foi ou de la mauvaise foi, avec l&rsquo;abandon du 49-3\u00a0\u00bb, ajoute-t-il.<\/p>\n<blockquote data-testid=\"EmbedTwitter\" id=\"tweet-1978724990229885275-:Rsoaj9klcmj9n79m:\" class=\"jsx-aeff1a1c40f54d7a twitter-tweet flex justify-center items-center\"><p>\ud83d\udd34 S\u00e9bastien Lecornu face \u00e0 la censure : suivez notre \u00e9dition sp\u00e9ciale en direct sur LCI  https:\/\/t.co\/QRQi5zVjf8 \u2014 LCI (@LCI)  October 16, 2025<\/p><\/blockquote>\n<p>REPLAY09:39<\/p>\n<p>Retrouvez l&rsquo;int\u00e9gralit\u00e9 de la prise de parole de la d\u00e9put\u00e9e LFI-NFP Aur\u00e9lie Trouv\u00e9.<\/p>\n<p>Motion de censure : LFI s&rsquo;exprimeSource : TF1 Info<\/p>\n<p><img decoding=\"async\" src=\"https:\/\/www.europesays.com\/fr\/wp-content\/uploads\/2025\/10\/motion-de-censure-lfi-s-exprime-fe60b3-0@1x.jpeg\" alt=\"Motion de censure : LFI s'exprime\" loading=\"lazy\" importance=\"low\" fetchpriority=\"low\" class=\"\"\/><img decoding=\"async\" src=\"https:\/\/www.tf1info.fr\/images\/icons\/player-logo-play.svg\" alt=\"Logo lecture\" class=\"jsx-d0de44c05fe3042c PlayerLazyload__Play\"\/>MARINE LE PEN : \u00ab\u00a0VOUS N&rsquo;\u00c9CHAPPEREZ PAS AU VOTE DES FRAN\u00c7AIS\u00a0\u00bb09:37<\/p>\n<p>\u00ab\u00a0Vous n&rsquo;\u00e9chapperez pas au vote des Fran\u00e7ais (&#8230;). Vous aurez tout fait, tout entrepris, tout sacrifier pour \u00e9viter de retourner aux urnes mais vous y retournerez !\u00a0\u00bb, lance Marine Le Pen. \u00ab\u00a0Le RN attend le jour de la dissolution avec une impatience croissante. Nos 140 d\u00e9put\u00e9s du RN et de l&rsquo;UDR ont h\u00e2te de retourner devant les Fran\u00e7ais\u00a0\u00bb, ajoute-t-elle. \u00ab\u00a0Ce n&rsquo;est pas une crise politique, c&rsquo;est une crise politicienne (&#8230;) pour \u00e9viter le Rassemblement national d&rsquo;arriver au pouvoir\u00a0\u00bb, dit-elle \u00e0 l&rsquo;adresse de ses \u00ab\u00a0chers compatriotes\u00a0\u00bb.<\/p>\n<p>MARINE LE PEN TACLE LE PS ET LR09:33<\/p>\n<p>Taclant le socialiste Olivier Faure, Marine Le Pen d\u00e9nonce un accord \u00ab\u00a0plac\u00e9 sous le signe de la tromperie et de la malhonn\u00eatet\u00e9\u00a0\u00bb en \u00e9voquant la suspension de la r\u00e9forme des retraites. Elle accuse ensuite Laurent Wauquiez, chef de file des d\u00e9put\u00e9s LR, de \u00ab\u00a0se dissoudre dans le socialisme\u00a0\u00bb.<\/p>\n<p>MARINE LE PEN : \u00ab\u00a0UN SYST\u00c8ME POLITIQUE \u00c0 BOUT DE SOUFFLE\u00a0\u00bb09:30<\/p>\n<p>Ce budget es\u00a0\u00bbt l&rsquo;acte ultime d&rsquo;un syst\u00e8me politique \u00e0 bout de souffle, \u00e0 bout d&rsquo;id\u00e9es et qui n&rsquo;aura rien produit d&rsquo;autre qu&rsquo;un pays \u00e0 bout de force, \u00e0 force de saign\u00e9e fiscale et de brutalisation sociale\u00a0\u00bb, d\u00e9clare Marine Le Pen. \u00ab\u00a0T\u00f4t ou tard, c&rsquo;est au RN que reviendra cette mission\u00a0\u00bb de redresser le pays. \u00a0\u00ab\u00a0Il ne manque qu&rsquo;une chose, le courage de mettre (les rem\u00e8des) en oeuvre\u00a0\u00bb, ajoute-t-elle, avan\u00e7ant que \u00ab\u00a0le seul objectif\u00a0\u00bb du Premier ministre et du gouvernement \u00e9tait \u00ab\u00a0d&rsquo;\u00e9viter de nouvelles \u00e9lections\u00a0\u00bb.<\/p>\n<p>MARINE LE PEN TACLE \u00ab\u00a0LE R\u00c8GNE DE LA M\u00c9DIOCRIT\u00c9\u00a0\u00bb09:27<\/p>\n<p>\u00ab\u00a0Monsieur le Premier ministre, je ne veux pas ajouter au d\u00e9bat politique d\u00e9j\u00e0 marqu\u00e9 par le r\u00e8gne de la m\u00e9diocrit\u00e9 et des effets de manche inutiles la moindre pierre, mais quand m\u00eame. S\u00e9rieusement. Comment voulez-vous faire accepter aux Fran\u00e7ais une ann\u00e9e de plus, apr\u00e8s des d\u00e9cennies de course \u00e0 l&rsquo;ab\u00eeme, qu&rsquo;on les spolie encore de leurs droits sociaux par incapacit\u00e9 \u00e0 toucher \u00e0 ceux que nous avons octroy\u00e9s de mani\u00e8re totalement irrationnelle \u00e0 la terre enti\u00e8re ?\u00a0\u00bb, d\u00e9clare-t-elle.<\/p>\n<p>MARINE LE PEN : LE BUDGET, \u00ab\u00a0UN MUS\u00c9E DES HORREURS\u00a0\u00bb09:22<\/p>\n<p>Au tour de Marine Le Pen, pr\u00e9sidente des d\u00e9put\u00e9s RN \u00e0 l&rsquo;Assembl\u00e9e, de d\u00e9fendre la motion de censure d\u00e9pos\u00e9e par son groupe. \u00ab\u00a0Les Fran\u00e7ais ne comptent m\u00eame plus les motions de censure depuis la r\u00e9election d&rsquo;Emmanuel Macron en 2022 et ils ne savent m\u00eame plus qui si\u00e8ge au gouvernement. Qui leur en voudrait ? La dur\u00e9e des ministres (&#8230;) se compte en heures\u00a0\u00bb, d\u00e9clare-t-elle.<\/p>\n<p>S&rsquo;adressant \u00e0 S\u00e9bastien Lecornu, elle qualifie ce budget de \u00ab\u00a0mus\u00e9e de toutes les horreurs coinc\u00e9es depuis des ann\u00e9es dans les tiroirs de Bercy\u00a0\u00bb. \u00ab\u00a0Ce n&rsquo;est pas une ann\u00e9e blanche mais une ann\u00e9e noire pour les Fran\u00e7ais, en particulier ceux qui travaillent et paient des imp\u00f4ts\u00a0\u00bb, dit-elle.<\/p>\n<p>09:17<\/p>\n<blockquote data-testid=\"EmbedTwitter\" id=\"tweet-1978720991141392409-:Rsooj9klcmj9n79m:\" class=\"jsx-aeff1a1c40f54d7a twitter-tweet flex justify-center items-center\"><p>\ud83d\udd34 LFI d\u00e9fend sa motion de censure  \ud83d\udde3\ufe0f \u00ab\u00a0Ce saccage budg\u00e9taire aura lieu si nous ne censurons pas\u00a0\u00bb :  @TrouveAurelie pic.twitter.com\/k6ZTRjMeIg \u2014 LCI (@LCI)  October 16, 2025<\/p><\/blockquote>\n<p>AUR\u00c9LIE TROUV\u00c9 : \u00ab\u00a0C&rsquo;EST MAINTENANT QU&rsquo;IL FAUT CENSURER\u00a0\u00bb09:16<\/p>\n<p>\u00ab\u00a0Si cette pseudo suspension des retraites est une victoire, c&rsquo;est bien pour le pr\u00e9sident et ceux qui le soutiennent. Mais vous tous qui avez \u00e9t\u00e9 \u00e9lus pour abroger la r\u00e9forme des retraites, allez-vous vraiment vous laisser abuser par cette aum\u00f4ne en trompe-l&rsquo;oeil ? Chers coll\u00e8gues, il n&rsquo;y a que deux options ce matin : continuer le macronisme et le n\u00e9o-lib\u00e9ralisme ou bien rompre avec eux\u00a0\u00bb, d\u00e9clare Aur\u00e9lie Trouv\u00e9. \u00ab\u00a0C&rsquo;est maintenant qu&rsquo;il faut censurer\u00a0\u00bb, insiste-t-elle.<\/p>\n<p>AUR\u00c9LIE TROUV\u00c9 : LA SUSPENSION DE LA R\u00c9FORME DES RETRAITES EST \u00ab\u00a0UN SUBTERFUGE\u00a0\u00bb09:11<\/p>\n<p>La suspension de la r\u00e9forme des retraites n&rsquo;est \u00ab\u00a0qu&rsquo;un leurre, une tromperie, un subterfuge, au mieux un tr\u00e8s bref report gliss\u00e9 par un amendement budg\u00e9taire dont rien ne garantit la pr\u00e9sence dans le texte finale\u00a0\u00bb, estime Aur\u00e9lie Trouv\u00e9 en d\u00e9fendant la motion de censure d\u00e9pos\u00e9e par LFI. \u00ab\u00a0Si ce gouvernement demeure, il poursuivra la d\u00e9molition de notre syst\u00e8me par r\u00e9partition\u00a0\u00bb, souligne-t-elle.<\/p>\n<p>AUR\u00c9LIE TROUV\u00c9 : \u00ab\u00a0VOUS AVEZ D\u00c9VAST\u00c9 L&rsquo;\u00c9CONOMIE DU PAYS\u00a0\u00bb09:08<\/p>\n<p>\u00ab\u00a0Censurer aujourd&rsquo;hui, c&rsquo;est exprimer notre attachement visc\u00e9ral \u00e0 la d\u00e9mocratie. C&rsquo;est sauver la r\u00e9publique du fanatisme de ceux qui pr\u00e9tendent aimer la France tout en la mettant sous tutelle\u00a0\u00bb, d\u00e9clare Aur\u00e9lie Trouv\u00e9, qualifiant le budget 2026 de \u00ab\u00a0saccage\u00a0\u00bb qui va \u00ab\u00a0amplifier le d\u00e9sastre\u00a0\u00bb. \u00ab\u00a0Vous avez d\u00e9vast\u00e9 l&rsquo;\u00e9conomie du pays\u00a0\u00bb, lance-t-elle.<\/p>\n<p>AUR\u00c9LIE TROUV\u00c9 (LFI-NFP) : \u00ab\u00a0VOUS SACCAGEZ LA D\u00c9MOCRATIE\u00a0\u00bb09:05<\/p>\n<p>\u00ab\u00a0Savez-vous ce qu\u2019est un moine soldat ? Un homme qui m\u00e8ne une guerre sacr\u00e9e, qui croit servir une cause sup\u00e9rieure et qui pour cela, brpule tout sur son passage. C\u2019est bien ce que vous \u00eates, celui de Monsieur Macron\u00a0\u00bb, lance Aur\u00e9lie Trouv\u00e9 \u00e0 S\u00e9bastien Lecornu qu&rsquo;elle accuse de \u00ab\u00a0saccager la d\u00e9mocratie\u00a0\u00bb.<\/p>\n<p><img decoding=\"async\" src=\"https:\/\/www.europesays.com\/fr\/wp-content\/uploads\/2025\/10\/aurelie-trouve-lfi-motion-de-censure-16-octobre-2025-2662dc-0@1x.jpeg\" alt=\"lci\" loading=\"lazy\" importance=\"low\" fetchpriority=\"low\" class=\"\"\/>lciOUVERTURE DES D\u00c9BATS09:02<\/p>\n<p>Ya\u00ebl Braun-Pivet, pr\u00e9sidente de l&rsquo;Assembl\u00e9e nationale, prend la parole pour annoncer les prises de parole des repr\u00e9sentantes des deux groupes ayant d\u00e9pos\u00e9 une motion de censure. Aur\u00e9lie Trouv\u00e9, d\u00e9put\u00e9e LFI-NFP de Seine-Saint-Denis, ouvre les d\u00e9bats pour 10 minutes.<\/p>\n<p>LECORNU EN ROUTE VERS LE PALAIS BOURBON08:57<\/p>\n<p>Le Premier ministre vient de quitter Matignon, suivi par les cam\u00e9ras, pour se diriger vers l&rsquo;Assembl\u00e9e nationale. D\u00e9but des votes pr\u00e9vu \u00e0 9h.<\/p>\n<p>\u00c9RIC CIOTTI \u00ab\u00a0VOTERA LES DEUX MOTIONS DE CENSURE\u00a0\u00bb08:49<\/p>\n<p>\u00ab\u00a0Oui, je voterai les deux motions de censure\u00a0\u00bb, assure \u00c9ric Ciotti sur BFMTV. \u00ab\u00a0Ce qui compte, c\u2019est le r\u00e9sultat. Le r\u00e9sultat, c\u2019est que Monsieur Macron arr\u00eate de faire des d\u00e9g\u00e2ts dans le pays, que ce gouvernement tombe et que les Fran\u00e7ais se prononcent\u00a0\u00bb dans cette \u00ab\u00a0crise d\u2019une violence in\u00e9dite\u00a0\u00bb, ajoute le \u00a0pr\u00e9sident du groupe UDR \u00e0 l&rsquo;Assembl\u00e9e nationale.<\/p>\n<blockquote data-testid=\"EmbedTwitter\" id=\"tweet-1978711370439770365-:Rsp6j9klcmj9n79m:\" class=\"jsx-aeff1a1c40f54d7a twitter-tweet flex justify-center items-center\"><p>\u00c9ric Ciotti (UDR): \u201cOui, je voterai les deux motions de censure\u201d  pic.twitter.com\/E7xQ5RRaX6 \u2014 BFMTV (@BFMTV)  October 16, 2025<\/p><\/blockquote>\n<p>MARINE TONDELIER : LES \u00c9COLOGISTES \u00ab\u00a0VOTERONT LA CENSURE\u00a0\u00bb08:36<\/p>\n<p>\u00ab\u00a0Quasiment \u00e0 l\u2019unanimit\u00e9, le groupe votera la censure\u00a0\u00bb, indique Marine Tondelier sur Public S\u00e9nat. \u00ab\u00a0Nous attentons forc\u00e9ment des choses sur l\u2019\u00e9cologie (\u2026). (S\u00e9bastien Lecornu) en a parl\u00e9 au S\u00e9nat dans un exercice de rattrapage contr\u00f4l\u00e9 parce qu\u2019il n\u2019avait m\u00eame pas abord\u00e9 le sujet \u00e0 l\u2019Assembl\u00e9e nationale\u00a0\u00bb lors de son discours de politique g\u00e9n\u00e9rale.<\/p>\n<blockquote data-testid=\"EmbedTwitter\" id=\"tweet-1978704944564695450-:Rsp8j9klcmj9n79m:\" class=\"jsx-aeff1a1c40f54d7a twitter-tweet flex justify-center items-center\"><p>Crise politique : \u00ab\u00a0Quasiment \u00e0 l&rsquo;unanimit\u00e9\u00a0\u00bb, le groupe \u00e9cologiste \u00e0 l&rsquo;Assembl\u00e9e nationale \u00ab\u00a0votera la censure\u00a0\u00bb contre le gouvernement, confirme  @marinetondelier . \u00ab\u00a0Nous attendons forc\u00e9ment des choses sur l&rsquo;\u00e9cologie.\u00a0\u00bb #BonjourChezVous pic.twitter.com\/CVWPHyCPFJ \u2014 Public S\u00e9nat (@publicsenat)  October 16, 2025<\/p><\/blockquote>\n<p>POUR JEAN-FRAN\u00c7OIS COP\u00c9, LA CENSURE EST \u00ab\u00a0IN\u00c9VITABLE\u00a0\u00bb08:18<\/p>\n<p>Les LR doivent-ils voter la censure ? \u00ab\u00a0Que ce soit maintenant ou un peu plus tard dans l\u2019automne, en fonction de ce qu\u2019on verra du produit, je ne vois pas comment ce gouvernement peut tenir jusqu\u2019\u00e0 la fin de l\u2019ann\u00e9e\u00a0\u00bb, estime le maire LR de Meaux sur France Inter. \u00ab\u00a0\u00c0 un moment ou un autre, c\u2019est in\u00e9vitable\u00a0\u00bb, insiste-t-il \u00e0 propos d&rsquo;un vote de la censure par la droite.<\/p>\n<blockquote data-testid=\"EmbedTwitter\" id=\"tweet-1978700940619203001-:Rspaj9klcmj9n79m:\" class=\"jsx-aeff1a1c40f54d7a twitter-tweet flex justify-center items-center\"><p>Jean-Fran\u00e7ois Cop\u00e9 : \u00ab\u00a0Que ce soit maintenant ou \u00e0 la fin du processus budg\u00e9taire, il est impossible que ce gouvernement ne soit pas censur\u00e9\u00a0\u00bb  #LaGrandeMatinale pic.twitter.com\/xWl50yUqrE \u2014 France Inter (@franceinter)  October 16, 2025<\/p><\/blockquote>\n<p>FLORENCE PORTELLI \u00ab\u00a0AURAIT VOT\u00c9 LA CENSURE\u00a0\u00bb08:12<\/p>\n<p>Si elle \u00e9tait d\u00e9put\u00e9e, la vice-pr\u00e9sidente des LR Florence Portelli \u00ab\u00a0aurait vot\u00e9\u00a0\u00bb la censure ce matin alors que m\u00eame que Laurent Wauquiez, chef de file des d\u00e9put\u00e9s LR, a demand\u00e9 \u00e0 ses \u00e9lus de ne pas la voter. \u00ab\u00a0Je consid\u00e8re aujourd\u2019hui qu\u2019on nous propose un budget socialiste et je ne suis pas socialiste. Nos partisans, nos \u00e9lecteurs atendent qu\u2019on ait des valeurs et qu\u2019on assume nos convictions\u00a0\u00bb, d\u00e9clare-t-elle sur RTL.<\/p>\n<blockquote data-testid=\"EmbedTwitter\" id=\"tweet-1978699815069331596-:Rspcj9klcmj9n79m:\" class=\"jsx-aeff1a1c40f54d7a twitter-tweet flex justify-center items-center\"><p>Censure &#8211; \u00ab\u00a0Si j\u2019\u00e9tais d\u00e9put\u00e9e, je l\u2019aurais vot\u00e9e.\u00a0\u00bb @FloPortelli , vice-pr\u00e9sidente des  #LR , au micro de  @ThomasSotto dans  #RTLMatin pic.twitter.com\/hGrmVdTGVJ \u2014 RTL France (@RTLFrance)  October 16, 2025<\/p><\/blockquote>\n<p>MANUEL BOMPARD SUR TF108:02<\/p>\n<blockquote data-testid=\"EmbedTwitter\" id=\"tweet-1978702024725127342-:Rspej9klcmj9n79m:\" class=\"jsx-aeff1a1c40f54d7a twitter-tweet flex justify-center items-center\"><p>Gaza : \u00ab\u00a0Il ne faut pas que les Am\u00e9ricains interviennent (&#8230;) Il faut que le processus de n\u00e9gociation engag\u00e9, permette qu&rsquo;il y ait un \u00c9tat palestinien qui se constitue que cet \u00e9tat dispose de tous les attributs de sa souverainet\u00e9\u00a0\u00bb,  @mbompard dans  #BonjourLaMatinaleTF1 pic.twitter.com\/JjA2PGktXz \u2014 TF1Info (@TF1Info)  October 16, 2025<\/p><\/blockquote>\n<p>MANUEL BOMPARD SUR TF108:02<\/p>\n<p>Alors que Donald Trump promet que les \u00c9tats-Unis iront d\u00e9sarmer le Hamas eux-m\u00eames si n\u00e9cessaire, Manuel Bompard s\u2019oppose \u00e0 une intervention am\u00e9ricaine. \u00ab\u00a0Il faut que le processus de n\u00e9gociations engag\u00e9 permette qu\u2019un \u00c9tat palestinien se constitue et que cet \u00c9tat palestinien dispose de tous les attributs de sa souverainet\u00e9, y compris sa propre capacit\u00e9 \u00e0 se d\u00e9fendre. Et alors la question de d\u00e9sarmement du Hamas sera une question naturelle puis qu\u2019\u00e9videmment dans ce cas-l\u00e0 c\u2019est l\u2019\u00c9tat palestinien qui doit \u00eatre en capacit\u00e9 de se d\u00e9fendre\u00a0\u00bb, insiste-t-il.<\/p>\n<p>MANUEL BOMPARD SUR TF107:57<\/p>\n<p>Interrog\u00e9 sur les ex\u00e9cutions sommaires par le Hamas de personnes pr\u00e9sent\u00e9es comme des collaborateurs d\u2019Isra\u00ebl, Manuel Bompard soutient \u00ab\u00a0\u00e9videmment\u00a0\u00bb la condamnation de ces faits par la France. \u00ab\u00a0\u00c9videmment qu\u2019on ne peut pas \u00eatre d\u2019accord avec ce type de m\u00e9thode\u00a0\u00bb, insiste-t-il. Il \u00e9voque un \u00ab\u00a0soulagement\u00a0\u00bb apr\u00e8s le cessez-le-feu et la lib\u00e9ration des otages et des prisonniers palestiniens cette semaine. \u00ab\u00a0Maintenant je souhaite que les n\u00e9gociations engag\u00e9es permettent d\u2019aboutir \u00e0 un accord de paix juste et durable\u00a0\u00bb, ajoute-t-il.<\/p>\n<p>MANUEL BOMPARD SUR TF107:52<\/p>\n<blockquote data-testid=\"EmbedTwitter\" id=\"tweet-1978700112428753192-:Rspkj9klcmj9n79m:\" class=\"jsx-aeff1a1c40f54d7a twitter-tweet flex justify-center items-center\"><p>\u00ab\u00a0Mon objectif, c&rsquo;est de faire en sorte que la censure soit vot\u00e9e\u00a0\u00bb,  @mbompard dans  #BonjourLaMatinaleTF1 pic.twitter.com\/EsYrwdtvOA \u2014 TF1Info (@TF1Info)  October 16, 2025<\/p><\/blockquote>\n<p>MANUEL BOMPARD SUR TF107:52<\/p>\n<blockquote data-testid=\"EmbedTwitter\" id=\"tweet-1978699659137708164-:Rspmj9klcmj9n79m:\" class=\"jsx-aeff1a1c40f54d7a twitter-tweet flex justify-center items-center\"><p>Suspension de la r\u00e9forme des retraites : \u00ab\u00a0C&rsquo;est une arnaque\u00a0\u00bb, les socialistes \u00ab\u00a0se sont totalement fait rouler dans la farine (&#8230;) C&rsquo;est la raison pour laquelle je pense que beaucoup s&rsquo;interrogent aujourd&rsquo;hui\u00a0\u00bb,  @mbompard dans  #BonjourLaMatinaleTF1 pic.twitter.com\/PhFGEX6u9m \u2014 TF1Info (@TF1Info)  October 16, 2025<\/p><\/blockquote>\n<p>MANUEL BOMPARD SUR TF107:51<\/p>\n<p>Son objectif premier ? Faire voter la censure. \u00ab\u00a0Ce n&rsquo;est pas une question politicienne, c&rsquo;est une question de conditions concr\u00e8tes d&rsquo;existence\u00a0\u00bb, d\u00e9clare-t-il, parlant des cons\u00e9quences des franchises m\u00e9dicales, de la baisse des APL ou de la d\u00e9sindexation des pensions de retraite.<\/p>\n<p>MANUEL BOMPARD SUR TF107:49<\/p>\n<blockquote data-testid=\"EmbedTwitter\" id=\"tweet-1978698641289130042-:Rspqj9klcmj9n79m:\" class=\"jsx-aeff1a1c40f54d7a twitter-tweet flex justify-center items-center\"><p>\u00ab\u00a0Voter la censure c&rsquo;est prot\u00e9ger les Fran\u00e7ais de l&rsquo;impact du budget\u00a0\u00bb,  @mbompard dans  #BonjourLaMatinaleTF1 pic.twitter.com\/pa2DvDFz9U \u2014 TF1Info (@TF1Info)  October 16, 2025<\/p><\/blockquote>\n<p>MANUEL BOMPARD SUR TF107:48<\/p>\n<blockquote data-testid=\"EmbedTwitter\" id=\"tweet-1978697631237829094-:Rspsj9klcmj9n79m:\" class=\"jsx-aeff1a1c40f54d7a twitter-tweet flex justify-center items-center\"><p>\u00ab\u00a0J&rsquo;appelle l&rsquo;ensemble des d\u00e9put\u00e9s \u00e0 voter la censure, j&rsquo;appelle en particulier les d\u00e9put\u00e9s socialistes \u00e0 d\u00e9sob\u00e9ir \u00e0 la consigne d&rsquo;Olivier Faure (&#8230;) Voter la censure ce matin c&rsquo;est une question de dignit\u00e9\u00a0\u00bb,  @mbompard dans  #BonjourLaMatinaleTF1 pic.twitter.com\/3eGtVnSDdT \u2014 TF1Info (@TF1Info)  October 16, 2025<\/p><\/blockquote>\n<p>MANUEL BOMPARD SUR TF107:48<\/p>\n<p>\u00ab\u00a0\u00c0 la fin du d\u00e9bat parlement, il y a une commission mixte paritaire. Les macronistes et la droite ont 8 si\u00e8ges sur 14. \u00c0 la fin, c\u2019est cette commission mixte paritaire qui r\u00e9\u00e9crira le budget de la S\u00e9curit\u00e9 sociale ou pour le dire de mani\u00e8re plus exacte, qui le r\u00e9tablira dans l\u2019\u00e9tat dans lequel il est aujourd\u2019hui\u00a0\u00bb, d\u00e9clare Manuel Bompard. Les socialistes \u00ab\u00a0se sont totalement fait rouler dans la farine\u00a0\u00bb sur la suspension de la r\u00e9forme des retraites. \u00ab\u00a0Je crois qu\u2019ils sont en train de s\u2019en rendre compte\u00a0\u00bb, ajoute-t-il.<\/p>\n<p>MANUEL BOMPARD SUR TF107:44<\/p>\n<p>Combien de d\u00e9put\u00e9s PS voteront la censure ce matin ? \u00ab\u00a0Six ont annonc\u00e9 publiquement qu\u2019ils allaient al voter, je pense qu\u2019un certain nombre y r\u00e9fl\u00e9chit encore\u00a0\u00bb, note Manuel Bompard. \u00ab\u00a0Je veux leur dire que voter aujourd\u2019hui la censure, c\u2019est prot\u00e9ger les Fran\u00e7ais de l\u2019impact du budget que Monsieur Bayrou a mis sur la table\u00a0\u00bb, ajoute-t-il, qualifiant ce budget de \u00ab\u00a0cruel\u00a0\u00bb.\u00a0<\/p>\n<p>MANUEL BOMPARD SUR TF107:41<\/p>\n<p>Le gouvernement Lecornu II va-t-il tomber ce jeudi matin ? \u00ab\u00a0Je pense que \u00e7a fait partie des possibilit\u00e9s, \u00e7a va se jouer sans doute \u00e0 quelques unit\u00e9s pr\u00e8s\u00a0\u00bb, r\u00e9agit le coordinateur national de La France Insoumise. \u00ab\u00a0J&rsquo;appelle en particulier les d\u00e9put\u00e9s socialistes \u00e0 d\u00e9sob\u00e9ir \u00e0 la consigne d&rsquo;Olivier Faure. Voter la censure est avant tout une question de dignit\u00e9\u00a0\u00bb, assure-t-il.<\/p>\n<p>MANUEL BOMPARD07:24<\/p>\n<p>Le coordinateur de la France insoumise est invit\u00e9 ce matin sur TF1.<\/p>\n<blockquote data-testid=\"EmbedTwitter\" id=\"tweet-1978692398906540132-:Rsq4j9klcmj9n79m:\" class=\"jsx-aeff1a1c40f54d7a twitter-tweet flex justify-center items-center\"><p>\ud83d\udd34 \ud835\udc00\u0300 \ud835\udc2c\ud835\udc2e\ud835\udc22\ud835\udc2f\ud835\udc2b\ud835\udc1e \ud83d\udde3\ufe0f L&rsquo;invit\u00e9 d&rsquo;\ud835\udc04\ud835\udc27 \ud835\udc13\ud835\udc28\ud835\udc2e\ud835\udc2d\ud835\udc1e \ud835\udc05\ud835\udc2b\ud835\udc1a\ud835\udc27\ud835\udc1c\ud835\udc21\ud835\udc22\ud835\udc2c\ud835\udc1e avec \ud835\udc00\ud835\udc1d\ud835\udc2b\ud835\udc22\ud835\udc1e\ud835\udc27 \ud835\udc06\ud835\udc22\ud835\udc27\ud835\udc1d\ud835\udc2b\ud835\udc1e ( @agindre ) est \ud835\udc0c\ud835\udc1a\ud835\udc27\ud835\udc2e\ud835\udc1e\ud835\udc25 \ud835\udc01\ud835\udc28\ud835\udc26\ud835\udc29\ud835\udc1a\ud835\udc2b\ud835\udc1d ( @mbompard ), coordinateur national de LFI, d\u00e9put\u00e9 des Bouches-du-Rh\u00f4ne \u23f0  #EnTouteFranchise : d\u00e8s 7h35 dans  #BonjourLaMatinaleTF1 pic.twitter.com\/G7SOevVlXK \u2014 TF1Info (@TF1Info)  October 16, 2025<\/p><\/blockquote>\n<p>ON FAIT LE POINT07:15<\/p>\n<p>Le salut du gouvernement Lecornu ne tient qu&rsquo;\u00e0 quelques voix. Explications.<\/p>\n<p>Censure contre Lecornu II : le moment de v\u00e9rit\u00e9Source : TF1 Info<\/p>\n<p><img decoding=\"async\" src=\"https:\/\/www.europesays.com\/fr\/wp-content\/uploads\/2025\/10\/censure-contre-lecornu-ii-le-moment-de-verite-362d1a-0@1x.jpeg\" alt=\"Censure contre Lecornu II : le moment de v\u00e9rit\u00e9\" loading=\"lazy\" importance=\"low\" fetchpriority=\"low\" class=\"\"\/><img decoding=\"async\" src=\"https:\/\/www.tf1info.fr\/images\/icons\/player-logo-play.svg\" alt=\"Logo lecture\" class=\"jsx-d0de44c05fe3042c PlayerLazyload__Play\"\/>JOUR J07:10<\/p>\n<p>Bonjour \u00e0 tous et bienvenue dans ce direct consacr\u00e9 \u00e0 l&rsquo;actualit\u00e9 politique de ce jeudi 16 octobre qui pourrait \u00eatre d\u00e9cisif pour le gouvernement Lecornu. L&rsquo;Assembl\u00e9e nationale examine \u00e0 partir de 9h deux motions de censure, l&rsquo;une d\u00e9pos\u00e9e par le RN et l&rsquo;autre par LFI. Suivez notre \u00e9dition sp\u00e9ciale en direct sur LCI \u00e0 partir de 8h30.<\/p>\n<p><script async src=\"https:\/\/platform.twitter.com\/widgets.js\" charset=\"utf-8\"><\/script><\/p>\n","protected":false},"excerpt":{"rendered":"LE PS JUSTIFIE SA NON-CENSURE : \u00ab\u00a0NOUS NE RENON\u00c7ONS \u00c0 RIEN\u00a0\u00bb09:50 \u00ab\u00a0Notre non-censure d&rsquo;aujourd&rsquo;hui n&rsquo;est \u00e9videmment en aucun&hellip;\n","protected":false},"author":2,"featured_media":468382,"comment_status":"","ping_status":"","sticky":false,"template":"","format":"standard","meta":{"footnotes":""},"categories":[2],"tags":[1111,11,1921,1011,27,1922,2338,5639,58884,12,4393,1078,11067,133,4530],"class_list":{"0":"post-468381","1":"post","2":"type-post","3":"status-publish","4":"format-standard","5":"has-post-thumbnail","7":"category-actualites","8":"tag-actu","9":"tag-actualites","10":"tag-article-video","11":"tag-fr","12":"tag-france","13":"tag-info","14":"tag-la-france-insoumise","15":"tag-laurent-wauquiez","16":"tag-lecornu-ii-le-nouveau-gouvernement-a-lepreuve-du-budget","17":"tag-news","18":"tag-olivier-faure","19":"tag-rassemblement-national","20":"tag-sebastien-lecornu","21":"tag-video","22":"tag-video-politique"},"share_on_mastodon":{"url":"https:\/\/pubeurope.com\/@fr\/115385998444722006","error":""},"_links":{"self":[{"href":"https:\/\/www.europesays.com\/fr\/wp-json\/wp\/v2\/posts\/468381","targetHints":{"allow":["GET"]}}],"collection":[{"href":"https:\/\/www.europesays.com\/fr\/wp-json\/wp\/v2\/posts"}],"about":[{"href":"https:\/\/www.europesays.com\/fr\/wp-json\/wp\/v2\/types\/post"}],"author":[{"embeddable":true,"href":"https:\/\/www.europesays.com\/fr\/wp-json\/wp\/v2\/users\/2"}],"replies":[{"embeddable":true,"href":"https:\/\/www.europesays.com\/fr\/wp-json\/wp\/v2\/comments?post=468381"}],"version-history":[{"count":0,"href":"https:\/\/www.europesays.com\/fr\/wp-json\/wp\/v2\/posts\/468381\/revisions"}],"wp:featuredmedia":[{"embeddable":true,"href":"https:\/\/www.europesays.com\/fr\/wp-json\/wp\/v2\/media\/468382"}],"wp:attachment":[{"href":"https:\/\/www.europesays.com\/fr\/wp-json\/wp\/v2\/media?parent=468381"}],"wp:term":[{"taxonomy":"category","embeddable":true,"href":"https:\/\/www.europesays.com\/fr\/wp-json\/wp\/v2\/categories?post=468381"},{"taxonomy":"post_tag","embeddable":true,"href":"https:\/\/www.europesays.com\/fr\/wp-json\/wp\/v2\/tags?post=468381"}],"curies":[{"name":"wp","href":"https:\/\/api.w.org\/{rel}","templated":true}]}}