{"id":468383,"date":"2025-10-16T21:35:21","date_gmt":"2025-10-16T21:35:21","guid":{"rendered":"https:\/\/www.europesays.com\/fr\/468383\/"},"modified":"2025-10-16T21:35:21","modified_gmt":"2025-10-16T21:35:21","slug":"saint-etienne-le-stage-de-3e-un-premier-pas-important-dans-le-monde-de-lentreprise","status":"publish","type":"post","link":"https:\/\/www.europesays.com\/fr\/468383\/","title":{"rendered":"Saint-\u00c9tienne. Le stage de 3e , un premier pas important dans le monde de l\u2019entreprise"},"content":{"rendered":"<p>Trouver un stage peut s\u2019av\u00e9rer compliqu\u00e9. Surtout quand on est encore au coll\u00e8ge, et plus encore quand ses parents n\u2019ont pas de r\u00e9seau, et\/ou que l\u2019on vient d\u2019un quartier populaire. Aussi, il n\u2019est pas facile de cerner d\u00e8s la classe de 3e ses aspirations professionnelles, et moins encore d\u2019aller taper \u00e0 la porte des entreprises.<\/p>\n<p>Pour toutes ces raisons, Face Loire, Fondation agir contre l\u2019exclusion, a mis en place il y a huit ans un&#8230;<\/p>\n","protected":false},"excerpt":{"rendered":"Trouver un stage peut s\u2019av\u00e9rer compliqu\u00e9. Surtout quand on est encore au coll\u00e8ge, et plus encore quand ses&hellip;\n","protected":false},"author":2,"featured_media":468384,"comment_status":"","ping_status":"","sticky":false,"template":"","format":"standard","meta":{"footnotes":""},"categories":[9653],"tags":[1111,11,2430,33,7539,1777,674,1011,27,12,25,4001,7538,216],"class_list":{"0":"post-468383","1":"post","2":"type-post","3":"status-publish","4":"format-standard","5":"has-post-thumbnail","7":"category-saint-etienne","8":"tag-actu","9":"tag-actualites","10":"tag-auvergne-rhone-alpes","11":"tag-economie","12":"tag-edition-loire-sud","13":"tag-eu","14":"tag-europe","15":"tag-fr","16":"tag-france","17":"tag-news","18":"tag-republique-francaise","19":"tag-saint-etienne","20":"tag-saint-etienne-ville","21":"tag-vie-des-entreprises"},"share_on_mastodon":{"url":"https:\/\/pubeurope.com\/@fr\/115385999260495774","error":""},"_links":{"self":[{"href":"https:\/\/www.europesays.com\/fr\/wp-json\/wp\/v2\/posts\/468383","targetHints":{"allow":["GET"]}}],"collection":[{"href":"https:\/\/www.europesays.com\/fr\/wp-json\/wp\/v2\/posts"}],"about":[{"href":"https:\/\/www.europesays.com\/fr\/wp-json\/wp\/v2\/types\/post"}],"author":[{"embeddable":true,"href":"https:\/\/www.europesays.com\/fr\/wp-json\/wp\/v2\/users\/2"}],"replies":[{"embeddable":true,"href":"https:\/\/www.europesays.com\/fr\/wp-json\/wp\/v2\/comments?post=468383"}],"version-history":[{"count":0,"href":"https:\/\/www.europesays.com\/fr\/wp-json\/wp\/v2\/posts\/468383\/revisions"}],"wp:featuredmedia":[{"embeddable":true,"href":"https:\/\/www.europesays.com\/fr\/wp-json\/wp\/v2\/media\/468384"}],"wp:attachment":[{"href":"https:\/\/www.europesays.com\/fr\/wp-json\/wp\/v2\/media?parent=468383"}],"wp:term":[{"taxonomy":"category","embeddable":true,"href":"https:\/\/www.europesays.com\/fr\/wp-json\/wp\/v2\/categories?post=468383"},{"taxonomy":"post_tag","embeddable":true,"href":"https:\/\/www.europesays.com\/fr\/wp-json\/wp\/v2\/tags?post=468383"}],"curies":[{"name":"wp","href":"https:\/\/api.w.org\/{rel}","templated":true}]}}