{"id":468385,"date":"2025-10-16T21:36:32","date_gmt":"2025-10-16T21:36:32","guid":{"rendered":"https:\/\/www.europesays.com\/fr\/468385\/"},"modified":"2025-10-16T21:36:32","modified_gmt":"2025-10-16T21:36:32","slug":"kientzheim-la-confrerie-saint-etienne-celebre-le-repas-gastronomique","status":"publish","type":"post","link":"https:\/\/www.europesays.com\/fr\/468385\/","title":{"rendered":"Kientzheim. La confr\u00e9rie Saint-\u00c9tienne c\u00e9l\u00e8bre le repas gastronomique"},"content":{"rendered":"<p>Cette ann\u00e9e, l\u2019Unesco a d\u00e9cern\u00e9 \u00e0 la confr\u00e9rie Saint-\u00c9tienne son label du \u201crepas gastronomique des Fran\u00e7ais\u201d, inscrit au patrimoine immat\u00e9riel de l\u2019humanit\u00e9. La distinction englobe l\u2019ensemble des chapitres organis\u00e9s en 2025.<\/p>\n<p>Le prochain grand chapitre, lundi 20\u00a0octobre, sera l\u2019occasion d\u2019\u00e9voquer les quinze ans de cr\u00e9ation de ce label. Ce soir-l\u00e0, c\u2019est un duo de chefs doublement \u00e9toil\u00e9s qui officieront. Marc Haeberlin (L\u2019Auberge de l\u2019Ill, \u00e0 Illhaeusern) et Olivier Nasti (La Table d\u2019Olivier Nasti, \u00e0 Kaysersberg) sublimeront \u00e0 quatre mains le \u201crepas fran\u00e7ais au retour de chasse\u201d, th\u00e8me du banquet.<\/p>\n<p>P\u00e2t\u00e9 en cro\u00fbte Richelieu, filet d\u2019anguilles au vert, tournedos de perdreaux Romanov, li\u00e8vre \u00e0 la Royale\u2026 les mets concoct\u00e9s s\u2019inspirent des menus autrefois en vigueur \u00e0 la table des rois et des aristocrates de notre pays.<\/p>\n","protected":false},"excerpt":{"rendered":"Cette ann\u00e9e, l\u2019Unesco a d\u00e9cern\u00e9 \u00e0 la confr\u00e9rie Saint-\u00c9tienne son label du \u201crepas gastronomique des Fran\u00e7ais\u201d, inscrit au&hellip;\n","protected":false},"author":2,"featured_media":468386,"comment_status":"","ping_status":"","sticky":false,"template":"","format":"standard","meta":{"footnotes":""},"categories":[9653],"tags":[1111,11,2389,2430,1687,2413,1777,674,107,1011,27,59213,12,25,4001,53599],"class_list":{"0":"post-468385","1":"post","2":"type-post","3":"status-publish","4":"format-standard","5":"has-post-thumbnail","7":"category-saint-etienne","8":"tag-actu","9":"tag-actualites","10":"tag-alsace","11":"tag-auvergne-rhone-alpes","12":"tag-culture-loisirs","13":"tag-edition-colmar-guebwiller","14":"tag-eu","15":"tag-europe","16":"tag-fil-info","17":"tag-fr","18":"tag-france","19":"tag-kientzheim","20":"tag-news","21":"tag-republique-francaise","22":"tag-saint-etienne","23":"tag-secteur-de-kaysersberg"},"share_on_mastodon":{"url":"https:\/\/pubeurope.com\/@fr\/115386003244348363","error":""},"_links":{"self":[{"href":"https:\/\/www.europesays.com\/fr\/wp-json\/wp\/v2\/posts\/468385","targetHints":{"allow":["GET"]}}],"collection":[{"href":"https:\/\/www.europesays.com\/fr\/wp-json\/wp\/v2\/posts"}],"about":[{"href":"https:\/\/www.europesays.com\/fr\/wp-json\/wp\/v2\/types\/post"}],"author":[{"embeddable":true,"href":"https:\/\/www.europesays.com\/fr\/wp-json\/wp\/v2\/users\/2"}],"replies":[{"embeddable":true,"href":"https:\/\/www.europesays.com\/fr\/wp-json\/wp\/v2\/comments?post=468385"}],"version-history":[{"count":0,"href":"https:\/\/www.europesays.com\/fr\/wp-json\/wp\/v2\/posts\/468385\/revisions"}],"wp:featuredmedia":[{"embeddable":true,"href":"https:\/\/www.europesays.com\/fr\/wp-json\/wp\/v2\/media\/468386"}],"wp:attachment":[{"href":"https:\/\/www.europesays.com\/fr\/wp-json\/wp\/v2\/media?parent=468385"}],"wp:term":[{"taxonomy":"category","embeddable":true,"href":"https:\/\/www.europesays.com\/fr\/wp-json\/wp\/v2\/categories?post=468385"},{"taxonomy":"post_tag","embeddable":true,"href":"https:\/\/www.europesays.com\/fr\/wp-json\/wp\/v2\/tags?post=468385"}],"curies":[{"name":"wp","href":"https:\/\/api.w.org\/{rel}","templated":true}]}}