{"id":468406,"date":"2025-10-16T21:48:11","date_gmt":"2025-10-16T21:48:11","guid":{"rendered":"https:\/\/www.europesays.com\/fr\/468406\/"},"modified":"2025-10-16T21:48:11","modified_gmt":"2025-10-16T21:48:11","slug":"journees-face-aux-risques-agissons-la-ville-de-rennes-mobilisee","status":"publish","type":"post","link":"https:\/\/www.europesays.com\/fr\/468406\/","title":{"rendered":"Journ\u00e9es\u00a0Face aux risques, agissons\u00a0: la Ville de Rennes mobilis\u00e9e"},"content":{"rendered":"<p>L\u2019exposition des territoires aux risques naturels, accentu\u00e9s par le changement climatique (inondations, feux de for\u00eat, temp\u00eates, cyclones\u2026), implique que chacun identifie ces ph\u00e9nom\u00e8nes et sache y faire face. Il est \u00e9galement important d\u2019informer les citoyens sur les risques associ\u00e9s aux activit\u00e9s industrielles ou \u00e0 toute autre menace\u00a0: les risques sanitaires, les attaques terroristes, les cybermenaces\u2026<\/p>\n<p><a href=\"https:\/\/www.ouest-france.fr\/publi-info\/journee-nationale-de-la-resilience-un-label-pour-agir-face-aux-risques-737\" target=\"_self\" rel=\"nofollow noopener\">Les journ\u00e9es\u00a0Face aux risques, agissons ou Journ\u00e9es de la r\u00e9silience<\/a> organis\u00e9es \u00e0 Rennes du 18 au 25\u00a0octobre 2025, visent \u00e0 sensibiliser, informer et acculturer de mani\u00e8re concr\u00e8te, stimulante et parfois m\u00eame ludique, les Rennaises et les Rennais \u00e0 ces risques et aux fa\u00e7ons de les prendre en compte.<\/p>\n<p>Des initiations gratuites<\/p>\n<p>Rendez-vous place de la Mairie et dans les quartiers, samedi 18\u00a0octobre, de 10\u00a0h \u00e0 18\u00a0h, o\u00f9 plusieurs intervenants seront pr\u00e9sents pour accueillir les citoyens, les sensibiliser de mani\u00e8re ludique aux risques majeurs et les initier aux gestes de premiers secours. Seront pr\u00e9sents les acteurs urgentistes et les associations de secouristes, coordonn\u00e9s par la Direction sant\u00e9 publique handicap de la Ville\u00a0: Samu \u2013 Cesu, Service d\u00e9partemental d\u2019incendie et de secours (SDIS 35), Union d\u00e9partementale des sapeurs-pompiers (UDSP 35), Croix-Rouge, Protection Civile 35, Croix-Blanche, Polyclinique Saint-Laurent, Union d\u00e9partementale des premiers secours (UDPS 35).<\/p>\n<p>Il sera propos\u00e9 aux habitants de se familiariser aux gestes de premiers secours v ia des initiations gratuites dispens\u00e9es par des urgentistes et des secouristes. Elles seront \u00e9galement propos\u00e9es dans plusieurs quartiers\u00a0: place Sainte-Anne avec la Protection civile 35, les Champs libres avec l\u2019UDPS 35, place Lucie-et-Ren\u00e9e-Aubrac (Maurepas) avec la Croix-Blanche, halle Agn\u00e8s-Tyrop (Le Blosne) avec la Polyclinique Saint-Laurent et la Communaut\u00e9 professionnelle territoriale de sant\u00e9 Rennes sud, centre commercial de Cleunay avec la Croix-Rouge.<\/p>\n<p>\u00a0<\/p>\n","protected":false},"excerpt":{"rendered":"L\u2019exposition des territoires aux risques naturels, accentu\u00e9s par le changement climatique (inondations, feux de for\u00eat, temp\u00eates, cyclones\u2026), implique&hellip;\n","protected":false},"author":2,"featured_media":468407,"comment_status":"","ping_status":"","sticky":false,"template":"","format":"standard","meta":{"footnotes":""},"categories":[2821],"tags":[1111,11,59218,829,1777,674,2823,1011,27,23216,23531,12,584,25,1148,4824],"class_list":{"0":"post-468406","1":"post","2":"type-post","3":"status-publish","4":"format-standard","5":"has-post-thumbnail","7":"category-rennes","8":"tag-actu","9":"tag-actualites","10":"tag-agissons","11":"tag-bretagne","12":"tag-eu","13":"tag-europe","14":"tag-face","15":"tag-fr","16":"tag-france","17":"tag-journees","18":"tag-mobilisee","19":"tag-news","20":"tag-rennes","21":"tag-republique-francaise","22":"tag-risques","23":"tag-ville"},"share_on_mastodon":{"url":"https:\/\/pubeurope.com\/@fr\/115386050461465392","error":""},"_links":{"self":[{"href":"https:\/\/www.europesays.com\/fr\/wp-json\/wp\/v2\/posts\/468406","targetHints":{"allow":["GET"]}}],"collection":[{"href":"https:\/\/www.europesays.com\/fr\/wp-json\/wp\/v2\/posts"}],"about":[{"href":"https:\/\/www.europesays.com\/fr\/wp-json\/wp\/v2\/types\/post"}],"author":[{"embeddable":true,"href":"https:\/\/www.europesays.com\/fr\/wp-json\/wp\/v2\/users\/2"}],"replies":[{"embeddable":true,"href":"https:\/\/www.europesays.com\/fr\/wp-json\/wp\/v2\/comments?post=468406"}],"version-history":[{"count":0,"href":"https:\/\/www.europesays.com\/fr\/wp-json\/wp\/v2\/posts\/468406\/revisions"}],"wp:featuredmedia":[{"embeddable":true,"href":"https:\/\/www.europesays.com\/fr\/wp-json\/wp\/v2\/media\/468407"}],"wp:attachment":[{"href":"https:\/\/www.europesays.com\/fr\/wp-json\/wp\/v2\/media?parent=468406"}],"wp:term":[{"taxonomy":"category","embeddable":true,"href":"https:\/\/www.europesays.com\/fr\/wp-json\/wp\/v2\/categories?post=468406"},{"taxonomy":"post_tag","embeddable":true,"href":"https:\/\/www.europesays.com\/fr\/wp-json\/wp\/v2\/tags?post=468406"}],"curies":[{"name":"wp","href":"https:\/\/api.w.org\/{rel}","templated":true}]}}