{"id":468410,"date":"2025-10-16T21:50:31","date_gmt":"2025-10-16T21:50:31","guid":{"rendered":"https:\/\/www.europesays.com\/fr\/468410\/"},"modified":"2025-10-16T21:50:31","modified_gmt":"2025-10-16T21:50:31","slug":"la-suspension-confirmee-en-appel","status":"publish","type":"post","link":"https:\/\/www.europesays.com\/fr\/468410\/","title":{"rendered":"la suspension confirm\u00e9e en appel"},"content":{"rendered":"<p>Les 22 et 31\u00a0mai 2024, le conseil municipal de Strasbourg puis le conseil de l\u2019Eurom\u00e9tropole de Strasbourg adoptaient l\u2019exp\u00e9rimentation d\u2019un dispositif d\u2019am\u00e9lioration de la prise en charge de la sant\u00e9 gyn\u00e9cologique au travail <a href=\"https:\/\/www.dna.fr\/politique\/2024\/05\/23\/une-experimentation-d-un-conge-de-sante-gynecologique-adopte\" target=\"_blank\" rel=\"noopener\">comprenant un cong\u00e9 de sant\u00e9 gyn\u00e9cologique \u00e0 destination de l\u2019ensemble des agentes de la collectivit\u00e9<\/a>, \u00ab\u00a0quels que soient leur statut et leur anciennet\u00e9\u00a0\u00bb.<\/p>\n<p>Quelques mois plus tard toutefois, la pr\u00e9f\u00e8te du Bas-Rhin Josiane Chevalier, <a href=\"https:\/\/www.dna.fr\/politique\/2024\/10\/11\/avant-de-s-en-aller-la-prefete-josiane-chevalier-a-lance-un-dernier-recours-contre-une-deliberation-de-la-mairie-strasbourgeoise\" target=\"_blank\" rel=\"noopener\">d\u00e9posait, juste avant de quitter ses fonctions, un recours contre cette d\u00e9lib\u00e9ration<\/a> pr\u00e9voyant 13 jours de cong\u00e9 exceptionnel pour les femmes souffrant de douleurs menstruelles, d\u2019endom\u00e9triose, de m\u00e9nopause ou d\u2019autres pathologies gyn\u00e9cologiques. Interrog\u00e9 par votre journal sur le devenir de ce recours, Jacques Witkowski, successeur de Josiane Chevalier, expliquait alors ne pas voir d\u2019argument juridique susceptible d\u2019en justifier le retrait.<\/p>\n<p>  Recours en cassation\u00a0?<\/p>\n<p>Par deux arr\u00eats dat\u00e9s de ce jeudi 16\u00a0octobre, la cour administrative d\u2019appel a jug\u00e9 qu\u2019il n\u2019y avait pas lieu de faire droit aux demandes de \u00ab\u00a0sursis \u00e0 ex\u00e9cution\u00a0\u00bb. Comprenez qu\u2019il n\u2019y avait pas lieu de \u00ab\u00a0retarder\u00a0\u00bb l\u2019application de l\u2019annulation des d\u00e9lib\u00e9rations.<\/p>\n<p>\u00ab\u00a0En l\u2019\u00e9tat de l\u2019instruction, les arguments expos\u00e9s par la Ville de Strasbourg et l\u2019Eurom\u00e9tropole ne sont pas de nature \u00e0 justifier l\u2019annulation du 24\u00a0juin 2025 et le rejet des r\u00e9f\u00e9r\u00e9s pr\u00e9sent\u00e9s en 2024 par le pr\u00e9fet devant le tribunal administratif de Strasbourg\u00a0\u00bb, \u00e9crit ainsi la cour de Nancy dans un communiqu\u00e9. Ces deux arr\u00eats, pr\u00e9cise encore la cour, \u00ab\u00a0pr\u00e9sentent un caract\u00e8re provisoire\u00a0\u00bb. La juridiction administrative d\u2019appel se prononcera ult\u00e9rieurement au fond sur les appels de la Ville et de l\u2019Eurom\u00e9tropole. Elle ajoute que le Conseil d\u2019\u00c9tat peut \u00eatre saisi par les deux collectivit\u00e9s d\u2019un recours en cassation dans un d\u00e9lai de 15 jours.<\/p>\n","protected":false},"excerpt":{"rendered":"Les 22 et 31\u00a0mai 2024, le conseil municipal de Strasbourg puis le conseil de l\u2019Eurom\u00e9tropole de Strasbourg adoptaient&hellip;\n","protected":false},"author":2,"featured_media":468411,"comment_status":"","ping_status":"","sticky":false,"template":"","format":"standard","meta":{"footnotes":""},"categories":[2820],"tags":[1111,11,2389,2649,6084,2880,1777,674,274,6757,107,1011,27,775,12,25,71,104,640,2879],"class_list":{"0":"post-468410","1":"post","2":"type-post","3":"status-publish","4":"format-standard","5":"has-post-thumbnail","7":"category-strasbourg","8":"tag-actu","9":"tag-actualites","10":"tag-alsace","11":"tag-bas-rhin","12":"tag-droit","13":"tag-edition-strasbourg","14":"tag-eu","15":"tag-europe","16":"tag-faits-divers-justice","17":"tag-feminisme","18":"tag-fil-info","19":"tag-fr","20":"tag-france","21":"tag-grand-est","22":"tag-news","23":"tag-republique-francaise","24":"tag-sante","25":"tag-societe","26":"tag-strasbourg","27":"tag-strasbourg-ville"},"share_on_mastodon":{"url":"https:\/\/pubeurope.com\/@fr\/115386058508100759","error":""},"_links":{"self":[{"href":"https:\/\/www.europesays.com\/fr\/wp-json\/wp\/v2\/posts\/468410","targetHints":{"allow":["GET"]}}],"collection":[{"href":"https:\/\/www.europesays.com\/fr\/wp-json\/wp\/v2\/posts"}],"about":[{"href":"https:\/\/www.europesays.com\/fr\/wp-json\/wp\/v2\/types\/post"}],"author":[{"embeddable":true,"href":"https:\/\/www.europesays.com\/fr\/wp-json\/wp\/v2\/users\/2"}],"replies":[{"embeddable":true,"href":"https:\/\/www.europesays.com\/fr\/wp-json\/wp\/v2\/comments?post=468410"}],"version-history":[{"count":0,"href":"https:\/\/www.europesays.com\/fr\/wp-json\/wp\/v2\/posts\/468410\/revisions"}],"wp:featuredmedia":[{"embeddable":true,"href":"https:\/\/www.europesays.com\/fr\/wp-json\/wp\/v2\/media\/468411"}],"wp:attachment":[{"href":"https:\/\/www.europesays.com\/fr\/wp-json\/wp\/v2\/media?parent=468410"}],"wp:term":[{"taxonomy":"category","embeddable":true,"href":"https:\/\/www.europesays.com\/fr\/wp-json\/wp\/v2\/categories?post=468410"},{"taxonomy":"post_tag","embeddable":true,"href":"https:\/\/www.europesays.com\/fr\/wp-json\/wp\/v2\/tags?post=468410"}],"curies":[{"name":"wp","href":"https:\/\/api.w.org\/{rel}","templated":true}]}}