{"id":468430,"date":"2025-10-16T22:00:25","date_gmt":"2025-10-16T22:00:25","guid":{"rendered":"https:\/\/www.europesays.com\/fr\/468430\/"},"modified":"2025-10-16T22:00:25","modified_gmt":"2025-10-16T22:00:25","slug":"la-bac-leur-tombe-dessus","status":"publish","type":"post","link":"https:\/\/www.europesays.com\/fr\/468430\/","title":{"rendered":"la BAC leur tombe dessus"},"content":{"rendered":"<p>            Par<br \/>\n        <strong><br \/>\n            <a href=\"https:\/\/actu.fr\/auteur\/margot-nicodeme\" title=\"Consulter tous les articles de Margot Nicod\u00e8me\" rel=\"nofollow noopener\" target=\"_blank\">Margot Nicod\u00e8me<\/a><br \/>\n        <\/strong><\/p>\n<p>        Publi\u00e9 le<\/p>\n<p>            16 oct. 2025 \u00e0 15h57        <\/p>\n<p>Les faits se sont d\u00e9roul\u00e9s <b>en pleine nuit ce jeudi 16 octobre 2025<\/b>, \u00e0 <a href=\"https:\/\/actu.fr\/hauts-de-france\/bondues_59090\" rel=\"nofollow noopener\" target=\"_blank\">Bondues<\/a> (Nord). La police est alert\u00e9e par l\u2019op\u00e9rateur <a href=\"https:\/\/actu.fr\/tag\/orange\" rel=\"nofollow noopener\" target=\"_blank\"><b>Orange<\/b><\/a> d\u2019un <b>vol de c\u00e2bles<\/b> leur appartenant, vers 2h45. C\u2019est <a href=\"https:\/\/actu.fr\/hauts-de-france\/roubaix_59512\/la-bac-se-met-sur-la-piste-dun-sac-vole-en-gare-lille-flandres-voici-comment-elle-la-retrouve-a-roubaix_63276806.html\" rel=\"nofollow noopener\" target=\"_blank\">la BAC<\/a> qui se rend sur place, plus pr\u00e9cis\u00e9ment<b> <\/b>rue Norbert-Segard, au niveau du lotissement la Dr\u00e8ve du ch\u00e2teau. L\u2019\u00e9quipage ne tarde pas \u00e0 voir ce qui s\u2019y trame.<\/p>\n<p>Bondues : \u00e0 la vue de la BAC, les voleurs de c\u00e2bles jettent leurs pinces et gants et s\u2019enfuient<\/p>\n<p class=\" wall-content\">Ils prennent en flagrant d\u00e9lit<b> un homme et une femme en train de sectionner des c\u00e2bles<\/b>. \u00c0 leur vue, les deux individus prennent la fuite \u00e0 pied. Ils se d\u00e9barrassent au passage de leurs pinces coupantes et de leurs gants.\u00a0<\/p>\n<p class=\" wall-content\">Ils sont rattrap\u00e9s et interpell\u00e9s all\u00e9e du Daguet, o\u00f9 ils rejoignaient une fourgonnette blanche. \u00c0 l\u2019int\u00e9rieur, le butin est cons\u00e9quent : <b>\u00ab\u00a0plusieurs centaines de m\u00e8tres\u00a0\u00bb de c\u00e2bles<\/b> sont retrouv\u00e9s, indiquent une source judiciaire.\u00a0<\/p>\n<p>    <a href=\"https:\/\/maps.google.com\/maps?q=50.7066648,3.0932595&amp;z=15&amp;output=embed\" title=\"Ouvrie le lien\" rel=\"nofollow noopener\" target=\"_blank\">Cliquez ici pour visualiser le contenu<\/a><\/p>\n<p class=\" wall-content\">La femme \u00e2g\u00e9e de 31 ans et l\u2019homme de 23 ans ont \u00e9t\u00e9 plac\u00e9s en garde \u00e0 vue.<\/p>\n<p class=\" wall-content\">Personnalisez votre actualit\u00e9 en ajoutant vos villes et m\u00e9dias en favori avec <a href=\"https:\/\/moncompte.actu.fr\" title=\"D\u00e9couvez Mon Actu\" rel=\"nofollow noopener\" data-trk=\"{&quot;cta&quot;:{&quot;action&quot;:&quot;https:\\\/\\\/moncompte.actu.fr&quot;,&quot;category&quot;:&quot;mon compte&quot;,&quot;from&quot;:&quot;article footer&quot;,&quot;name&quot;:&quot;Mon actu&quot;,&quot;type&quot;:&quot;cta&quot;}}\" target=\"_blank\">Mon Actu<\/a>.<\/p>\n","protected":false},"excerpt":{"rendered":"Par Margot Nicod\u00e8me Publi\u00e9 le 16 oct. 2025 \u00e0 15h57 Les faits se sont d\u00e9roul\u00e9s en pleine nuit&hellip;\n","protected":false},"author":2,"featured_media":468431,"comment_status":"","ping_status":"","sticky":false,"template":"","format":"standard","meta":{"footnotes":""},"categories":[2815],"tags":[1111,11,1777,674,118,1011,27,811,1307,12,738,1072,25],"class_list":{"0":"post-468430","1":"post","2":"type-post","3":"status-publish","4":"format-standard","5":"has-post-thumbnail","7":"category-lille","8":"tag-actu","9":"tag-actualites","10":"tag-eu","11":"tag-europe","12":"tag-faits-divers","13":"tag-fr","14":"tag-france","15":"tag-hauts-de-france","16":"tag-lille","17":"tag-news","18":"tag-orange","19":"tag-police","20":"tag-republique-francaise"},"share_on_mastodon":{"url":"https:\/\/pubeurope.com\/@fr\/115386097649835193","error":""},"_links":{"self":[{"href":"https:\/\/www.europesays.com\/fr\/wp-json\/wp\/v2\/posts\/468430","targetHints":{"allow":["GET"]}}],"collection":[{"href":"https:\/\/www.europesays.com\/fr\/wp-json\/wp\/v2\/posts"}],"about":[{"href":"https:\/\/www.europesays.com\/fr\/wp-json\/wp\/v2\/types\/post"}],"author":[{"embeddable":true,"href":"https:\/\/www.europesays.com\/fr\/wp-json\/wp\/v2\/users\/2"}],"replies":[{"embeddable":true,"href":"https:\/\/www.europesays.com\/fr\/wp-json\/wp\/v2\/comments?post=468430"}],"version-history":[{"count":0,"href":"https:\/\/www.europesays.com\/fr\/wp-json\/wp\/v2\/posts\/468430\/revisions"}],"wp:featuredmedia":[{"embeddable":true,"href":"https:\/\/www.europesays.com\/fr\/wp-json\/wp\/v2\/media\/468431"}],"wp:attachment":[{"href":"https:\/\/www.europesays.com\/fr\/wp-json\/wp\/v2\/media?parent=468430"}],"wp:term":[{"taxonomy":"category","embeddable":true,"href":"https:\/\/www.europesays.com\/fr\/wp-json\/wp\/v2\/categories?post=468430"},{"taxonomy":"post_tag","embeddable":true,"href":"https:\/\/www.europesays.com\/fr\/wp-json\/wp\/v2\/tags?post=468430"}],"curies":[{"name":"wp","href":"https:\/\/api.w.org\/{rel}","templated":true}]}}