{"id":468434,"date":"2025-10-16T22:02:12","date_gmt":"2025-10-16T22:02:12","guid":{"rendered":"https:\/\/www.europesays.com\/fr\/468434\/"},"modified":"2025-10-16T22:02:12","modified_gmt":"2025-10-16T22:02:12","slug":"en-liquidation-judiciaire-un-magasin-galerie-lafayette-a-marseille-ferme-pour-trouble-a-lordre-public","status":"publish","type":"post","link":"https:\/\/www.europesays.com\/fr\/468434\/","title":{"rendered":"En liquidation judiciaire, un magasin Galerie Lafayette \u00e0 Marseille ferm\u00e9 pour \u00ab\u00a0trouble \u00e0 l\u2019ordre public\u00a0\u00bb"},"content":{"rendered":"<p class=\"paragraph text_align_left lp-f-body-02\">Apr\u00e8s une premi\u00e8re journ\u00e9e de d\u00e9stockage \u00e9maill\u00e9e de mouvements de foules et des bagarres, les <a href=\"https:\/\/www.leparisien.fr\/economie\/on-narretera-pas-la-fast-fashion-le-bhv-et-cinq-galeries-layafette-vont-accueillir-shein-en-magasin-01-10-2025-WAARS3VXUBCMLLKTIIBFOBOQDA.php\" target=\"_self\" rel=\"noopener\">Galeries Lafayette <\/a>du Centre Bourse ont \u00e9t\u00e9 ferm\u00e9es par la police pour \u00ab troubles \u00e0 l\u2019ordre public \u00bb, ce jeudi, selon BFM Marseille.<\/p>\n<p class=\"paragraph text_align_left lp-f-body-02\">D\u00e8s 10 heures, des centaines de clients attendaient l\u2019ouverture du grand magasin, entra\u00eenant des d\u00e9bordements. Les forces de l\u2019ordre sont intervenues pour calmer les \u00e9chauffour\u00e9es qui ont l\u00e9g\u00e8rement bless\u00e9 un policier \u00e0 la main rapporte BFM.<\/p>\n<p class=\"paragraph text_align_left lp-f-body-02\">Mercredi, pour le premier jour de mise en liquidation, une cinquantaine de personnes avait tent\u00e9 de rentrer de force dans le magasin, obligeant la s\u00e9curit\u00e9 \u00e0 fermer les portes. Des vols et altercations ont aussi \u00e9t\u00e9 signal\u00e9s aux Galeries Lafayette du Centre Bourse et \u00e0 celui du Prado Shopping qui avait \u00e9t\u00e9 \u00e9vacu\u00e9 mercredi. Les deux magasins Galeries Lafayette de Marseille <a href=\"https:\/\/www.leparisien.fr\/bouches-du-rhone-13\/les-galeries-lafayette-vont-dire-adieu-a-marseille-les-salaries-sous-le-choc-23-01-2025-AV3K5PSGFFAXBENW6U35H53EKM.php\" target=\"_self\" rel=\"noopener\">sont plac\u00e9s en liquidation judiciaire<\/a>.<\/p>\n<p>Promotions jusqu\u2019\u00e0 -80 %<\/p>\n<p class=\"paragraph text_align_left lp-f-body-02\">Les magasins marseillais de la c\u00e9l\u00e8bre enseigne proposent des promotions allant jusqu\u2019\u00e0 -80 %. Les deux points de vente vont fermer leurs portes le 29 novembre, du fait de \u00ab pertes r\u00e9currentes depuis plusieurs ann\u00e9es \u00bb, avait annonc\u00e9 la marque en janvier, promettant d\u2019\u00ab encourager le reclassement des 145 salari\u00e9s concern\u00e9s \u00bb.<\/p>\n<p class=\"paragraph text_align_left lp-f-body-02\">La situation n\u2019est \u00ab plus tenable pour ne pas d\u00e9s\u00e9quilibrer les performances du reste du r\u00e9seau fran\u00e7ais Galeries Lafayette \u00bb, avait \u00e9galement expliqu\u00e9 le groupe. L\u2019enseigne compte 57 magasins en France, dont 19 d\u00e9tenus en propre.<\/p>\n","protected":false},"excerpt":{"rendered":"Apr\u00e8s une premi\u00e8re journ\u00e9e de d\u00e9stockage \u00e9maill\u00e9e de mouvements de foules et des bagarres, les Galeries Lafayette du&hellip;\n","protected":false},"author":2,"featured_media":468435,"comment_status":"","ping_status":"","sticky":false,"template":"","format":"standard","meta":{"footnotes":""},"categories":[2814],"tags":[1111,11,11004,459,1777,674,1011,27,884,12,882,25],"class_list":{"0":"post-468434","1":"post","2":"type-post","3":"status-publish","4":"format-standard","5":"has-post-thumbnail","7":"category-marseille","8":"tag-actu","9":"tag-actualites","10":"tag-bouches-du-rhone-13","11":"tag-departements-horsidfo","12":"tag-eu","13":"tag-europe","14":"tag-fr","15":"tag-france","16":"tag-marseille","17":"tag-news","18":"tag-provence-alpes-cote-dazur","19":"tag-republique-francaise"},"share_on_mastodon":{"url":"https:\/\/pubeurope.com\/@fr\/115386105502306173","error":""},"_links":{"self":[{"href":"https:\/\/www.europesays.com\/fr\/wp-json\/wp\/v2\/posts\/468434","targetHints":{"allow":["GET"]}}],"collection":[{"href":"https:\/\/www.europesays.com\/fr\/wp-json\/wp\/v2\/posts"}],"about":[{"href":"https:\/\/www.europesays.com\/fr\/wp-json\/wp\/v2\/types\/post"}],"author":[{"embeddable":true,"href":"https:\/\/www.europesays.com\/fr\/wp-json\/wp\/v2\/users\/2"}],"replies":[{"embeddable":true,"href":"https:\/\/www.europesays.com\/fr\/wp-json\/wp\/v2\/comments?post=468434"}],"version-history":[{"count":0,"href":"https:\/\/www.europesays.com\/fr\/wp-json\/wp\/v2\/posts\/468434\/revisions"}],"wp:featuredmedia":[{"embeddable":true,"href":"https:\/\/www.europesays.com\/fr\/wp-json\/wp\/v2\/media\/468435"}],"wp:attachment":[{"href":"https:\/\/www.europesays.com\/fr\/wp-json\/wp\/v2\/media?parent=468434"}],"wp:term":[{"taxonomy":"category","embeddable":true,"href":"https:\/\/www.europesays.com\/fr\/wp-json\/wp\/v2\/categories?post=468434"},{"taxonomy":"post_tag","embeddable":true,"href":"https:\/\/www.europesays.com\/fr\/wp-json\/wp\/v2\/tags?post=468434"}],"curies":[{"name":"wp","href":"https:\/\/api.w.org\/{rel}","templated":true}]}}