{"id":468437,"date":"2025-10-16T22:04:17","date_gmt":"2025-10-16T22:04:17","guid":{"rendered":"https:\/\/www.europesays.com\/fr\/468437\/"},"modified":"2025-10-16T22:04:17","modified_gmt":"2025-10-16T22:04:17","slug":"lyon-caluire-et-cuire-les-percussions-de-stomp-de-retour","status":"publish","type":"post","link":"https:\/\/www.europesays.com\/fr\/468437\/","title":{"rendered":"Lyon. Caluire-et-Cuire Les percussions de Stomp de retour"},"content":{"rendered":"<p>Lors de leur derni\u00e8re venue \u00e0 Lyon en 2019, 9\u00a0000 spectateurs se sont pr\u00e9cipit\u00e9s \u00e0 la Maison de la danse, rejoignant les 15\u00a0millions d\u2019autres dans le monde qui ont d\u00e9j\u00e0 vibr\u00e9 devant Stomp. Depuis ses d\u00e9buts en 1991, la troupe britannique remplit toutes les salles sur son chemin, avec toujours la m\u00eame recette\u00a0: des mains, des bottes, des poubelles, servent de percussions \u00e0 huit artistes, qui utilisent aussi leur corps comme instrument.<\/p>\n<p class=\"note\">Jusqu\u2019au 19\u00a0octobre au Radiant-Bellevue, \u00e0 Caluire. Tarif\u00a0: 59\u00a0euros. Site\u00a0: radiant-bellevue.fr.<\/p>\n","protected":false},"excerpt":{"rendered":"Lors de leur derni\u00e8re venue \u00e0 Lyon en 2019, 9\u00a0000 spectateurs se sont pr\u00e9cipit\u00e9s \u00e0 la Maison de&hellip;\n","protected":false},"author":2,"featured_media":468438,"comment_status":"","ping_status":"","sticky":false,"template":"","format":"standard","meta":{"footnotes":""},"categories":[1889],"tags":[1111,11,2430,1687,1777,674,1011,27,2428,12,25,3140],"class_list":{"0":"post-468437","1":"post","2":"type-post","3":"status-publish","4":"format-standard","5":"has-post-thumbnail","7":"category-lyon","8":"tag-actu","9":"tag-actualites","10":"tag-auvergne-rhone-alpes","11":"tag-culture-loisirs","12":"tag-eu","13":"tag-europe","14":"tag-fr","15":"tag-france","16":"tag-lyon","17":"tag-news","18":"tag-republique-francaise","19":"tag-spectacle"},"share_on_mastodon":{"url":"https:\/\/pubeurope.com\/@fr\/115386113419858726","error":""},"_links":{"self":[{"href":"https:\/\/www.europesays.com\/fr\/wp-json\/wp\/v2\/posts\/468437","targetHints":{"allow":["GET"]}}],"collection":[{"href":"https:\/\/www.europesays.com\/fr\/wp-json\/wp\/v2\/posts"}],"about":[{"href":"https:\/\/www.europesays.com\/fr\/wp-json\/wp\/v2\/types\/post"}],"author":[{"embeddable":true,"href":"https:\/\/www.europesays.com\/fr\/wp-json\/wp\/v2\/users\/2"}],"replies":[{"embeddable":true,"href":"https:\/\/www.europesays.com\/fr\/wp-json\/wp\/v2\/comments?post=468437"}],"version-history":[{"count":0,"href":"https:\/\/www.europesays.com\/fr\/wp-json\/wp\/v2\/posts\/468437\/revisions"}],"wp:featuredmedia":[{"embeddable":true,"href":"https:\/\/www.europesays.com\/fr\/wp-json\/wp\/v2\/media\/468438"}],"wp:attachment":[{"href":"https:\/\/www.europesays.com\/fr\/wp-json\/wp\/v2\/media?parent=468437"}],"wp:term":[{"taxonomy":"category","embeddable":true,"href":"https:\/\/www.europesays.com\/fr\/wp-json\/wp\/v2\/categories?post=468437"},{"taxonomy":"post_tag","embeddable":true,"href":"https:\/\/www.europesays.com\/fr\/wp-json\/wp\/v2\/tags?post=468437"}],"curies":[{"name":"wp","href":"https:\/\/api.w.org\/{rel}","templated":true}]}}