{"id":468447,"date":"2025-10-16T22:09:14","date_gmt":"2025-10-16T22:09:14","guid":{"rendered":"https:\/\/www.europesays.com\/fr\/468447\/"},"modified":"2025-10-16T22:09:14","modified_gmt":"2025-10-16T22:09:14","slug":"lvmh-demande-a-la-direction-du-parisien-un-plan-dici-la-fin-de-lannee-pour-reduire-ses-pertes","status":"publish","type":"post","link":"https:\/\/www.europesays.com\/fr\/468447\/","title":{"rendered":"LVMH demande \u00e0 la direction du Parisien un plan d&rsquo;ici la fin de l&rsquo;ann\u00e9e pour r\u00e9duire ses pertes"},"content":{"rendered":"<p>\n                                        <b>Par<\/b><br \/>\n                                        <br \/>AFP\n                                    <\/p>\n<p>\n                                    <b>Publi\u00e9 le<\/b><br \/>\n                                    <\/p>\n<p>                                        16 octobre 2025<\/p>\n<p class=\"article-content col-md-8 offset-md-1\">\n                                Le groupe LVMH, propri\u00e9taire du Parisien\/Aujourd&rsquo;hui en France, a demand\u00e9 mercredi \u00e0 la direction du quotidien de lui pr\u00e9senter d&rsquo;ici la fin de l&rsquo;ann\u00e9e un plan pour r\u00e9duire ses pertes, selon un compte-rendu d&rsquo;une r\u00e9union du comit\u00e9 de groupe de LVMH consult\u00e9 jeudi par l&rsquo;AFP.<\/p>\n<p><img decoding=\"async\" class=\"news-image\" style=\"width:100%;max-width:678px;\" src=\"https:\/\/www.europesays.com\/fr\/wp-content\/uploads\/2025\/10\/bf1a.png\" alt=\"Des salari\u00e9s du Parisien s'\u00e9taient rassembl\u00e9s \u00e0 Paris, le 22 septembre 2025, devant leur si\u00e8ge pour protester contre la rumeur de vente du quotidien au groupe de m\u00e9dias Bollor\u00e9\" loading=\"lazy\"\/>Des salari\u00e9s du Parisien s&rsquo;\u00e9taient rassembl\u00e9s \u00e0 Paris, le 22 septembre 2025, devant leur si\u00e8ge pour protester contre la rumeur de vente du quotidien au groupe de m\u00e9dias Bollor\u00e9 &#8211; AFP\/Archives &#8211; Kiran RIDLEY, Kiran RIDLEY<\/p>\n<p class=\"col-md-8 offset-md-1 article-content--texte\">La direction du groupe de luxe a demand\u00e9 au PDG du Parisien\/Aujourd&rsquo;hui en France Pierre Louette de pr\u00e9senter un plan strat\u00e9gique pour ramener le titre \u00e0 l&rsquo;\u00e9quilibre financi\u00e8rement, le niveau de pertes \u00e9tant trop important, selon ce compte-rendu d&rsquo;un participant.<\/p>\n<p>Elle a ensuite assur\u00e9 que l&rsquo;option d&rsquo;une vente n&rsquo;\u00e9tait pas \u00e0 l&rsquo;ordre du jour mais ne pouvait \u00eatre exclue en cas d&rsquo;absence de consensus sur la mise en place de ce plan strat\u00e9gique de r\u00e9duction des pertes, selon le m\u00eame document.<\/p>\n<p class=\"col-md-8 offset-md-1 article-content--texte\">Quant \u00e0 une potentielle revente au groupe Bollor\u00e9, LVMH a assur\u00e9 que cela restait une rumeur, affirmant qu&rsquo;il n&rsquo;y avait pas de processus en cours, toujours selon la m\u00eame source.<\/p>\n<p>Contact\u00e9 par l&rsquo;AFP, le num\u00e9ro un mondial du luxe s&rsquo;est refus\u00e9 \u00e0 tout commentaire concernant ces informations.<\/p>\n<p>Les journalistes du quotidien s&rsquo;inqui\u00e8tent d&rsquo;un \u00e9ventuel projet de vente du Parisien au milliardaire conservateur Vincent Bollor\u00e9, \u00e9voqu\u00e9e par le magazine Challenges dans un article paru en septembre.<\/p>\n<p>D&rsquo;apr\u00e8s le document r\u00e9sumant une partie des \u00e9changes du comit\u00e9 de groupe, LVMH a assur\u00e9 \u00eatre dans une logique \u00e9conomique et non id\u00e9ologique concernant Le Parisien.<\/p>\n<p>Sollicit\u00e9 par l&rsquo;AFP, Pierre Louette n&rsquo;avait pas r\u00e9pondu dans l&rsquo;imm\u00e9diat.<\/p>\n<p>Un plan de r\u00e9organisation pr\u00e9voyant la suppression de pr\u00e8s de 40 postes est d\u00e9j\u00e0 en cours au Parisien. Son annonce avait entra\u00een\u00e9 une gr\u00e8ve de 24 heures en mars.<\/p>\n<p>Deux autres journ\u00e9es de gr\u00e8ve ont eu lieu en septembre, pour s&rsquo;opposer \u00e0 une \u00e9ventuelle vente au groupe Bollor\u00e9 et exiger l&#8217;embauche de 17 CDI pour combler des d\u00e9parts.<\/p>\n<p>Le Parisien\/Aujourd&rsquo;hui en France est le 3e quotidien le plus diffus\u00e9 en France quand on cumule son \u00e9dition nationale et r\u00e9gionale, avec quelque 260.000 exemplaires vendus par jour, selon l&rsquo;Alliance pour les chiffres de la presse et des m\u00e9dias.\n                            <\/p>\n<p>\n                                Tous droits de reproduction et de repr\u00e9sentation r\u00e9serv\u00e9s.<br \/>\u00a9 2025 Agence France-Presse<br \/>Toutes les informations reproduites dans cette rubrique (ou sur cette page selon le cas) sont prot\u00e9g\u00e9es par des droits de propri\u00e9t\u00e9 intellectuelle d\u00e9tenus par l&rsquo;AFP. Par cons\u00e9quent, aucune de ces informations ne peut \u00eatre reproduite, modifi\u00e9e, rediffus\u00e9e, traduite, exploit\u00e9e commercialement ou r\u00e9utilis\u00e9e de quelque mani\u00e8re que ce soit sans l&rsquo;accord pr\u00e9alable \u00e9crit de l&rsquo;AFP. L&rsquo;AFP ne pourra \u00eatre tenue pour responsable des d\u00e9lais, erreurs, omissions qui ne peuvent \u00eatre exclus, ni des cons\u00e9quences des actions ou transactions effectu\u00e9es sur la base de ces informations.\n                            <\/p>\n","protected":false},"excerpt":{"rendered":"Par AFP Publi\u00e9 le 16 octobre 2025 Le groupe LVMH, propri\u00e9taire du Parisien\/Aujourd&rsquo;hui en France, a demand\u00e9 mercredi&hellip;\n","protected":false},"author":2,"featured_media":468448,"comment_status":"","ping_status":"","sticky":false,"template":"","format":"standard","meta":{"footnotes":""},"categories":[1888],"tags":[1111,1928,11,1927,2424,537,2423,1777,674,1011,27,2425,985,12,1926,2298,626,1925,2426,2427,25,2421,2422],"class_list":{"0":"post-468447","1":"post","2":"type-post","3":"status-publish","4":"format-standard","5":"has-post-thumbnail","7":"category-paris","8":"tag-actu","9":"tag-actu-paris","10":"tag-actualites","11":"tag-actualites-paris","12":"tag-beaute","13":"tag-contact","14":"tag-cosmetiques","15":"tag-eu","16":"tag-europe","17":"tag-fr","18":"tag-france","19":"tag-luxe","20":"tag-mode","21":"tag-news","22":"tag-news-paris","23":"tag-parfum","24":"tag-paris","25":"tag-paris-news","26":"tag-professionnel","27":"tag-professionnels","28":"tag-republique-francaise","29":"tag-reseau","30":"tag-textile"},"share_on_mastodon":{"url":"https:\/\/pubeurope.com\/@fr\/115386133181470212","error":""},"_links":{"self":[{"href":"https:\/\/www.europesays.com\/fr\/wp-json\/wp\/v2\/posts\/468447","targetHints":{"allow":["GET"]}}],"collection":[{"href":"https:\/\/www.europesays.com\/fr\/wp-json\/wp\/v2\/posts"}],"about":[{"href":"https:\/\/www.europesays.com\/fr\/wp-json\/wp\/v2\/types\/post"}],"author":[{"embeddable":true,"href":"https:\/\/www.europesays.com\/fr\/wp-json\/wp\/v2\/users\/2"}],"replies":[{"embeddable":true,"href":"https:\/\/www.europesays.com\/fr\/wp-json\/wp\/v2\/comments?post=468447"}],"version-history":[{"count":0,"href":"https:\/\/www.europesays.com\/fr\/wp-json\/wp\/v2\/posts\/468447\/revisions"}],"wp:featuredmedia":[{"embeddable":true,"href":"https:\/\/www.europesays.com\/fr\/wp-json\/wp\/v2\/media\/468448"}],"wp:attachment":[{"href":"https:\/\/www.europesays.com\/fr\/wp-json\/wp\/v2\/media?parent=468447"}],"wp:term":[{"taxonomy":"category","embeddable":true,"href":"https:\/\/www.europesays.com\/fr\/wp-json\/wp\/v2\/categories?post=468447"},{"taxonomy":"post_tag","embeddable":true,"href":"https:\/\/www.europesays.com\/fr\/wp-json\/wp\/v2\/tags?post=468447"}],"curies":[{"name":"wp","href":"https:\/\/api.w.org\/{rel}","templated":true}]}}