{"id":468455,"date":"2025-10-16T22:13:12","date_gmt":"2025-10-16T22:13:12","guid":{"rendered":"https:\/\/www.europesays.com\/fr\/468455\/"},"modified":"2025-10-16T22:13:12","modified_gmt":"2025-10-16T22:13:12","slug":"pas-de-poignee-de-main-entre-la-russe-et-lukrainienne","status":"publish","type":"post","link":"https:\/\/www.europesays.com\/fr\/468455\/","title":{"rendered":"pas de poign\u00e9e de main entre la Russe et l\u2019Ukrainienne"},"content":{"rendered":"<p>            Par<br \/>\n        <strong><br \/>\n            <a href=\"https:\/\/actu.fr\/auteur\/a-rey\" title=\"Consulter tous les articles de Aur\u00e9lien Rey\" rel=\"nofollow noopener\" target=\"_blank\">Aur\u00e9lien Rey<\/a><br \/>\n        <\/strong><\/p>\n<p>        Publi\u00e9 le<\/p>\n<p>            16 oct. 2025 \u00e0 20h02        <\/p>\n<p>Le suspense \u00e9tait double sur le court num\u00e9ro\u00a01 ce<b> jeudi 16\u00a0octobre 2025<\/b>, entre l\u2019<b>Ukrainienne Veronika Podrez<\/b> et la<b> Russe Julia Avdeeva<\/b>.<\/p>\n<p class=\" wall-content\">Sur le terrain d\u00e9j\u00e0, puisque les deux joueuses se sont livr\u00e9 un<b> duel acharn\u00e9 pendant 2\u2009h\u200915<\/b>, remport\u00e9 en trois sets par la laur\u00e9ate de l\u2019<a href=\"https:\/\/actu.fr\/normandie\/cherbourg-en-cotentin_50129\/open-feminin-50-tout-ce-quil-faut-savoir-sur-la-17e-edition_63295575.html\" rel=\"nofollow noopener\" target=\"_blank\">Open f\u00e9minin 50<\/a> en 2023 (6-7 (6\/8), 6-2, 6-4). Mais aussi juste apr\u00e8s la balle de match. Le moment \u00e9tait scrut\u00e9.<\/p>\n<p class=\" wall-content\">Les deux jeunes femmes allaient-elles se serrer la main, compte tenu du <b>contexte g\u00e9opolitique actuel\u2009<\/b>?<\/p>\n<p>\u00ab\u2009Pour moi, ce n\u2019\u00e9tait pas possible de lui serrer la main, par principe\u2009\u00bb<\/p>\n<p class=\" wall-content\">Ce suspense-l\u00e0 s\u2019est r\u00e9v\u00e9l\u00e9 beaucoup plus bref. Veronika Podrez<b> s\u2019est dirig\u00e9e directement vers l\u2019arbitre de chaise <\/b>pour le saluer, et Julia Avdeeva en a fait de m\u00eame. Il n\u2019y a donc<b> pas eu de poign\u00e9e de main <\/b>entre l\u2019Ukrainienne de 18\u00a0ans et la Russe de 23\u00a0ans.<\/p>\n<p class=\" wall-content\">Une <b>question de principe pour la cadette<\/b>, dont <a href=\"https:\/\/actu.fr\/tag\/guerre-en-ukraine\" rel=\"nofollow noopener\" target=\"_blank\">la nation est envahie par l\u2019arm\u00e9e de Vladimir Poutine depuis le 24\u00a0f\u00e9vrier 2022<\/a>. \u00ab\u2009Quand je joue, je ne pense pas vraiment \u00e0 \u00e7a, je ne vais pas rentrer dans la politique. Mais apr\u00e8s le match, pour moi, ce n\u2019\u00e9tait pas possible de lui serrer la main, par principe, car mon pays vit une situation compliqu\u00e9e depuis un long moment\u2009\u00bb, souligne Veronika Podrez dans un fran\u00e7ais parfait, elle qui r\u00e9side en r\u00e9gion parisienne depuis ses 6\u00a0ans.<\/p>\n<p class=\" wall-content\">La native de Nova Kakhovka, dans le sud de l\u2019Ukraine, tout pr\u00e8s de la Crim\u00e9e, a ainsi agi de la m\u00eame fa\u00e7on qu\u2019avec ses pr\u00e9c\u00e9dentes adversaires russes sur le circuit.<\/p>\n<blockquote class=\"ac-article-quote wall-content\">\n<p>Je pense qu\u2019elles comprennent mon comportement, elles connaissent la situation.<\/p>\n<p>Veronika Podrez<\/p><\/blockquote>\n<p>\u00ab\u2009Revenir ici, \u00e7a fait toujours plaisir\u2009!\u2009\u00bb<\/p>\n<p class=\" wall-content\">Apr\u00e8s avoir \u00e9limin\u00e9 Julia Avdeeva, t\u00eate de s\u00e9rie num\u00e9ro\u00a02, \u00ab\u2009une joueuse qui ne donne pas beaucoup de rythme et s\u2019appuie surtout sur son service\u2009\u00bb, <a href=\"https:\/\/actu.fr\/normandie\/cherbourg-en-cotentin_50129\/tennis-open-feminin-50-a-equeurdreville-alice-robbe-battue-en-finale-voici-les-reactions_60241656.html\" rel=\"nofollow noopener\" target=\"_blank\">Veronika Podrez<\/a> esp\u00e8re d\u00e9sormais aller au bout,<b> comme en 2023<\/b> o\u00f9 elle avait <b>cr\u00e9\u00e9 la sensation<\/b> \u00e0 seulement 16\u00a0ans. \u00ab\u2009Revenir ici, \u00e7a fait toujours plaisir\u2009! Bien s\u00fbr parce que j\u2019y ai d\u00e9j\u00e0 gagn\u00e9, mais aussi pour l\u2019organisation, l\u2019accueil, les b\u00e9n\u00e9voles qui sont tr\u00e8s gentils\u2009\u00bb, \u00e9num\u00e8re l\u2019actuelle 433e mondiale.<\/p>\n<p>Votre r\u00e9gion, votre actu !<\/p>\n<p>Recevez chaque jour les infos qui comptent pour vous.<\/p>\n<p>\t<a href=\"https:\/\/actu.fr\/newsletter\" class=\"ac-btn ac-btn--corner ac-btn--medium ac-btn--blue800\" rel=\"nofollow noopener\" target=\"_blank\">S&rsquo;incrire<\/a><\/p>\n<p class=\" wall-content\">Depuis sa victoire sur les courts <a href=\"https:\/\/actu.fr\/tag\/equeurdreville-hainneville\" rel=\"nofollow noopener\" target=\"_blank\">\u00e9queurdrevillais<\/a>, l\u2019Ukrainienne a poursuivi sa <b>progression<\/b>, mais peut-\u00eatre pas aussi rapidement qu\u2019on l\u2019aurait pens\u00e9.<\/p>\n<blockquote class=\"ac-article-quote wall-content\">\n<p>Je suis toujours dans le Top\u00a0500, mais j\u2019ai connu pas mal de changements et de blessures. Cette ann\u00e9e, j\u2019ai rat\u00e9 plus de trois mois de comp\u00e9tition. \u00c7a fait du bien de pouvoir encha\u00eener.\u2009<\/p>\n<p>Veronika Podrez<\/p><\/blockquote>\n<p class=\" wall-content\">En attendant une<b> possible finale contre la Russe Alexandra Shubladze\u2009<\/b>?<\/p>\n<p class=\" wall-content\">Personnalisez votre actualit\u00e9 en ajoutant vos villes et m\u00e9dias en favori avec <a href=\"https:\/\/moncompte.actu.fr\" title=\"D\u00e9couvez Mon Actu\" rel=\"nofollow noopener\" data-trk=\"{&quot;cta&quot;:{&quot;action&quot;:&quot;https:\\\/\\\/moncompte.actu.fr&quot;,&quot;category&quot;:&quot;mon compte&quot;,&quot;from&quot;:&quot;article footer&quot;,&quot;name&quot;:&quot;Mon actu&quot;,&quot;type&quot;:&quot;cta&quot;}}\" target=\"_blank\">Mon Actu<\/a>.<\/p>\n","protected":false},"excerpt":{"rendered":"Par Aur\u00e9lien Rey Publi\u00e9 le 16 oct. 2025 \u00e0 20h02 Le suspense \u00e9tait double sur le court num\u00e9ro\u00a01&hellip;\n","protected":false},"author":2,"featured_media":468456,"comment_status":"","ping_status":"","sticky":false,"template":"","format":"standard","meta":{"footnotes":""},"categories":[1590],"tags":[11,3168,59222,1777,674,12,60,1467,220],"class_list":{"0":"post-468455","1":"post","2":"type-post","3":"status-publish","4":"format-standard","5":"has-post-thumbnail","7":"category-ukraine","8":"tag-actualites","9":"tag-cotentin","10":"tag-equeurdreville-hainneville","11":"tag-eu","12":"tag-europe","13":"tag-news","14":"tag-sports","15":"tag-tennis","16":"tag-ukraine"},"share_on_mastodon":{"url":"https:\/\/pubeurope.com\/@fr\/115386148834024927","error":""},"_links":{"self":[{"href":"https:\/\/www.europesays.com\/fr\/wp-json\/wp\/v2\/posts\/468455","targetHints":{"allow":["GET"]}}],"collection":[{"href":"https:\/\/www.europesays.com\/fr\/wp-json\/wp\/v2\/posts"}],"about":[{"href":"https:\/\/www.europesays.com\/fr\/wp-json\/wp\/v2\/types\/post"}],"author":[{"embeddable":true,"href":"https:\/\/www.europesays.com\/fr\/wp-json\/wp\/v2\/users\/2"}],"replies":[{"embeddable":true,"href":"https:\/\/www.europesays.com\/fr\/wp-json\/wp\/v2\/comments?post=468455"}],"version-history":[{"count":0,"href":"https:\/\/www.europesays.com\/fr\/wp-json\/wp\/v2\/posts\/468455\/revisions"}],"wp:featuredmedia":[{"embeddable":true,"href":"https:\/\/www.europesays.com\/fr\/wp-json\/wp\/v2\/media\/468456"}],"wp:attachment":[{"href":"https:\/\/www.europesays.com\/fr\/wp-json\/wp\/v2\/media?parent=468455"}],"wp:term":[{"taxonomy":"category","embeddable":true,"href":"https:\/\/www.europesays.com\/fr\/wp-json\/wp\/v2\/categories?post=468455"},{"taxonomy":"post_tag","embeddable":true,"href":"https:\/\/www.europesays.com\/fr\/wp-json\/wp\/v2\/tags?post=468455"}],"curies":[{"name":"wp","href":"https:\/\/api.w.org\/{rel}","templated":true}]}}