{"id":468457,"date":"2025-10-16T22:14:11","date_gmt":"2025-10-16T22:14:11","guid":{"rendered":"https:\/\/www.europesays.com\/fr\/468457\/"},"modified":"2025-10-16T22:14:11","modified_gmt":"2025-10-16T22:14:11","slug":"usa-debut-des-deliberations-au-proces-de-bnp-paribas-lie-aux-violences-au-soudan-actualites","status":"publish","type":"post","link":"https:\/\/www.europesays.com\/fr\/468457\/","title":{"rendered":"USA: d\u00e9but des d\u00e9lib\u00e9rations au proc\u00e8s de BNP Paribas li\u00e9 aux violences au Soudan : Actualit\u00e9s"},"content":{"rendered":"<p class=\"lead \">Le jury d&rsquo;un tribunal civil f\u00e9d\u00e9ral de New York a commenc\u00e9 jeudi ses d\u00e9lib\u00e9rations pour d\u00e9cider si le groupe bancaire fran\u00e7ais BNP Paribas a contribu\u00e9 \u00e0 des exactions au Soudan, en facilitant des \u00e9changes commerciaux dont les recettes auraient financ\u00e9 l&rsquo;arm\u00e9e et les milices du r\u00e9gime d&rsquo;Omar el-B\u00e9chir.<\/p>\n<p class=\"lead \">Le proc\u00e8s, commenc\u00e9 le 9 septembre devant huit jur\u00e9s, a \u00e9t\u00e9 intent\u00e9 par trois Soudanais &#8211; deux hommes et une femme sans relation familiale -, d\u00e9sormais citoyens am\u00e9ricains.<\/p>\n<p class=\"lead \">Ils ont racont\u00e9 avoir \u00e9t\u00e9 emprisonn\u00e9s, tortur\u00e9s, battus, br\u00fbl\u00e9s avec des cigarettes, lac\u00e9r\u00e9s au couteau, viol\u00e9e pour l&rsquo;une, par des soldats soudanais et des miliciens Janjawid &#8211; d\u00e9ploy\u00e9e et \u00e9quip\u00e9e par Khartoum &#8211; tandis que leurs biens \u00e9taient vol\u00e9s ou d\u00e9truits.<\/p>\n<p class=\"lead \">Les plaidoiries finales se sont d\u00e9roul\u00e9es jeudi matin, suivies par une mise au point du juge Alvin Hellerstein avant le d\u00e9but des d\u00e9lib\u00e9rations du jury.<\/p>\n<p class=\"lead \">\u00ab\u00a0Cette affaire tr\u00e8s importante a r\u00e9v\u00e9l\u00e9 le secret qu&rsquo;une banque internationale, BNP Paribas, a secouru, prot\u00e9g\u00e9, aliment\u00e9 et soutenu ill\u00e9galement l&rsquo;\u00e9conomie d&rsquo;un dictateur\u00a0\u00bb, a lanc\u00e9 jeudi David DiCello, un avocat des plaignants.<\/p>\n<p class=\"lead \">Elle a \u00ab\u00a0soutenu un nettoyage ethnique et an\u00e9anti l&rsquo;existence\u00a0\u00bb des plaignants, a-t-il poursuivi. BNP Paribas n&rsquo;est pas l&rsquo;unique cause de cette situation, mais \u00ab\u00a0c&rsquo;est l&rsquo;une des raisons\u00a0\u00bb.<\/p>\n<p class=\"lead \">La banque fran\u00e7aise, active au Soudan de la fin des ann\u00e9es 1990 \u00e0 2009, a fourni des lettres de cr\u00e9dit dans le cadre de contrats commerciaux (import-export). En cas de d\u00e9faut de l&rsquo;acheteur &#8211; ce qui n&rsquo;est jamais arriv\u00e9, d&rsquo;apr\u00e8s elle -, le vendeur \u00e9tait s\u00fbr d&rsquo;avoir son argent.<\/p>\n<p class=\"lead \">Les plaignants consid\u00e8rent qu&rsquo;en permettant au r\u00e9gime soudanais de commercer et, donc, d&rsquo;engranger des milliards de dollars de devises \u00e9trang\u00e8res, la banque a contribu\u00e9 \u00e0 la violence du r\u00e9gime contre une partie de sa population.<\/p>\n<p class=\"lead \">Mais, pour la d\u00e9fense, les plaignants n&rsquo;ont pas prouv\u00e9 la responsabilit\u00e9 de BNP Paribas.<\/p>\n<p class=\"lead \">Barry Berke, un avocat du groupe fran\u00e7ais, a affirm\u00e9 jeudi que les plaignants auraient subi les m\u00eames souffrances si BNP Paribas n&rsquo;avait pas \u00e9t\u00e9 au Soudan, qui aurait vendu son p\u00e9trole sans la banque. M\u00eame sans p\u00e9trole et sans BNP Paribas, le r\u00e9gime aurait viol\u00e9 les droits humains, a soutenu l&rsquo;avocat.<\/p>\n<p class=\"lead \">D\u00e9taillant, chronologies \u00e0 l&rsquo;appui, les conflits internes depuis l&rsquo;ind\u00e9pendance du Soudan en 1956 jusqu&rsquo;\u00e0 aujourd&rsquo;hui, M. Berke a soulign\u00e9 que les op\u00e9rations incrimin\u00e9es \u00e9taient autoris\u00e9es en Europe et que des instances internationales comme le Fonds mon\u00e9taire international (FMI) collaboraient avec le pays.<\/p>\n<p class=\"lead \">Selon les Nations unies, entre 2002 \u00e0 2008, la guerre a fait 300.000 morts au Darfour (ouest du Soudan) et pr\u00e8s de 2,5 millions de d\u00e9plac\u00e9s.<\/p>\n<p class=\"lead \">B\u00e9chir, qui a dirig\u00e9 le Soudan d&rsquo;une main de fer pendant trois d\u00e9cennies, a \u00e9t\u00e9 destitu\u00e9 en 2019 et est recherch\u00e9 par la Cour p\u00e9nale internationale pour g\u00e9nocide, crimes de guerre et crimes contre l&rsquo;humanit\u00e9.<\/p>\n<p class=\"small font-weight-bold text-gray3 \"> publi\u00e9 le 17 octobre \u00e0 00h00, AFP<\/p>\n<p>                             Partager<\/p>\n","protected":false},"excerpt":{"rendered":"Le jury d&rsquo;un tribunal civil f\u00e9d\u00e9ral de New York a commenc\u00e9 jeudi ses d\u00e9lib\u00e9rations pour d\u00e9cider si le&hellip;\n","protected":false},"author":2,"featured_media":468458,"comment_status":"","ping_status":"","sticky":false,"template":"","format":"standard","meta":{"footnotes":""},"categories":[1589],"tags":[11,523,215,19279,73,1866,27,12,4780,4535,3067,1864,1865,1863,308],"class_list":{"0":"post-468457","1":"post","2":"type-post","3":"status-publish","4":"format-standard","5":"has-post-thumbnail","7":"category-etats-unis","8":"tag-actualites","9":"tag-banque","10":"tag-commerce","11":"tag-droitshumains","12":"tag-etats-unis","13":"tag-etats-unis-damerique","14":"tag-france","15":"tag-news","16":"tag-procs","17":"tag-soudan","18":"tag-suisse","19":"tag-united-states","20":"tag-united-states-of-america","21":"tag-us","22":"tag-usa"},"share_on_mastodon":{"url":"https:\/\/pubeurope.com\/@fr\/115386152674366156","error":""},"_links":{"self":[{"href":"https:\/\/www.europesays.com\/fr\/wp-json\/wp\/v2\/posts\/468457","targetHints":{"allow":["GET"]}}],"collection":[{"href":"https:\/\/www.europesays.com\/fr\/wp-json\/wp\/v2\/posts"}],"about":[{"href":"https:\/\/www.europesays.com\/fr\/wp-json\/wp\/v2\/types\/post"}],"author":[{"embeddable":true,"href":"https:\/\/www.europesays.com\/fr\/wp-json\/wp\/v2\/users\/2"}],"replies":[{"embeddable":true,"href":"https:\/\/www.europesays.com\/fr\/wp-json\/wp\/v2\/comments?post=468457"}],"version-history":[{"count":0,"href":"https:\/\/www.europesays.com\/fr\/wp-json\/wp\/v2\/posts\/468457\/revisions"}],"wp:featuredmedia":[{"embeddable":true,"href":"https:\/\/www.europesays.com\/fr\/wp-json\/wp\/v2\/media\/468458"}],"wp:attachment":[{"href":"https:\/\/www.europesays.com\/fr\/wp-json\/wp\/v2\/media?parent=468457"}],"wp:term":[{"taxonomy":"category","embeddable":true,"href":"https:\/\/www.europesays.com\/fr\/wp-json\/wp\/v2\/categories?post=468457"},{"taxonomy":"post_tag","embeddable":true,"href":"https:\/\/www.europesays.com\/fr\/wp-json\/wp\/v2\/tags?post=468457"}],"curies":[{"name":"wp","href":"https:\/\/api.w.org\/{rel}","templated":true}]}}