{"id":468466,"date":"2025-10-16T22:19:12","date_gmt":"2025-10-16T22:19:12","guid":{"rendered":"https:\/\/www.europesays.com\/fr\/468466\/"},"modified":"2025-10-16T22:19:12","modified_gmt":"2025-10-16T22:19:12","slug":"le-milieu-offensif-du-psg-lee-kang-in-elu-joueur-international-de-lannee-en-asie-par-lafc-lequipe","status":"publish","type":"post","link":"https:\/\/www.europesays.com\/fr\/468466\/","title":{"rendered":"Le milieu offensif du PSG Lee Kang-in \u00e9lu joueur international de l&#039;ann\u00e9e en Asie par l&#039;AFC &#8211; L&#039;\u00c9quipe"},"content":{"rendered":"<ol>\n<li><a href=\"https:\/\/news.google.com\/rss\/articles\/CBMi3AFBVV95cUxQV1ZidDJub0NIR1NBQXEyTXBHc2RDQmxTMjVFOWFCYjBqVkhoZHVzNlU2RVZ4WkNaeWtscG5KM09TMEVnVzU4Nl9rd1JvWUkwTEd0d0VRX0FmcHk1TVJDckxrOTZWUGF6TVJWQ1BzWFR3S293N2ozTmFXVEJ2U04xbzRfWmRwTThac3B3OXlsU2NRaGItOTJrYk9yQmMtWWlPTWc2SHJEUDVwTVBMd0Q0UTExWjVWLVJCY251VWF6MTB4R0pVa1AyUXVCRkI2UXVSN05BcjZfTjJoNlBk?oc=5\" target=\"_blank\" rel=\"nofollow noopener\">Le milieu offensif du PSG Lee Kang-in \u00e9lu joueur international de l&rsquo;ann\u00e9e en Asie par l&rsquo;AFC<\/a>&nbsp;&nbsp;L&rsquo;\u00c9quipe<\/li>\n<li><a href=\"https:\/\/news.google.com\/rss\/articles\/CBMi3AFBVV95cUxNcVVJWFlzWVRpcEtnNTdSWU1hV2tsaHZja3VMcUdIMGVPREZxOXZLZnQtMmR4QUZXczQ2OHhIUHhqRHkyUk5CSkc5d0NUcUVHcTg2TkF5S3B6enZQaGN4dU5ndDJXbHduNEU1VDdwam1hUkF3TWtJZXNzZHk0c3l5TEpWVWJ4Qld4cGZHelZxWXNXbHFvYzR2UFlXUHlTbm04OENqbEtneXNfei1iYUthRTcxUkVMLU0wZ0kwTnRyeHdheWZWRzg2STJORGN6M0xNVC1MRENDdWs1cmdr?oc=5\" target=\"_blank\" rel=\"nofollow noopener\">Le PSG encore mis \u00e0 l&rsquo;honneur : Kang-in Lee \u00e9lu meilleur joueur international asiatique en 2025<\/a>&nbsp;&nbsp;Eurosport<\/li>\n<li><a href=\"https:\/\/news.google.com\/rss\/articles\/CBMiugFBVV95cUxPTlBJX3pIMmpvbDJOdkxjaV82WHptbzJCMVVWa181VWdJR0FxN0s4cklsZGVVUUxodTI4dzJSbmlkVGx5cGgwZHVMdDJvUGw2a09ZcXN0NG1UTWo1MEVoYTBPSmFYNHliV2k3dEdkRHdIRzF0d3JmRWVMVHZiVWZPbW1ZaUwtaUpNeWxkOW5EWFdfX2YwRzlqeUtST20zZWxoMXprOHNDTThDLWQxMkV5LU1hd2tPUHpjMUE?oc=5\" target=\"_blank\" rel=\"nofollow noopener\">PSG : Lee Kang-in \u00e9lu meilleur joueur international asiatique de l\u2019ann\u00e9e<\/a>&nbsp;&nbsp;Foot Mercato<\/li>\n<li><a href=\"https:\/\/news.google.com\/rss\/articles\/CBMiqAFBVV95cUxQRU9FNzY3dTVUemxWSnZRb2ZEY09ZWVV2U1FDeUxMTVlrWXBtN0dPdm9sM2xESThrQldMcVA0RzF3cWZ5OFlvTjZ5ZWlZZFFpSVlCS0hxMmcyZ3FqbGkyQ29SUjhKaGF0R1hMTmZTTDRVTUpVYlE0el9fQWo0cW9vYWdGak1zV3B4S0ZtMWd3TW5WdThXWG5Ob1BJSnU2anh3T0Zfc2dGaGo?oc=5\" target=\"_blank\" rel=\"nofollow noopener\">PSG : Kang-in Lee \u00e9lu meilleur joueur asiatique de l\u2019ann\u00e9e<\/a>&nbsp;&nbsp;Le Figaro<\/li>\n<li><a href=\"https:\/\/news.google.com\/rss\/articles\/CBMi4wFBVV95cUxPdTdkUkdKWW5BRGNXYlpZcTlyR3d0V2pGc1FLekZuck9aN2ZvajJEQS1HYjNFblRrbHExTnRaVlRXaVNTc25FSHY5Z1hDWUI3dkZ4eGVvdlpmS25kdGpQaEZnSDE4NEVqZVllaW11ZHZheEUzaFJBb2x0MGp2a1ZqelcyVVFncVlrMHVHcVNGY1ltMTVmanNIZW5tQ1NoaWFBR2VKRXdDay1Hc21fR0x3c3VaTlVjQjRWODZPZ044SWlLSEpMaG50dnhCSU9GeXV3M2dKTXZzUm5ZcWREV3lTX0wzONIB6AFBVV95cUxQT3Fob0s2WlBlNE1iNW5SZ0txdGRGTGJLcDlwZUxtNXQ1bGlQdjlrU0dqUjI1MDY5U1VuM1Vlemo5UDVVQjZIWGRUN2dGQnZSN0RGSXBhTEpzMVdOYmw1Rm9vTW5nWDVDY0NUR2VjQ1ozZnpsZElJOFB6S1lsWDRvX2RhNW41aEtxTHF1UVNTZDhHT3NCdVYtSS1RNFdSRi1IVWRnTXFjdXkyOGM3dk93UDRlT1ZaQjdMTmMwT2o1Q21pMlhfQTVXZ2ZGZkFYUEdlbHNDSWMxTVdIVjl2MldOLVplNUF3SGhJ?oc=5\" target=\"_blank\" rel=\"nofollow noopener\">Kang-in Lee \u00e9lu meilleur joueur asiatique de l&rsquo;ann\u00e9e 2025<\/a>&nbsp;&nbsp;Boursorama<\/li>\n<\/ol>\n","protected":false},"excerpt":{"rendered":"Le milieu offensif du PSG Lee Kang-in \u00e9lu joueur international de l&rsquo;ann\u00e9e en Asie par l&rsquo;AFC&nbsp;&nbsp;L&rsquo;\u00c9quipe Le PSG&hellip;\n","protected":false},"author":2,"featured_media":468467,"comment_status":"","ping_status":"","sticky":false,"template":"","format":"standard","meta":{"footnotes":""},"categories":[2],"tags":[11,1011,27,12,25],"class_list":{"0":"post-468466","1":"post","2":"type-post","3":"status-publish","4":"format-standard","5":"has-post-thumbnail","7":"category-actualites","8":"tag-actualites","9":"tag-fr","10":"tag-france","11":"tag-news","12":"tag-republique-francaise"},"share_on_mastodon":{"url":"https:\/\/pubeurope.com\/@fr\/115386172830209689","error":""},"_links":{"self":[{"href":"https:\/\/www.europesays.com\/fr\/wp-json\/wp\/v2\/posts\/468466","targetHints":{"allow":["GET"]}}],"collection":[{"href":"https:\/\/www.europesays.com\/fr\/wp-json\/wp\/v2\/posts"}],"about":[{"href":"https:\/\/www.europesays.com\/fr\/wp-json\/wp\/v2\/types\/post"}],"author":[{"embeddable":true,"href":"https:\/\/www.europesays.com\/fr\/wp-json\/wp\/v2\/users\/2"}],"replies":[{"embeddable":true,"href":"https:\/\/www.europesays.com\/fr\/wp-json\/wp\/v2\/comments?post=468466"}],"version-history":[{"count":0,"href":"https:\/\/www.europesays.com\/fr\/wp-json\/wp\/v2\/posts\/468466\/revisions"}],"wp:featuredmedia":[{"embeddable":true,"href":"https:\/\/www.europesays.com\/fr\/wp-json\/wp\/v2\/media\/468467"}],"wp:attachment":[{"href":"https:\/\/www.europesays.com\/fr\/wp-json\/wp\/v2\/media?parent=468466"}],"wp:term":[{"taxonomy":"category","embeddable":true,"href":"https:\/\/www.europesays.com\/fr\/wp-json\/wp\/v2\/categories?post=468466"},{"taxonomy":"post_tag","embeddable":true,"href":"https:\/\/www.europesays.com\/fr\/wp-json\/wp\/v2\/tags?post=468466"}],"curies":[{"name":"wp","href":"https:\/\/api.w.org\/{rel}","templated":true}]}}