{"id":468468,"date":"2025-10-16T22:20:15","date_gmt":"2025-10-16T22:20:15","guid":{"rendered":"https:\/\/www.europesays.com\/fr\/468468\/"},"modified":"2025-10-16T22:20:15","modified_gmt":"2025-10-16T22:20:15","slug":"toute-ambition-de-reduction-de-limmigration-est-abandonnee-un-proche-de-retailleau-claque-la-porte","status":"publish","type":"post","link":"https:\/\/www.europesays.com\/fr\/468468\/","title":{"rendered":"\u00ab\u00a0Toute ambition de r\u00e9duction de l\u2019immigration est abandonn\u00e9e\u00a0\u00bb\u2026 Un proche de Retailleau claque la porte"},"content":{"rendered":"<p>A peine deux mois apr\u00e8s sa nomination \u00e0 la t\u00eate du conseil d\u2019administration de l\u2019Office fran\u00e7ais de l\u2019<a href=\"https:\/\/www.20minutes.fr\/dossier\/immigration\" target=\"_blank\" class=\"c-link c-link--is-underlined\" rel=\"noopener\">immigration<\/a> et de l\u2019int\u00e9gration (Ofii), Guillaume Larriv\u00e9 a annonc\u00e9 sa d\u00e9mission. Le vice-pr\u00e9sident des R\u00e9publicains, proche de <a href=\"https:\/\/www.20minutes.fr\/dossier\/bruno_retailleau\" target=\"_blank\" class=\"c-link c-link--is-underlined\" rel=\"noopener\">Bruno Retailleau<\/a>, estime que le gouvernement de <a href=\"https:\/\/www.20minutes.fr\/politique\/sebastien-lecornu\/\" target=\"_blank\" class=\"c-link c-link--is-underlined\" rel=\"noopener\">S\u00e9bastien Lecornu<\/a> a renonc\u00e9 \u00e0 toute \u00ab\u00a0ambition de r\u00e9duction de l\u2019immigration\u00a0\u00bb.<\/p>\n<p>Dans une lettre adress\u00e9e \u00e0 <a href=\"https:\/\/www.20minutes.fr\/politique\/emmanuel-macron\/\" target=\"_blank\" class=\"c-link c-link--is-underlined\" rel=\"noopener\">Emmanuel Macron<\/a> et <a href=\"https:\/\/x.com\/GLarrive\/status\/1978843635111047555\" rel=\"nofollow\" target=\"_blank\" class=\"c-link c-link--is-underlined\">rendue publique sur X<\/a>, l\u2019ancien d\u00e9put\u00e9 explique avoir accept\u00e9 cette mission \u00ab\u00a0afin de contribuer \u00e0 r\u00e9duire l\u2019immigration et promouvoir l\u2019assimilation\u00a0\u00bb. Mais, d\u00e9plore-t-il, \u00ab\u00a0je ne saurais me faire complice d\u2019une politique que je d\u00e9sapprouve, en acceptant passivement d\u2019ob\u00e9ir \u00e0 des choix qui me paraissent profond\u00e9ment contraires \u00e0 l\u2019int\u00e9r\u00eat national\u00a0\u00bb. Selon lui, la d\u00e9claration de politique g\u00e9n\u00e9rale du <a href=\"https:\/\/www.20minutes.fr\/dossier\/premier_ministre\" target=\"_blank\" class=\"c-link c-link--is-underlined\" rel=\"noopener\">Premier ministre<\/a> et le projet de loi de finances confirment qu\u2019\u00ab\u00a0aucune r\u00e9forme rigoureuse\u00a0\u00bb ne sera men\u00e9e, notamment sur l\u2019<a href=\"https:\/\/www.20minutes.fr\/societe\/aide-medicale-etat\/\" target=\"_blank\" class=\"c-link c-link--is-underlined\" rel=\"noopener\">aide m\u00e9dicale d\u2019Etat (AME)<\/a> ou la conditionnalit\u00e9 des aides sociales.<\/p>\n<\/p>\n<p>Un manque d\u2019action concr\u00e8te<\/p>\n<p>Guillaume Larriv\u00e9 critique aussi un manque d\u2019action concr\u00e8te. \u00ab\u00a0Aucun effort op\u00e9rationnel s\u00e9rieux ne pourra \u00eatre engag\u00e9 pour baisser drastiquement le nombre de visas et augmenter significativement celui des expulsions.\u00a0\u00bb Une position en rupture avec les propos r\u00e9cents de S\u00e9bastien Lecornu, qui a d\u00e9clar\u00e9 que la France devait \u00ab\u00a0savoir accueillir mais aussi savoir dire non\u00a0\u00bb, tout en affirmant vouloir faire de l\u2019ex\u00e9cution des obligations de quitter le territoire fran\u00e7ais \u00ab\u00a0une priorit\u00e9\u00a0\u00bb.<\/p>\n<p><a href=\"https:\/\/www.20minutes.fr\/politique\/\" target=\"_blank\" class=\"c-link c-btn c-btn--primary\" rel=\"noopener\">Notre dossier Politique<\/a><\/p>\n<p>Ag\u00e9 de 48 ans, dipl\u00f4m\u00e9 de l\u2019Essec et ancien \u00e9l\u00e8ve de l\u2019ENA, Larriv\u00e9 a longtemps travaill\u00e9 au c\u0153ur de l\u2019appareil d\u2019Etat, notamment dans les cabinets de <a href=\"https:\/\/www.20minutes.fr\/politique\/nicolas_sarkozy\/\" target=\"_blank\" class=\"c-link c-link--is-underlined\" rel=\"noopener\">Nicolas Sarkozy<\/a> et de <a href=\"https:\/\/www.20minutes.fr\/dossier\/brice_hortefeux\" target=\"_blank\" class=\"c-link c-link--is-underlined\" rel=\"noopener\">Brice Hortefeux<\/a> au minist\u00e8re de l\u2019Int\u00e9rieur. A la t\u00eate de l\u2019Ofii, plac\u00e9 sous la tutelle de ce m\u00eame minist\u00e8re, il souhaitait incarner une ligne ferme sur l\u2019immigration. Sa d\u00e9mission illustre les tensions persistantes au sein de la droite entre partisans du dialogue avec l\u2019ex\u00e9cutif et d\u00e9fenseurs d\u2019une opposition plus tranch\u00e9e.<\/p>\n","protected":false},"excerpt":{"rendered":"A peine deux mois apr\u00e8s sa nomination \u00e0 la t\u00eate du conseil d\u2019administration de l\u2019Office fran\u00e7ais de l\u2019immigration&hellip;\n","protected":false},"author":2,"featured_media":468469,"comment_status":"","ping_status":"","sticky":false,"template":"","format":"standard","meta":{"footnotes":""},"categories":[2],"tags":[47,11,1013,1073,1011,27,1061,5317,8335,1014,12,316,3363,25,11067],"class_list":{"0":"post-468468","1":"post","2":"type-post","3":"status-publish","4":"format-standard","5":"has-post-thumbnail","7":"category-actualites","8":"tag-actualite","9":"tag-actualites","10":"tag-bruno-retailleau","11":"tag-emmanuel-macron","12":"tag-fr","13":"tag-france","14":"tag-immigration","15":"tag-integration","16":"tag-les-republicains-lr","17":"tag-ministere-de-linterieur","18":"tag-news","19":"tag-politique","20":"tag-premier-ministre","21":"tag-republique-francaise","22":"tag-sebastien-lecornu"},"share_on_mastodon":{"url":"https:\/\/pubeurope.com\/@fr\/115386176321785215","error":""},"_links":{"self":[{"href":"https:\/\/www.europesays.com\/fr\/wp-json\/wp\/v2\/posts\/468468","targetHints":{"allow":["GET"]}}],"collection":[{"href":"https:\/\/www.europesays.com\/fr\/wp-json\/wp\/v2\/posts"}],"about":[{"href":"https:\/\/www.europesays.com\/fr\/wp-json\/wp\/v2\/types\/post"}],"author":[{"embeddable":true,"href":"https:\/\/www.europesays.com\/fr\/wp-json\/wp\/v2\/users\/2"}],"replies":[{"embeddable":true,"href":"https:\/\/www.europesays.com\/fr\/wp-json\/wp\/v2\/comments?post=468468"}],"version-history":[{"count":0,"href":"https:\/\/www.europesays.com\/fr\/wp-json\/wp\/v2\/posts\/468468\/revisions"}],"wp:featuredmedia":[{"embeddable":true,"href":"https:\/\/www.europesays.com\/fr\/wp-json\/wp\/v2\/media\/468469"}],"wp:attachment":[{"href":"https:\/\/www.europesays.com\/fr\/wp-json\/wp\/v2\/media?parent=468468"}],"wp:term":[{"taxonomy":"category","embeddable":true,"href":"https:\/\/www.europesays.com\/fr\/wp-json\/wp\/v2\/categories?post=468468"},{"taxonomy":"post_tag","embeddable":true,"href":"https:\/\/www.europesays.com\/fr\/wp-json\/wp\/v2\/tags?post=468468"}],"curies":[{"name":"wp","href":"https:\/\/api.w.org\/{rel}","templated":true}]}}