{"id":468470,"date":"2025-10-16T22:21:18","date_gmt":"2025-10-16T22:21:18","guid":{"rendered":"https:\/\/www.europesays.com\/fr\/468470\/"},"modified":"2025-10-16T22:21:18","modified_gmt":"2025-10-16T22:21:18","slug":"statistiques-dactivite-electrique-sur-la-france-5","status":"publish","type":"post","link":"https:\/\/www.europesays.com\/fr\/468470\/","title":{"rendered":"Statistiques d&rsquo;activit\u00e9 \u00e9lectrique sur la France"},"content":{"rendered":"<p>Les <strong>statistiques<\/strong> quotidiennes sont consultables pendant <strong>un mois<\/strong>.<\/p>\n<p><strong>Cliquez sur un d\u00e9partement pour afficher les statistiques d\u00e9taill\u00e9es : <\/strong><\/p>\n<p>\t\t\t\t\t\t<img decoding=\"async\" src=\"https:\/\/www.europesays.com\/fr\/wp-content\/uploads\/2025\/09\/legende_statistiques_foudre.png\" class=\"smart-w-100\"\/><\/p>\n<p><strong> Depuis minuit, il n&rsquo;y a pas eu d&rsquo;\u00e9clair en France.<\/strong><\/p>\n<p> <strong>La d\u00e9tection des \u00e9clairs<\/strong> peut occasionnellement pr\u00e9senter quelques <strong>artefacts<\/strong> : les statistiques indiqu\u00e9es ici doivent donc \u00eatre consid\u00e9r\u00e9es avec les <strong>pr\u00e9cautions d&rsquo;usage<\/strong>.<\/p>\n<p>A noter par ailleurs qu&rsquo;un orage peut concerner une commune sans que celle-ci ne soit list\u00e9e ici : en effet, un \u00e9clair survenant sur une commune <strong>produit toujours du tonnerre sur toutes les communes avoisinantes<\/strong>, mais seule la commune de d\u00e9tection de l&rsquo;\u00e9clair est retenue dans les statistiques. Ces statistiques sont r\u00e9alis\u00e9es \u00e0 partir des donn\u00e9es Blitzortung.<\/p>\n","protected":false},"excerpt":{"rendered":"Les statistiques quotidiennes sont consultables pendant un mois. Cliquez sur un d\u00e9partement pour afficher les statistiques d\u00e9taill\u00e9es :&hellip;\n","protected":false},"author":2,"featured_media":468471,"comment_status":"","ping_status":"","sticky":false,"template":"","format":"standard","meta":{"footnotes":""},"categories":[4],"tags":[11,1011,27,12,25],"class_list":{"0":"post-468470","1":"post","2":"type-post","3":"status-publish","4":"format-standard","5":"has-post-thumbnail","7":"category-france","8":"tag-actualites","9":"tag-fr","10":"tag-france","11":"tag-news","12":"tag-republique-francaise"},"share_on_mastodon":{"url":"https:\/\/pubeurope.com\/@fr\/115386180965485070","error":""},"_links":{"self":[{"href":"https:\/\/www.europesays.com\/fr\/wp-json\/wp\/v2\/posts\/468470","targetHints":{"allow":["GET"]}}],"collection":[{"href":"https:\/\/www.europesays.com\/fr\/wp-json\/wp\/v2\/posts"}],"about":[{"href":"https:\/\/www.europesays.com\/fr\/wp-json\/wp\/v2\/types\/post"}],"author":[{"embeddable":true,"href":"https:\/\/www.europesays.com\/fr\/wp-json\/wp\/v2\/users\/2"}],"replies":[{"embeddable":true,"href":"https:\/\/www.europesays.com\/fr\/wp-json\/wp\/v2\/comments?post=468470"}],"version-history":[{"count":0,"href":"https:\/\/www.europesays.com\/fr\/wp-json\/wp\/v2\/posts\/468470\/revisions"}],"wp:featuredmedia":[{"embeddable":true,"href":"https:\/\/www.europesays.com\/fr\/wp-json\/wp\/v2\/media\/468471"}],"wp:attachment":[{"href":"https:\/\/www.europesays.com\/fr\/wp-json\/wp\/v2\/media?parent=468470"}],"wp:term":[{"taxonomy":"category","embeddable":true,"href":"https:\/\/www.europesays.com\/fr\/wp-json\/wp\/v2\/categories?post=468470"},{"taxonomy":"post_tag","embeddable":true,"href":"https:\/\/www.europesays.com\/fr\/wp-json\/wp\/v2\/tags?post=468470"}],"curies":[{"name":"wp","href":"https:\/\/api.w.org\/{rel}","templated":true}]}}