{"id":468472,"date":"2025-10-16T22:22:20","date_gmt":"2025-10-16T22:22:20","guid":{"rendered":"https:\/\/www.europesays.com\/fr\/468472\/"},"modified":"2025-10-16T22:22:20","modified_gmt":"2025-10-16T22:22:20","slug":"un-espagnol-en-tete-a-hangzhou-4-francais-en-embuscade","status":"publish","type":"post","link":"https:\/\/www.europesays.com\/fr\/468472\/","title":{"rendered":"Un Espagnol en t\u00eate \u00e0 Hangzhou, 4 Fran\u00e7ais en embuscade"},"content":{"rendered":"<p>\t\t\t\t\t\t<img width=\"770\" height=\"554\" src=\"https:\/\/www.europesays.com\/fr\/wp-content\/uploads\/2025\/10\/victor-pastor-challenge-tour-770x554.jpg\" class=\"img-responsive wp-post-image\" alt=\"Victor Pastor Photo by Zhe Ji\/Getty Images\" decoding=\"async\" fetchpriority=\"high\"  \/>\t\t\t\t\t<\/p>\n<p>\t\t\t\t\t\t Partager cet article <\/p>\n<p class=\"screen-reader-text juiz_sps_maybe_hidden_text\">Partager la publication \u00ab\u00a0Un Espagnol en t\u00eate \u00e0 Hangzhou, 4 Fran\u00e7ais en embuscade\u00a0\u00bb<\/p>\n<p><strong>L\u2019Andalou Victor Pastor m\u00e8ne d\u2019un coup apr\u00e8s avoir sign\u00e9 un 63 (neuf coups sous le par) lors de la premi\u00e8re journ\u00e9e de l\u2019Open de Hangzhou au Hangzhou West Lake Golf Club.<\/strong><\/p>\n<p>\nL\u2019Espagnol a r\u00e9alis\u00e9 neuf birdies lors de ses 18 premiers trous sans bogey et devance d\u2019un coup le Chinois Xinjun Zhang, deuxi\u00e8me. Pastor a d\u00e9but\u00e9 l\u2019avant-dernier \u00e9v\u00e9nement de la saison, et le deuxi\u00e8me d\u2019une s\u00e9rie d\u2019\u00e9v\u00e9nements cons\u00e9cutifs en Chine, \u00e0 la 56e place du classement Road to Mallorca. Il doit donc aller chercher un gros r\u00e9sultats pour int\u00e9grer le top 45 condition \u201csine qua non\u201d \u00e0 la qualification \u00e0 la Grande Finale Rolex, au Golf d\u2019Alcanada.<\/p>\n<p>Quatre des sept repr\u00e9sentants tricolores ont r\u00e9ussi une excellent entame en rendant une carte de 68 parmi eux <strong>Oihan Guillamoundeguy <\/strong>et<strong> Felix Mory<\/strong>, deux des trois vainqueurs fran\u00e7ais sur l\u2019<strong>HotelPlanner Tour<\/strong> (Ex Challenge Tour). A noter les d\u00e9buts d\u00e9licats du R\u00e9unionnais <strong>Julien Sale<\/strong> (+2), d\u00e9sormais projet\u00e9 \u00e0 46e place de la Race to Mallorca.<\/p>\n<p>\t\t\t\t\t<a id=\"187708\" href=\"https:\/\/www.swing.fr\/projet.php?id=36\" target=\"_blank\" rel=\"sponsorised nofollow noopener\"><img decoding=\"async\" src=\"data:image\/svg+xml,%3Csvg%20xmlns=\" http:=\"\" class=\"img-responsive\" alt=\"\" data-lazy-src=\"https:\/\/www.europesays.com\/fr\/wp-content\/uploads\/2025\/09\/swing-e05-golf-gourmet-trophy-1170x275-1.gif\"\/><\/a><\/p>\n<p><img loading=\"lazy\" decoding=\"async\" class=\"wp-image-189268 alignnone\" src=\"data:image\/svg+xml,%3Csvg%20xmlns=\" http:=\"\" alt=\"Leaderboard\" width=\"770\" height=\"873\" data-lazy- data-lazy- data-lazy-src=\"https:\/\/www.europesays.com\/fr\/wp-content\/uploads\/2025\/10\/capture-2025-10-16-a-11.57.43.jpg\"\/><\/p>\n<p>Photo \u00a9 Zhe Ji\/Getty Images<\/p>\n","protected":false},"excerpt":{"rendered":"Partager cet article Partager la publication \u00ab\u00a0Un Espagnol en t\u00eate \u00e0 Hangzhou, 4 Fran\u00e7ais en embuscade\u00a0\u00bb L\u2019Andalou Victor&hellip;\n","protected":false},"author":2,"featured_media":468473,"comment_status":"","ping_status":"","sticky":false,"template":"","format":"standard","meta":{"footnotes":""},"categories":[1418],"tags":[1011,27,1472,60],"class_list":{"0":"post-468472","1":"post","2":"type-post","3":"status-publish","4":"format-standard","5":"has-post-thumbnail","7":"category-golf","8":"tag-fr","9":"tag-france","10":"tag-golf","11":"tag-sports"},"share_on_mastodon":{"url":"https:\/\/pubeurope.com\/@fr\/115386184134474730","error":""},"_links":{"self":[{"href":"https:\/\/www.europesays.com\/fr\/wp-json\/wp\/v2\/posts\/468472","targetHints":{"allow":["GET"]}}],"collection":[{"href":"https:\/\/www.europesays.com\/fr\/wp-json\/wp\/v2\/posts"}],"about":[{"href":"https:\/\/www.europesays.com\/fr\/wp-json\/wp\/v2\/types\/post"}],"author":[{"embeddable":true,"href":"https:\/\/www.europesays.com\/fr\/wp-json\/wp\/v2\/users\/2"}],"replies":[{"embeddable":true,"href":"https:\/\/www.europesays.com\/fr\/wp-json\/wp\/v2\/comments?post=468472"}],"version-history":[{"count":0,"href":"https:\/\/www.europesays.com\/fr\/wp-json\/wp\/v2\/posts\/468472\/revisions"}],"wp:featuredmedia":[{"embeddable":true,"href":"https:\/\/www.europesays.com\/fr\/wp-json\/wp\/v2\/media\/468473"}],"wp:attachment":[{"href":"https:\/\/www.europesays.com\/fr\/wp-json\/wp\/v2\/media?parent=468472"}],"wp:term":[{"taxonomy":"category","embeddable":true,"href":"https:\/\/www.europesays.com\/fr\/wp-json\/wp\/v2\/categories?post=468472"},{"taxonomy":"post_tag","embeddable":true,"href":"https:\/\/www.europesays.com\/fr\/wp-json\/wp\/v2\/tags?post=468472"}],"curies":[{"name":"wp","href":"https:\/\/api.w.org\/{rel}","templated":true}]}}