{"id":468475,"date":"2025-10-16T22:25:15","date_gmt":"2025-10-16T22:25:15","guid":{"rendered":"https:\/\/www.europesays.com\/fr\/468475\/"},"modified":"2025-10-16T22:25:15","modified_gmt":"2025-10-16T22:25:15","slug":"mpetshi-perricard-qui-a-retrouve-ses-sensations-en-indoor-a-bruxelles-affronte-en-quarts-de-finale-lorenzo-musetti","status":"publish","type":"post","link":"https:\/\/www.europesays.com\/fr\/468475\/","title":{"rendered":"Mpetshi Perricard, qui a retrouv\u00e9 ses sensations en indoor \u00e0 Bruxelles, affronte en quarts de finale Lorenzo Musetti"},"content":{"rendered":"\n<p class=\"Paragraph__content\" data-v-e14a34bc=\"\">Les dix derniers matches de Giovanni Mpetshi Perricard sur dur ext\u00e9rieur\u00a0? Cinq victoires pour cinq d\u00e9faites. Sur gazon\u00a0? Idem. Sur terre battue\u00a0? Six succ\u00e8s pour quatre \u00e9checs\u00a0; si, si. Et sur dur indoor\u00a0? L\u00e0, c&rsquo;est 90\u00a0% de r\u00e9ussite, rien que \u00e7a\u00a0!<\/p>\n<p class=\"Paragraph__content\" data-v-e14a34bc=\"\"><a href=\"https:\/\/www.lequipe.fr\/Tennis\/Actualites\/Giovanni-mpetshi-perricard-sacre-a-bale-il-y-aura-encore-des-hauts-et-des-bas\/1516712\" notaddlevel=\"true\" target=\"_blank\" rel=\"nofollow noopener\">Titr\u00e9 \u00e0 l&rsquo;ATP 500 de B\u00e2le il y a un an<\/a>, en battant notamment Auger-Aliassime, Rune et Shelton, le Fran\u00e7ais est ce vendredi en quarts de finale \u00e0 Bruxelles, o\u00f9 il a certes b\u00e9n\u00e9fici\u00e9 ce jeudi de la blessure \u00e0 l&rsquo;\u00e9paule de Nikoloz Basilashvili, mais apr\u00e8s avoir parfaitement n\u00e9goci\u00e9 le premier set (remport\u00e9 7-5 avec 10 aces et 4 points perdus au service), avant que le G\u00e9orgien ne se flingue l&rsquo;articulation sur un coup droit.<\/p>\n<p class=\"Paragraph__content\" data-v-e14a34bc=\"\">Deux ans presque jour pour jour apr\u00e8s avoir d\u00e9croch\u00e9 ses toutes premi\u00e8res victoires sur le circuit principal \u00e0 Anvers, d\u00e9j\u00e0 indoor, Mpetshi continue \u00e0 se sentir extr\u00eamement \u00e0 l&rsquo;aise d\u00e8s lors qu&rsquo;un toit est pos\u00e9 au-dessus d&rsquo;un court de tennis. \u00ab\u00a0Il y a effectivement un grand confort li\u00e9 aux conditions, explique-t-il. Qui dit indoor dit pas de vent, pas de soleil, et moins de circulation d&rsquo;air\u00a0; c&rsquo;est plus facile d&rsquo;\u00eatre pr\u00e9cis. Il n&rsquo;y a pas ces petits hasards qui font que parfois il faut prendre plus de marge avec les lignes parce que \u00e7a souffle un peu, parce que le lancer sera moins pr\u00e9cis \u00e0 cause du soleil,\u00a0etc.\u00a0\u00bb<\/p>\n<p class=\"Paragraph__content\" data-v-e14a34bc=\"\">Ce que le coach am\u00e9ricain Paul Annacone, qui a notamment entra\u00een\u00e9 trois joueurs extr\u00eamement performants en salle (par ordre d&rsquo;apparition, Pete Sampras, Tim Henman et Roger Federer) r\u00e9sumait ainsi\u00a0: \u00ab\u00a0Les joueurs agressifs qui fonctionnent avec une moindre marge d&rsquo;erreur que les autres sont avantag\u00e9s \u00e0 l&rsquo;int\u00e9rieur, o\u00f9 rien ne varie. C&rsquo;est pourquoi Federer y \u00e9tait si spectaculaire\u00a0: il pouvait prendre la balle encore plus t\u00f4t et jouer encore plus efficacement en attaque.\u00a0\u00bb<\/p>\n<p>                       49 aces en quatre sets <\/p>\n<p class=\"Paragraph__content\" data-v-e14a34bc=\"\">Un immense serveur comme Mpetshi b\u00e9n\u00e9ficie \u00e0 plein du d\u00e9cor immuable en salle. Les rep\u00e8res visuels sur le lancer de balle au service, son arme majeure, ne changeront pas, la luminosit\u00e9 restant aussi exactement la m\u00eame de bout en bout. Ceci explique en partie sa facult\u00e9, \u00e0 Bruxelles, \u00e0 avoir marqu\u00e9 27 points de suite sur son engagement entre la fin de son premier tour contre Ruusuvuori et le d\u00e9but de son deuxi\u00e8me contre Basilashvili. Et \u00e0 avoir d\u00e9j\u00e0 frapp\u00e9 49 aces en seulement quatre sets. En salle, quand la balle sort \u00e0 merveille de votre raquette, seul l&rsquo;adversaire peut trouver un moyen de vous faire quitter l&rsquo;autoroute, mais il doit bien chercher.<\/p>\n<p class=\"Paragraph__content\" data-v-e14a34bc=\"\">Le bien-\u00eatre y est d&rsquo;ailleurs souvent inn\u00e9 quand on a un profil comme celui de GMP\u00a0: \u00ab\u00a0L&rsquo;an pass\u00e9, je sortais d&rsquo;une p\u00e9riode d\u00e9licate quand je me suis mis \u00e0 tr\u00e8s bien jouer \u00e0 B\u00e2le, un tournoi qui a boost\u00e9 ma confiance. Et l\u00e0, avant de d\u00e9barquer \u00e0 Bruxelles, je n&rsquo;avais pas fait beaucoup d&rsquo;heures indoor, peut-\u00eatre juste deux entra\u00eenements, mais c&rsquo;est vrai que tout de suite, avec mon jeu agressif, \u00e7a se combine assez bien\u00a0\u00bb, avant de glisser avec un sourire plein d&rsquo;app\u00e9tit\u00a0: \u00ab\u00a0Ouais, tout ce qui est salle, j&rsquo;aime vraiment bien.\u00a0\u00bb<\/p>\n<p>                       \u00c0 Bercy d\u00e8s le CE2 <\/p>\n<p class=\"Paragraph__content\" data-v-e14a34bc=\"\">Il vient donc d&rsquo;entrer dans sa meilleure p\u00e9riode de la saison, avec le mois de juin sur gazon, regrettant que la combinaison des deux ne soit qu&rsquo;exceptionnelle\u00a0: \u00ab\u00a0C&rsquo;est s\u00fbr que le gazon indoor, ce serait encore mieux, s&rsquo;amuse-t-il, mais je n&rsquo;ai connu \u00e7a qu&rsquo;une fois pour l&rsquo;instant\u00a0\u00bb. C&rsquo;\u00e9tait<a href=\"https:\/\/www.lequipe.fr\/Tennis\/Article\/Renverse-par-fritz-mpetshi-perricard-a-encore-marque-les-esprits-a-wimbledon\/1574666\" notaddlevel=\"true\" target=\"_blank\" rel=\"nofollow noopener\"> lors de son match perdu cette ann\u00e9e d&rsquo;extr\u00eame justesse face \u00e0 Taylor Fritz<\/a> sous le toit ferm\u00e9 du court n\u00b01 de Wimbledon (6-7, 6-7, 6-4, 7-6, 6-4).<\/p>\n<p class=\"Paragraph__content\" data-v-e14a34bc=\"\">Alors qu&rsquo;\u00e0 Bruxelles le chemin vers le week-end final passera ce vendredi par un succ\u00e8s face \u00e0 Lorenzo Musetti, qu&rsquo;il n&rsquo;a encore jamais affront\u00e9 en salle, Mpetshi retrouvera la semaine prochaine les courts de B\u00e2le, r\u00e9put\u00e9s les plus rapides du circuit, puis d\u00e9couvrira avec enthousiasme une toute nouvelle salle pour le tennis, celle de la D\u00e9fense, pour le Masters 1000 de Paris\u00a0: \u00ab\u00a0H\u00e2te de voir \u00e7a, m\u00eame si, quand m\u00eame, Bercy, c&rsquo;\u00e9tait mythique. La deuxi\u00e8me fois de ma vie que j&rsquo;ai vu un match de tennis en vrai, c&rsquo;\u00e9tait l\u00e0-bas. J&rsquo;\u00e9tais en CE2, mon p\u00e8re m&rsquo;avait emmen\u00e9. J&rsquo;avais vu Federer contre Mannarino, \u00e7a m&rsquo;avait beaucoup marqu\u00e9.\u00a0\u00bb C&rsquo;\u00e9tait en 2011, il avait huit ans et, d\u00e9j\u00e0, pour lui, le tennis indoor, c&rsquo;\u00e9tait de la balle.<\/p>\n","protected":false},"excerpt":{"rendered":"Les dix derniers matches de Giovanni Mpetshi Perricard sur dur ext\u00e9rieur\u00a0? Cinq victoires pour cinq d\u00e9faites. Sur gazon\u00a0?&hellip;\n","protected":false},"author":2,"featured_media":468476,"comment_status":"","ping_status":"","sticky":false,"template":"","format":"standard","meta":{"footnotes":""},"categories":[1415],"tags":[1011,27,60,1467],"class_list":{"0":"post-468475","1":"post","2":"type-post","3":"status-publish","4":"format-standard","5":"has-post-thumbnail","7":"category-tennis","8":"tag-fr","9":"tag-france","10":"tag-sports","11":"tag-tennis"},"share_on_mastodon":{"url":"https:\/\/pubeurope.com\/@fr\/115386195806829345","error":""},"_links":{"self":[{"href":"https:\/\/www.europesays.com\/fr\/wp-json\/wp\/v2\/posts\/468475","targetHints":{"allow":["GET"]}}],"collection":[{"href":"https:\/\/www.europesays.com\/fr\/wp-json\/wp\/v2\/posts"}],"about":[{"href":"https:\/\/www.europesays.com\/fr\/wp-json\/wp\/v2\/types\/post"}],"author":[{"embeddable":true,"href":"https:\/\/www.europesays.com\/fr\/wp-json\/wp\/v2\/users\/2"}],"replies":[{"embeddable":true,"href":"https:\/\/www.europesays.com\/fr\/wp-json\/wp\/v2\/comments?post=468475"}],"version-history":[{"count":0,"href":"https:\/\/www.europesays.com\/fr\/wp-json\/wp\/v2\/posts\/468475\/revisions"}],"wp:featuredmedia":[{"embeddable":true,"href":"https:\/\/www.europesays.com\/fr\/wp-json\/wp\/v2\/media\/468476"}],"wp:attachment":[{"href":"https:\/\/www.europesays.com\/fr\/wp-json\/wp\/v2\/media?parent=468475"}],"wp:term":[{"taxonomy":"category","embeddable":true,"href":"https:\/\/www.europesays.com\/fr\/wp-json\/wp\/v2\/categories?post=468475"},{"taxonomy":"post_tag","embeddable":true,"href":"https:\/\/www.europesays.com\/fr\/wp-json\/wp\/v2\/tags?post=468475"}],"curies":[{"name":"wp","href":"https:\/\/api.w.org\/{rel}","templated":true}]}}