{"id":46848,"date":"2025-04-23T15:07:08","date_gmt":"2025-04-23T15:07:08","guid":{"rendered":"https:\/\/www.europesays.com\/fr\/46848\/"},"modified":"2025-04-23T15:07:08","modified_gmt":"2025-04-23T15:07:08","slug":"vannes-toulon-rugby-vunipola-de-retour-six-a-sept-changements-la-composition-probable-du-rcv","status":"publish","type":"post","link":"https:\/\/www.europesays.com\/fr\/46848\/","title":{"rendered":"Vannes &#8211; Toulon rugby\u00a0: Vunipola de retour, six \u00e0 sept changements, la composition probable du RCV"},"content":{"rendered":"<p>Top 14 (22e journ\u00e9e). RC Vannes &#8211; RC Toulon, samedi (16 h 30)<\/p>\n<p>Six \u00e0 sept changements devraient avoir lieu dans le XV de d\u00e9part du <a href=\"https:\/\/www.letelegramme.fr\/sports\/rugby\/rc-vannes\/\" target=\"_blank\" rel=\"noopener\">RC Vannes<\/a> pour la r\u00e9ception du <a href=\"https:\/\/www.letelegramme.fr\/sports\/rugby\/rc-vannes\/vannes-toulon-rugby-gael-drean-melvyn-jaminet-objectif-top-2-ou-en-est-le-prochain-adversaire-du-rcv-en-top-14-6802999.php\" target=\"_blank\" rel=\"noopener\">RC Toulon<\/a>, samedi (16 h 30), \u00e0 l\u2019occasion de la 22e journ\u00e9e de Top 14.<\/p>\n<p>L\u2019incertitude concerne le poste de demi de m\u00eal\u00e9e o\u00f9 Michael Ruru, forfait \u00e0 Castres, pourrait \u00eatre de retour. Touch\u00e9 au mollet, <a href=\"https:\/\/www.letelegramme.fr\/sports\/rugby\/rc-vannes\/vannes-toulon-rugby-michael-ruru-incertain-salesi-rayasi-toujours-forfait-pour-le-rcv-6804046.php\" target=\"_blank\" rel=\"noopener\">le N\u00e9o-Z\u00e9landais a pris part \u00e0 une partie de la s\u00e9ance<\/a>, ce mercredi \u00e0 La Rabine, mais une d\u00e9cision sera prise dans les prochains jours pour sa participation au match. En cas de nouvelle absence, Stephen Varney encha\u00eenerait une deuxi\u00e8me titularisation et Thibault Deba\u00ebs couvrirait le poste de num\u00e9ro neuf sur le banc.<\/p>\n<p>Pour le reste, John Porch devrait \u00eatre align\u00e9 sur une aile pour la premi\u00e8re fois avec le RCV afin de pallier le <a href=\"https:\/\/www.letelegramme.fr\/sports\/rugby\/rc-vannes\/vannes-toulon-rugby-michael-ruru-incertain-salesi-rayasi-toujours-forfait-pour-le-rcv-6804046.php\" target=\"_blank\" rel=\"noopener\">nouveau forfait de Salesi Rayasi<\/a>. Robin Taccola et <a href=\"https:\/\/www.letelegramme.fr\/sports\/rugby\/rc-vannes\/apporter-une-energie-positive-francis-saili-joueur-solaire-et-recrue-deja-leader-au-rc-vannes-6675526.php\" target=\"_blank\" rel=\"noopener\">Francis Saili<\/a> devraient \u00eatre associ\u00e9s au centre \u00e0 la place de <a href=\"https:\/\/www.letelegramme.fr\/sports\/rugby\/rc-vannes\/on-est-en-discussion-avec-le-club-pierre-boudehent-pourrait-rester-au-rc-vannes-la-saison-prochaine-6804148.php\" target=\"_blank\" rel=\"noopener\">Pierre Boudehent<\/a> et de <a href=\"https:\/\/www.letelegramme.fr\/sports\/rugby\/rc-vannes\/il-a-toutes-les-qualites-requises-pour-etre-un-joueur-exceptionnel-tani-vili-un-centre-prometteur-et-revanchard-au-rc-vannes-6684507.php\" target=\"_blank\" rel=\"noopener\">Tani Vili<\/a>.<\/p>\n<p>Retour de Mako Vunipola<\/p>\n<p>En premi\u00e8re ligne, Mako Vunipola et Th\u00e9o B\u00e9ziat devraient retrouver le XV \u00e0 la place de Thomas Moukoro et de <a href=\"https:\/\/www.letelegramme.fr\/sports\/rugby\/rc-vannes\/le-vieux-nest-pas-trop-mal-a-35-ans-cyril-blanchard-chouchou-du-rc-vannes-decouvre-le-top-14-video-6745474.php\" target=\"_blank\" rel=\"noopener\">Cyril Blanchard<\/a>, qui d\u00e9buteraient sur le banc. L\u2019ancien international anglais n\u2019a plus \u00e9t\u00e9 titulaire depuis la victoire contre le Racing 92, il y a plus de deux mois. Durant ce laps de temps, il a disput\u00e9 seulement une trentaine de minutes contre Perpignan.<\/p>\n<p>Eric Marks devrait aussi d\u00e9buter plus de deux mois apr\u00e8s son dernier match, \u00e9galement contre le Racing. La titularisation de l\u2019international allemand devrait permettre \u00e0 Joe Edwards d\u2019\u00eatre align\u00e9 en troisi\u00e8me ligne aux c\u00f4t\u00e9s du capitaine <a href=\"https:\/\/www.letelegramme.fr\/sports\/rugby\/rc-vannes\/castres-vannes-je-crois-beaucoup-au-projet-le-capitaine-gorrissen-va-jouer-son-centieme-match-avec-le-rcv-6801497.php\" target=\"_blank\" rel=\"noopener\">Francisco Gorrissen<\/a> et du num\u00e9ro huit Sione Kalamafoni. Simon Augry devrait \u00eatre rempla\u00e7ant, tout comme Anton Bresler, Timoth\u00e9 M\u00e9zou et Phil Kit\u00e9. <a href=\"https:\/\/www.letelegramme.fr\/sports\/rugby\/rc-vannes\/un-style-de-jeu-a-la-damian-penaud-qui-est-inaki-ayarza-linternational-chilien-qui-a-signe-au-rc-vannes-6631677.php\" target=\"_blank\" rel=\"noopener\">I\u00f1aki Ayarza<\/a> pourrait apporter sa polyvalence (centre, ailier, arri\u00e8re) dans ce banc en 6-2 (six avants, deux arri\u00e8res). L\u2019international chilien n\u2019a plus jou\u00e9 en Top 14 depuis le d\u00e9placement \u00e0 Pau, fin 2024.<\/p>\n<p><strong class=\"tech\">La compo probable du RC Vannes<\/strong><\/p>\n<p class=\"tech\">15. Surano &#8211; 14. Porch, 13. Taccola, 12. Saili, 11. Nakosi &#8211; 10. Lafage, 9. Ruru (ou Varney) &#8211; 7. Gorrissen (cap.), 8. Kalamafoni, 6. Edwards &#8211; 5. Metz, 4. Marks &#8211; 3. Medrano, 2. B\u00e9ziat, 1. Vunipola.<\/p>\n<p class=\"tech\">Rempla\u00e7ants : Blanchard, Moukoro, M\u00e9zou, Bresler, Augry, Varney (ou Deba\u00ebs), Ayarza, Kit\u00e9.<\/p>\n","protected":false},"excerpt":{"rendered":"Top 14 (22e journ\u00e9e). RC Vannes &#8211; RC Toulon, samedi (16 h 30) Six \u00e0 sept changements devraient&hellip;\n","protected":false},"author":2,"featured_media":46849,"comment_status":"","ping_status":"","sticky":false,"template":"","format":"standard","meta":{"footnotes":""},"categories":[9619],"tags":[1111,11,765,3166,1777,674,1011,27,12,882,3164,3167,25,479,60,478,2310,3165],"class_list":{"0":"post-46848","1":"post","2":"type-post","3":"status-publish","4":"format-standard","5":"has-post-thumbnail","7":"category-toulon","8":"tag-actu","9":"tag-actualites","10":"tag-en-continu","11":"tag-en-continu-sports","12":"tag-eu","13":"tag-europe","14":"tag-fr","15":"tag-france","16":"tag-news","17":"tag-provence-alpes-cote-dazur","18":"tag-rc-vannes","19":"tag-rcv","20":"tag-republique-francaise","21":"tag-rugby","22":"tag-sports","23":"tag-top-14","24":"tag-toulon","25":"tag-vannes"},"share_on_mastodon":{"url":"https:\/\/pubeurope.com\/@fr\/114387906990208055","error":""},"_links":{"self":[{"href":"https:\/\/www.europesays.com\/fr\/wp-json\/wp\/v2\/posts\/46848","targetHints":{"allow":["GET"]}}],"collection":[{"href":"https:\/\/www.europesays.com\/fr\/wp-json\/wp\/v2\/posts"}],"about":[{"href":"https:\/\/www.europesays.com\/fr\/wp-json\/wp\/v2\/types\/post"}],"author":[{"embeddable":true,"href":"https:\/\/www.europesays.com\/fr\/wp-json\/wp\/v2\/users\/2"}],"replies":[{"embeddable":true,"href":"https:\/\/www.europesays.com\/fr\/wp-json\/wp\/v2\/comments?post=46848"}],"version-history":[{"count":0,"href":"https:\/\/www.europesays.com\/fr\/wp-json\/wp\/v2\/posts\/46848\/revisions"}],"wp:featuredmedia":[{"embeddable":true,"href":"https:\/\/www.europesays.com\/fr\/wp-json\/wp\/v2\/media\/46849"}],"wp:attachment":[{"href":"https:\/\/www.europesays.com\/fr\/wp-json\/wp\/v2\/media?parent=46848"}],"wp:term":[{"taxonomy":"category","embeddable":true,"href":"https:\/\/www.europesays.com\/fr\/wp-json\/wp\/v2\/categories?post=46848"},{"taxonomy":"post_tag","embeddable":true,"href":"https:\/\/www.europesays.com\/fr\/wp-json\/wp\/v2\/tags?post=46848"}],"curies":[{"name":"wp","href":"https:\/\/api.w.org\/{rel}","templated":true}]}}