{"id":468485,"date":"2025-10-16T22:31:12","date_gmt":"2025-10-16T22:31:12","guid":{"rendered":"https:\/\/www.europesays.com\/fr\/468485\/"},"modified":"2025-10-16T22:31:12","modified_gmt":"2025-10-16T22:31:12","slug":"brigitte-bardot-hospitalisee-depuis-trois-semaines-dans-un-etat-preoccupant","status":"publish","type":"post","link":"https:\/\/www.europesays.com\/fr\/468485\/","title":{"rendered":"Brigitte Bardot hospitalis\u00e9e depuis trois semaines dans \u00ab\u00a0un \u00e9tat pr\u00e9occupant\u00a0\u00bb"},"content":{"rendered":"<p><a href=\"https:\/\/www.public.fr\/tag\/brigitte-bardot\" rel=\"nofollow noopener\" target=\"_blank\">Brigitte Bardot<\/a> se trouve actuellement <strong>\u00e0 l\u2019h\u00f4pital et, ce, depuis trois semaines<\/strong> d\u00e9sormais. En effet, nos confr\u00e8res de Nice Matin r\u00e9v\u00e8lent que <a href=\"https:\/\/vsd.fr\/tag\/brigitte-bardot\/\" rel=\"nofollow noopener\" target=\"_blank\">la figure f\u00e9minine des ann\u00e9es 1950-1970<\/a> \u00ab\u00a0s\u00e9journe\u00a0\u00bb actuellement \u00e0 l\u2019h\u00f4pital priv\u00e9 Saint-Jean \u00e0 Toulon, dans le sud de la France, et a subi \u00ab\u00a0une intervention chirurgicale dans le cadre d\u2019une maladie grave\u00a0\u00bb.<\/p>\n<p>N\u00e9anmoins, nos confr\u00e8res ne d\u00e9voilent pas la nature de <strong>cette \u00ab\u00a0maladie grave\u00a0\u00bb.<\/strong> Malgr\u00e9 la situation, \u00ab\u00a0BB\u00a0\u00bb devrait toutefois pouvoir rentrer chez elle, dans son refuge \u00e0 Saint-Tropez, dans les prochains jours.<\/p>\n<p>Brigitte Bardot autoris\u00e9e \u00e0 quitter l&rsquo;h\u00f4pital mais tr\u00e8s suivie<\/p>\n<p>Mais le fait qu\u2019elle soit autoris\u00e9 \u00e0 rentrer chez elle n\u2019enl\u00e8ve rien \u00e0 <strong>son \u00e9tat pr\u00e9occupant.<\/strong> En effet, Nice Matin indique que l\u2019\u00e9tat de sant\u00e9 de Brigitte Bardot s\u2019av\u00e8re bel et bien pr\u00e9occupant \u00e0 l\u2019heure actuelle et serait suivie de pr\u00e8s par les \u00e9quipes m\u00e9dicales.\u00a0<\/p>\n<p>Nos confr\u00e8res de Gala rappellent qu\u2019en mars dernier, Brigitte Bardot tentait pourtant de rassurer ses fans quant \u00e0 son \u00e9tat de sant\u00e9. \u00ab\u00a0<strong>Je ne suis pas ramollo\u00a0\u00bb<\/strong>, confiait-elle avant d\u2019ajouter : \u00ab\u00a0J\u2019ai beaucoup de chance parce que j\u2019ai un temp\u00e9rament de feu de Dieu. C\u2019est difficile de m\u2019abattre\u00a0\u00bb.<\/p>\n<p>Si elle assurait qu\u2019elle gardait de l\u2019\u00e9nergie et qu\u2019il fallait bien plus pour avoir raison d\u2019elle, l\u2019ic\u00f4ne des ann\u00e9es 1950-1970 reconnaissait toutefois que les disparitions de ses amis au fil des ann\u00e9es l\u2019avaient beaucoup affect\u00e9e.<\/p>\n<p>\u00ab\u00a0Vous savez, je pense \u00e0 beaucoup de choses&#8230; J\u2019ai un peu un ordinateur dans la t\u00eate. Mon esprit de temps en temps s\u2019envole un peu pour prendre un peu l\u2019air et je pense \u00e0 des gens que j\u2019aime, que j\u2019ai aim\u00e9s et qui ne sont plus l\u00e0. Je n\u2019ai plus personne autour de moi, ils sont tous partis\u00a0\u00bb, regrettait-elle.<\/p>\n<p>Deux tragiques nouvelles en l&rsquo;espace de quelques heures<\/p>\n<p>En effet, il y a quelques semaines, Brigitte Bardot faisait <a href=\"https:\/\/www.public.fr\/brigitte-bardot-face-a-la-mort-deuxieme-deuil-en-une-semaine-son-fils-nicolas-jacques-touche\" rel=\"nofollow noopener\" target=\"_blank\">face \u00e0 deux tragiques disparitions<\/a>. Alors qu\u2019elle apprenait la mort de son grand ami le journaliste Christian Brincourt,\u00a0elle apprenait la disparition de son ex-mari le lendemain. Jacques Charrier, papa de Nicolas-Jacques, l&rsquo;unique enfant de la star, nous a quitt\u00e9s \u00e0 88 ans le 3 septembre dernier.<\/p>\n<p>Un homme qu\u2019elle avait rencontr\u00e9 sur le tournage de\u00a0<strong>Babette s\u2019en va t\u2019en guerre<\/strong>\u00a0de Christian-Jaque. Les tourtereaux,\u00a0\u00e2g\u00e9s de 25 et 23 ans, avaient d\u00e9cid\u00e9 de se marier\u00a0juste apr\u00e8s le tournage \u00e0 Louveciennes, chez les Bardot, en juin 1959.<\/p>\n<p>      Mentionn\u00e9s dans cet article<\/p>\n<p>      Sur le m\u00eame sujet<\/p>\n","protected":false},"excerpt":{"rendered":"Brigitte Bardot se trouve actuellement \u00e0 l\u2019h\u00f4pital et, ce, depuis trois semaines d\u00e9sormais. En effet, nos confr\u00e8res de&hellip;\n","protected":false},"author":2,"featured_media":468486,"comment_status":"","ping_status":"","sticky":false,"template":"","format":"standard","meta":{"footnotes":""},"categories":[1359],"tags":[20224,58,59,1011,27,16448,1476,973,20592,2310],"class_list":{"0":"post-468485","1":"post","2":"type-post","3":"status-publish","4":"format-standard","5":"has-post-thumbnail","7":"category-people","8":"tag-brigitte-bardot","9":"tag-divertissement","10":"tag-entertainment","11":"tag-fr","12":"tag-france","13":"tag-hospitalisation","14":"tag-operation","15":"tag-people","16":"tag-saint-tropez","17":"tag-toulon"},"share_on_mastodon":{"url":"https:\/\/pubeurope.com\/@fr\/115386219557815261","error":""},"_links":{"self":[{"href":"https:\/\/www.europesays.com\/fr\/wp-json\/wp\/v2\/posts\/468485","targetHints":{"allow":["GET"]}}],"collection":[{"href":"https:\/\/www.europesays.com\/fr\/wp-json\/wp\/v2\/posts"}],"about":[{"href":"https:\/\/www.europesays.com\/fr\/wp-json\/wp\/v2\/types\/post"}],"author":[{"embeddable":true,"href":"https:\/\/www.europesays.com\/fr\/wp-json\/wp\/v2\/users\/2"}],"replies":[{"embeddable":true,"href":"https:\/\/www.europesays.com\/fr\/wp-json\/wp\/v2\/comments?post=468485"}],"version-history":[{"count":0,"href":"https:\/\/www.europesays.com\/fr\/wp-json\/wp\/v2\/posts\/468485\/revisions"}],"wp:featuredmedia":[{"embeddable":true,"href":"https:\/\/www.europesays.com\/fr\/wp-json\/wp\/v2\/media\/468486"}],"wp:attachment":[{"href":"https:\/\/www.europesays.com\/fr\/wp-json\/wp\/v2\/media?parent=468485"}],"wp:term":[{"taxonomy":"category","embeddable":true,"href":"https:\/\/www.europesays.com\/fr\/wp-json\/wp\/v2\/categories?post=468485"},{"taxonomy":"post_tag","embeddable":true,"href":"https:\/\/www.europesays.com\/fr\/wp-json\/wp\/v2\/tags?post=468485"}],"curies":[{"name":"wp","href":"https:\/\/api.w.org\/{rel}","templated":true}]}}