{"id":468489,"date":"2025-10-16T22:33:12","date_gmt":"2025-10-16T22:33:12","guid":{"rendered":"https:\/\/www.europesays.com\/fr\/468489\/"},"modified":"2025-10-16T22:33:12","modified_gmt":"2025-10-16T22:33:12","slug":"les-preuves-de-mon-innocence-jonathan-coe-fait-tenir-trois-romans-dans-un-seul-excellent","status":"publish","type":"post","link":"https:\/\/www.europesays.com\/fr\/468489\/","title":{"rendered":"Les preuves de mon innocence. Jonathan Coe fait tenir trois romans dans un seul. Excellent."},"content":{"rendered":"<p class=\"\">Jonathan Coe est d\u00e9cid\u00e9ment un excellent chroniqueur de la vie politique et soci\u00e9tale britannique. Avec Les preuves de mon innocence, il montre comment les courants d\u2019id\u00e9es ont d\u00e9riv\u00e9 vers les extr\u00eames, il souligne l\u2019importance de d\u00e9busquer la v\u00e9rit\u00e9 \u00e0 une \u00e9poque o\u00f9 la d\u00e9sinformation submerge la r\u00e9flexion.\u00a0Tout en fa\u00e7onnant un livre hautement addictif. Cet objet difficile \u00e0 identifier est un roman coh\u00e9rent qui se divise pourtant en trois parties: un cosy crime (ces livres policiers anglais \u00e0 l\u2019atmosph\u00e8re bon enfant malgr\u00e9 la violence des crimes), une dark academia (un genre litt\u00e9raire louant les universit\u00e9s sentant le tweed et les ann\u00e9es 40) et une autofiction.<\/p>\n","protected":false},"excerpt":{"rendered":"Jonathan Coe est d\u00e9cid\u00e9ment un excellent chroniqueur de la vie politique et soci\u00e9tale britannique. Avec Les preuves de&hellip;\n","protected":false},"author":2,"featured_media":468490,"comment_status":"","ping_status":"","sticky":false,"template":"","format":"standard","meta":{"footnotes":""},"categories":[1357],"tags":[13772,1379,58,59,1011,27,1351,1380,4747],"class_list":{"0":"post-468489","1":"post","2":"type-post","3":"status-publish","4":"format-standard","5":"has-post-thumbnail","7":"category-livres","8":"tag-anglais","9":"tag-books","10":"tag-divertissement","11":"tag-entertainment","12":"tag-fr","13":"tag-france","14":"tag-litterature","15":"tag-livres","16":"tag-polar"},"share_on_mastodon":{"url":"https:\/\/pubeurope.com\/@fr\/115386227338524395","error":""},"_links":{"self":[{"href":"https:\/\/www.europesays.com\/fr\/wp-json\/wp\/v2\/posts\/468489","targetHints":{"allow":["GET"]}}],"collection":[{"href":"https:\/\/www.europesays.com\/fr\/wp-json\/wp\/v2\/posts"}],"about":[{"href":"https:\/\/www.europesays.com\/fr\/wp-json\/wp\/v2\/types\/post"}],"author":[{"embeddable":true,"href":"https:\/\/www.europesays.com\/fr\/wp-json\/wp\/v2\/users\/2"}],"replies":[{"embeddable":true,"href":"https:\/\/www.europesays.com\/fr\/wp-json\/wp\/v2\/comments?post=468489"}],"version-history":[{"count":0,"href":"https:\/\/www.europesays.com\/fr\/wp-json\/wp\/v2\/posts\/468489\/revisions"}],"wp:featuredmedia":[{"embeddable":true,"href":"https:\/\/www.europesays.com\/fr\/wp-json\/wp\/v2\/media\/468490"}],"wp:attachment":[{"href":"https:\/\/www.europesays.com\/fr\/wp-json\/wp\/v2\/media?parent=468489"}],"wp:term":[{"taxonomy":"category","embeddable":true,"href":"https:\/\/www.europesays.com\/fr\/wp-json\/wp\/v2\/categories?post=468489"},{"taxonomy":"post_tag","embeddable":true,"href":"https:\/\/www.europesays.com\/fr\/wp-json\/wp\/v2\/tags?post=468489"}],"curies":[{"name":"wp","href":"https:\/\/api.w.org\/{rel}","templated":true}]}}