{"id":468500,"date":"2025-10-16T22:40:13","date_gmt":"2025-10-16T22:40:13","guid":{"rendered":"https:\/\/www.europesays.com\/fr\/468500\/"},"modified":"2025-10-16T22:40:13","modified_gmt":"2025-10-16T22:40:13","slug":"veronique-nichanian-revele-au-figaro-les-raisons-de-son-depart-apres-37-ans-dans-la-maison-de-luxe","status":"publish","type":"post","link":"https:\/\/www.europesays.com\/fr\/468500\/","title":{"rendered":"V\u00e9ronique Nichanian r\u00e9v\u00e8le au Figaro les raisons de son d\u00e9part apr\u00e8s 37\u00a0ans dans la maison de luxe"},"content":{"rendered":"<p>\n    <strong>ENTRETIEN EXCLUSIF &#8211;<\/strong> La directrice artistique de l\u2019univers masculin du sellier, en poste depuis 1988, pr\u00e9sentera son dernier d\u00e9fil\u00e9 en janvier. Une page se tourne pour la marque, et pour le vestiaire des hommes, qu\u2019elle a consid\u00e9rablement influenc\u00e9.<\/p>\n<p class=\"fig-paragraph\">Cette discr\u00e8te Fran\u00e7aise peu connue du grand public mais ultra-respect\u00e9e dans l\u2019industrie du luxe aura pass\u00e9 trente-sept ans\u00a0<a href=\"http:\/\/www.lefigaro.fr\/industrie-mode\/chez-hermes-nadege-vanhee-injecte-du-sex-appeal-dans-le-style-equestre-20251005\" target=\"_blank\" data-fig-type=\"Article\" rel=\"noopener\" data-gtm-custom-categorie=\"navigation\" data-gtm-custom-action=\"crossclick\" data-gtm-custom-label=\"Contextuel\" data-gtm-event=\"customEventSPE\" data-fig-domain=\"LEFIGARO\">chez Herm\u00e8s<\/a>\u00a0au service des hommes &#8211; une exception absolue dans le secteur -, imposant sa formule\u00a0: des mati\u00e8res luxueuses, des coupes ing\u00e9nieuses, des exp\u00e9rimentations techniques et une \u00e9l\u00e9gance d\u00e9contract\u00e9e. L\u2019\u00e8re Nichanian n\u2019a d\u2019ailleurs rien \u00e0 envier, en termes d\u2019influence sur le vestiaire contemporain, aux r\u00e9volutions stylistiques men\u00e9es par\u00a0<a href=\"http:\/\/www.lefigaro.fr\/industrie-mode\/giorgio-armani-90-ans-et-toujours-arbitre-des-elegances-20240711\" target=\"_blank\" data-fig-type=\"Article\" rel=\"noopener\" data-gtm-custom-categorie=\"navigation\" data-gtm-custom-action=\"crossclick\" data-gtm-custom-label=\"Contextuel\" data-gtm-event=\"customEventSPE\" data-fig-domain=\"LEFIGARO\">Giorgio Armani<\/a>\u00a0ou Hedi Slimane.<\/p>\n<p class=\"fig-paragraph\">Toutes les bonnes choses ayant une fin, V\u00e9ronique Nichanian quitte son poste chez Herm\u00e8s. Son prochain d\u00e9fil\u00e9, le soixante-seizi\u00e8me, en janvier \u00e0 l\u2019occasion de la semaine des collections masculines, sera son dernier. Puis viendra le temps d\u2019une nouvelle direction artistique &#8211; le nom d\u2019un successeur, dont on ne sait pour l\u2019instant rien, devant \u00eatre annonc\u00e9 dans les prochains jours. Pour Le\u00a0Figaro, elle livre en exclusivit\u00e9 les raisons de son choix, mais aussi le regard qu\u2019elle porte sur ces\u2026<\/p>\n<p class=\"fig-premium-paywall__infos\">\n        Cet article est r\u00e9serv\u00e9 aux abonn\u00e9s.        Il vous reste 88% \u00e0 d\u00e9couvrir.\n    <\/p>\n<p>                <img  data- alt=\"Le Figaro\" class=\"fig-img--complete fig-img\"\/><\/p>\n<p class=\"fig-premium-paywall__title\">Vous avez envie de lire la suite ?<\/p>\n<p class=\"fig-premium-paywall__subtitle\">D\u00e9bloquez tous les articles imm\u00e9diatement.<\/p>\n<p class=\"fig-premium-paywall__connect\">\n                D\u00e9j\u00e0 abonn\u00e9\u00a0?                <a class=\"fig-premium-paywall__connect-link\" href=\"https:\/\/connect.lefigaro.fr\/login?client=horizon_web&amp;type=main&amp;redirect_uri=https%3A%2F%2Fwww.lefigaro.fr%2Fmode-homme%2Fveronique-nichanian-quitte-hermes-apres-37-ans-20251016\" data-js-gtm=\"{&quot;customCategorie&quot;: &quot;conversion&quot;, &quot;customAction&quot;: &quot;before_Landing_Connexion_paywall_auto&quot;, &quot;customLabel&quot;: &quot;bGVmaWdhcm8uZnJfXzFmMGE5ZDBjLWI0YTgtNjI0Ni04NmMzLWM5N2QyM2Y5MjBiM19fTmV3c0ZsYXNo_Herm\u00e8s\u00a0: V\u00e9ronique Nichanian r\u00e9v\u00e8le au &lt;i&gt;Figaro&lt;\/i&gt; les raisons de son d\u00e9part apr\u00e8s 37\u00a0ans dans la maison de luxe_491&quot;, &quot;customIDSPE&quot;: &quot;bGVmaWdhcm8uZnJfXzFmMGE5ZDBjLWI0YTgtNjI0Ni04NmMzLWM5N2QyM2Y5MjBiM19fTmV3c0ZsYXNo&quot;, &quot;event&quot;: &quot;customEventSPE&quot;}\" target=\"_blank\" rel=\"noopener\"><br \/>\n                    Connectez-vous<br \/>\n                <\/a>\n            <\/p>\n","protected":false},"excerpt":{"rendered":"ENTRETIEN EXCLUSIF &#8211; La directrice artistique de l\u2019univers masculin du sellier, en poste depuis 1988, pr\u00e9sentera son dernier&hellip;\n","protected":false},"author":2,"featured_media":468501,"comment_status":"","ping_status":"","sticky":false,"template":"","format":"standard","meta":{"footnotes":""},"categories":[8],"tags":[58,59,1011,27,11127,35213],"class_list":{"0":"post-468500","1":"post","2":"type-post","3":"status-publish","4":"format-standard","5":"has-post-thumbnail","7":"category-divertissement","8":"tag-divertissement","9":"tag-entertainment","10":"tag-fr","11":"tag-france","12":"tag-hermes","13":"tag-veronique-nichanian"},"share_on_mastodon":{"url":"https:\/\/pubeurope.com\/@fr\/115386255255017755","error":""},"_links":{"self":[{"href":"https:\/\/www.europesays.com\/fr\/wp-json\/wp\/v2\/posts\/468500","targetHints":{"allow":["GET"]}}],"collection":[{"href":"https:\/\/www.europesays.com\/fr\/wp-json\/wp\/v2\/posts"}],"about":[{"href":"https:\/\/www.europesays.com\/fr\/wp-json\/wp\/v2\/types\/post"}],"author":[{"embeddable":true,"href":"https:\/\/www.europesays.com\/fr\/wp-json\/wp\/v2\/users\/2"}],"replies":[{"embeddable":true,"href":"https:\/\/www.europesays.com\/fr\/wp-json\/wp\/v2\/comments?post=468500"}],"version-history":[{"count":0,"href":"https:\/\/www.europesays.com\/fr\/wp-json\/wp\/v2\/posts\/468500\/revisions"}],"wp:featuredmedia":[{"embeddable":true,"href":"https:\/\/www.europesays.com\/fr\/wp-json\/wp\/v2\/media\/468501"}],"wp:attachment":[{"href":"https:\/\/www.europesays.com\/fr\/wp-json\/wp\/v2\/media?parent=468500"}],"wp:term":[{"taxonomy":"category","embeddable":true,"href":"https:\/\/www.europesays.com\/fr\/wp-json\/wp\/v2\/categories?post=468500"},{"taxonomy":"post_tag","embeddable":true,"href":"https:\/\/www.europesays.com\/fr\/wp-json\/wp\/v2\/tags?post=468500"}],"curies":[{"name":"wp","href":"https:\/\/api.w.org\/{rel}","templated":true}]}}