{"id":468504,"date":"2025-10-16T22:42:16","date_gmt":"2025-10-16T22:42:16","guid":{"rendered":"https:\/\/www.europesays.com\/fr\/468504\/"},"modified":"2025-10-16T22:42:16","modified_gmt":"2025-10-16T22:42:16","slug":"deux-enseignes-proposent-le-carburant-a-prix-coutant-ce-week-end","status":"publish","type":"post","link":"https:\/\/www.europesays.com\/fr\/468504\/","title":{"rendered":"deux enseignes proposent le carburant \u00e0 prix co\u00fbtant ce week-end !"},"content":{"rendered":"<p itemprop=\"description\">Pour les vacances de la Toussaint, plusieurs enseignes vont \u00e0 nouveau proposer le carburant \u00e0 prix co\u00fbtant. Et voici lesquelles\u00a0!<\/p>\n<p>Faire son plein de <strong>carburant<\/strong>, c\u2019est loin d\u2019\u00eatre bon moment. A vrai dire, nombreux sont les automobilistes qui font pour leur possible pour repousser ce moment. Et cela pour plusieurs raisons. D\u2019abord, car cela prend du temps, et n\u00e9cessite souvent de faire un d\u00e9tour sur son trajet. Ou alors de partir plus t\u00f4t. Mais ce n\u2019est pas tout, car cela co\u00fbte \u00e9galement tr\u00e8s cher. Et ce m\u00eame si l\u2019on sait que le prix de l\u2019essence et du <a href=\"https:\/\/www.autoplus.fr\/occasion\/moteur-diesel-peugeot-volkswagen-bmw-quels-modeles-valent-encore-detour-seconde-main-1365511.html\" rel=\"nofollow noopener\" target=\"_blank\">diesel<\/a> a tout de m\u00eame baiss\u00e9. Cependant cette baisse reste tout de m\u00eame minime.<\/p>\n<p>\t\t\tLe carburant \u00e0 prix co\u00fbtant revient <\/p>\n<p>Mais voil\u00e0 qu\u2019une bonne nouvelle se profile, \u00e0 la veille des d\u00e9parts en <a href=\"https:\/\/www.autoplus.fr\/actualite\/vacances-de-la-toussaint-a-quelle-heure-partir-pour-eviter-les-bouchons-1402303.html\" rel=\"nofollow noopener\" target=\"_blank\">vacances de la Toussaint<\/a>. En effet, plusieurs enseignes vont proposer le carburant \u00e0 prix co\u00fbtant. Ainsi, ce week-end, deux g\u00e9ants de la distribution vont proposer cette offre. Il s\u2019agit de <a href=\"https:\/\/www.e.leclerc\/e\/carburant-a-prix-coutant\" target=\"_blank\" rel=\"noopener nofollow\">E.Leclerc<\/a> et <a href=\"https:\/\/www.intermarche.com\/enseigne\/services\/stations-services\" target=\"_blank\" rel=\"noopener nofollow\">d\u2019Intermarch\u00e9<\/a>.\u00a0Le but\u00a0? Aider les automobilistes \u00e0 all\u00e9ger la facture, tout simplement. Une initiative tr\u00e8s attendue, dans un contexte o\u00f9 chaque centime compte encore pour les foyers fran\u00e7ais. Les vendredi 17 et samedi 18 octobre 2025, E.Leclerc reconduit son dispositif dans <strong>711 stations-service<\/strong> \u00e0 travers la France.<\/p>\n<p>A noter que celles situ\u00e9es sur autoroute ne participent pas \u00e0 l\u2019op\u00e9ration. M\u00eame chose pour les points de vente de <strong>GPL et combustibles<\/strong>. Pour le reste, l\u2019ensemble des carburants classiques, y compris le Super\u00e9thanol-E85, seront vendus au prix co\u00fbtant. Une mani\u00e8re pour l\u2019enseigne de confirmer sa volont\u00e9 d\u2019accompagner les Fran\u00e7ais \u00e0 un moment strat\u00e9gique de l\u2019ann\u00e9e. Et cela juste avant le grand chass\u00e9-crois\u00e9 des vacances scolaires. C\u2019est que ce confirme le patron de l\u2019enseigne, <strong>Michel-Edouard Leclerc<\/strong>, qui assume une d\u00e9marche \u00ab citoyenne et utile\u00a0\u00bb.<\/p>\n<p>    Une offre int\u00e9ressante <\/p>\n<p>Il d\u00e9clare qu\u2019\u00ab \u00e0 l\u2019approche des vacances de la Toussaint, nous souhaitons apporter un soutien concret au<strong> budget des familles<\/strong>. Et redonner un peu de souffle au moral des Fran\u00e7ais. \u00bb Le dirigeant rappelle que les pr\u00e9c\u00e9dentes op\u00e9rations, men\u00e9es durant l\u2019\u00e9t\u00e9 et \u00e0 la rentr\u00e9e, avaient rencontr\u00e9 un fort succ\u00e8s. Selon lui, les retours des consommateurs montrent que ces initiatives \u00ab comptent r\u00e9ellement pour les m\u00e9nages \u00bb. Mais cette fois, E.Leclerc n\u2019est pas seul sur le coup. <a href=\"https:\/\/www.autoplus.fr\/environnement\/voiture-electrique\/bonne-nouvelle-3-000-nouvelles-bornes-de-recharge-installees-dans-ces-grandes-surfaces-1398024.html\" rel=\"nofollow noopener\" target=\"_blank\">Intermarch\u00e9<\/a> entre \u00e0 son tour dans la danse.<\/p>\n<p>L\u2019enseigne annonce elle aussi une op\u00e9ration similaire \u00e0 prix co\u00fbtant aux m\u00eames dates, <strong>les 17 et 18 octobre<\/strong>. Elle promet des tarifs au plus juste sur les carburants traditionnels, essence et diesel. Et cela dans de tr\u00e8s nombreux points de vente \u00e0 travers la France. L\u2019op\u00e9ration exclut toutefois les carburants sp\u00e9cifiques comme le <strong>GPL ou l\u2019E85<\/strong>. Mais derri\u00e8re le geste commercial se cache aussi une strat\u00e9gie bien rod\u00e9e. En proposant le carburant \u00e0 prix co\u00fbtant, les distributeurs renforcent leur image de d\u00e9fenseurs du pouvoir d\u2019achat. Tout en attirant davantage de clients en magasin. En effet, les automobilistes qui font le plein profitent souvent de l\u2019occasion pour faire quelques courses.<\/p>\n<p>Ce double effet, entre fid\u00e9lisation et trafic suppl\u00e9mentaire profite donc fortement aux enseignes. Mais cela fait \u00e9galement plaisir aux automobilistes, surtout en cette p\u00e9riode de vacances scolaires qui arrive.<\/p>\n","protected":false},"excerpt":{"rendered":"Pour les vacances de la Toussaint, plusieurs enseignes vont \u00e0 nouveau proposer le carburant \u00e0 prix co\u00fbtant. Et&hellip;\n","protected":false},"author":2,"featured_media":468505,"comment_status":"","ping_status":"","sticky":false,"template":"","format":"standard","meta":{"footnotes":""},"categories":[6],"tags":[35,33,34,1011,27,1638],"class_list":{"0":"post-468504","1":"post","2":"type-post","3":"status-publish","4":"format-standard","5":"has-post-thumbnail","7":"category-economie","8":"tag-business","9":"tag-economie","10":"tag-economy","11":"tag-fr","12":"tag-france","13":"tag-has_diapo"},"share_on_mastodon":{"url":"https:\/\/pubeurope.com\/@fr\/115386262711513642","error":""},"_links":{"self":[{"href":"https:\/\/www.europesays.com\/fr\/wp-json\/wp\/v2\/posts\/468504","targetHints":{"allow":["GET"]}}],"collection":[{"href":"https:\/\/www.europesays.com\/fr\/wp-json\/wp\/v2\/posts"}],"about":[{"href":"https:\/\/www.europesays.com\/fr\/wp-json\/wp\/v2\/types\/post"}],"author":[{"embeddable":true,"href":"https:\/\/www.europesays.com\/fr\/wp-json\/wp\/v2\/users\/2"}],"replies":[{"embeddable":true,"href":"https:\/\/www.europesays.com\/fr\/wp-json\/wp\/v2\/comments?post=468504"}],"version-history":[{"count":0,"href":"https:\/\/www.europesays.com\/fr\/wp-json\/wp\/v2\/posts\/468504\/revisions"}],"wp:featuredmedia":[{"embeddable":true,"href":"https:\/\/www.europesays.com\/fr\/wp-json\/wp\/v2\/media\/468505"}],"wp:attachment":[{"href":"https:\/\/www.europesays.com\/fr\/wp-json\/wp\/v2\/media?parent=468504"}],"wp:term":[{"taxonomy":"category","embeddable":true,"href":"https:\/\/www.europesays.com\/fr\/wp-json\/wp\/v2\/categories?post=468504"},{"taxonomy":"post_tag","embeddable":true,"href":"https:\/\/www.europesays.com\/fr\/wp-json\/wp\/v2\/tags?post=468504"}],"curies":[{"name":"wp","href":"https:\/\/api.w.org\/{rel}","templated":true}]}}