{"id":468506,"date":"2025-10-16T22:43:11","date_gmt":"2025-10-16T22:43:11","guid":{"rendered":"https:\/\/www.europesays.com\/fr\/468506\/"},"modified":"2025-10-16T22:43:11","modified_gmt":"2025-10-16T22:43:11","slug":"inculpation-de-john-bolton-ex-conseiller-a-la-securite-nationale-de-trump-devenu-un-de-ses-detracteurs","status":"publish","type":"post","link":"https:\/\/www.europesays.com\/fr\/468506\/","title":{"rendered":"Inculpation de John Bolton, ex-conseiller \u00e0 la s\u00e9curit\u00e9 nationale de Trump devenu un de ses d\u00e9tracteurs"},"content":{"rendered":"<p>\n    L\u2019inculpation a \u00e9t\u00e9 pr\u00e9c\u00e9d\u00e9e en ao\u00fbt par une perquisition du FBI au domicile de John Bolton et \u00e0 son bureau, motiv\u00e9e par des soup\u00e7ons de violation de la loi sur l\u2019espionnage.<\/p>\n<p class=\"fig-paragraph\">Un ancien conseiller \u00e0 la s\u00e9curit\u00e9 nationale de\u00a0<a href=\"https:\/\/www.lefigaro.fr\/tag\/donald-trump\" target=\"_blank\" rel=\"sponsored noopener nofollow\" data-gtm-custom-categorie=\"navigation\" data-gtm-custom-action=\"crossclick\" data-gtm-custom-label=\"Contextuel\" data-gtm-event=\"customEventSPE\">Donald Trump<\/a>\u00a0lors de son premier mandat, John Bolton, est devenu jeudi la troisi\u00e8me personnalit\u00e9 cibl\u00e9e par le pr\u00e9sident am\u00e9ricain \u00e0 \u00eatre inculp\u00e9e depuis son retour \u00e0 la Maison-Blanche, selon les m\u00e9dias am\u00e9ricains.<\/p>\n<p class=\"fig-paragraph\"><a href=\"https:\/\/www.lefigaro.fr\/tag\/john-bolton\" target=\"_blank\" rel=\"sponsored noopener nofollow\" data-gtm-custom-categorie=\"navigation\" data-gtm-custom-action=\"crossclick\" data-gtm-custom-label=\"Contextuel\" data-gtm-event=\"customEventSPE\">John Bolton<\/a>, 76 ans, a \u00e9t\u00e9 inculp\u00e9 par un jury du Maryland, pr\u00e8s de Washington, de 18 chefs d\u2019accusation de divulgation ou de r\u00e9tention de documents relevant de la d\u00e9fense nationale, selon l\u2019acte d\u2019accusation. \u00abC\u2019est un sale type, c\u2019est dommage. Mais c\u2019est comme \u00e7a\u00bb, a r\u00e9agi le pr\u00e9sident r\u00e9publicain, interrog\u00e9 sur cette inculpation par des journalistes \u00e0 la Maison-Blanche.<\/p>\n<p>                                    <a class=\"fig-a11y-skip a11y-hidden\" href=\"#fig-a11y-skip-main-inarticle\"><br \/>\n        Passer la publicit\u00e9<br \/>\n    <\/a><\/p>\n<p class=\"fig-paragraph\">Donald Trump a maintes fois exprim\u00e9 pendant la campagne \u00e9lectorale sa volont\u00e9, une fois revenu au pouvoir, de se venger de tous ceux qu\u2019il consid\u00e8re comme des ennemis personnels.<\/p>\n<p>Soup\u00e7ons d\u2019espionnage<\/p>\n<p class=\"fig-paragraph\">L\u2019inculpation de John Bolton suit celle de l\u2019ancien directeur de la police f\u00e9d\u00e9rale (FBI) James Comey et de la procureure g\u00e9n\u00e9rale de l\u2019\u00c9tat de New York, Letitia James.<\/p>\n<p class=\"fig-paragraph\">Elle avait aussi \u00e9t\u00e9 pr\u00e9c\u00e9d\u00e9e en ao\u00fbt par une perquisition du FBI au domicile de John Bolton et \u00e0 son bureau. Cette perquisition \u00e9tait motiv\u00e9e par des soup\u00e7ons de violation de la loi sur l\u2019espionnage, notamment \u00abla r\u00e9tention et la divulgation d\u2019informations classifi\u00e9es ou relevant de la d\u00e9fense nationale\u00bb, selon des documents judiciaires publi\u00e9s en septembre.<\/p>\n<p class=\"fig-paragraph\">Il est question dans ces documents en grande partie caviard\u00e9s du piratage de la messagerie \u00e9lectronique personnelle de John Bolton par \u00abune entit\u00e9 \u00e9trang\u00e8re\u00bb.<\/p>\n<p>Livre au vitriol<\/p>\n<p class=\"fig-paragraph\">En juin 2020, John Bolton avait publi\u00e9 un livre au vitriol sur ses 17 mois pass\u00e9s comme conseiller \u00e0 la s\u00e9curit\u00e9 nationale de Donald Trump, qu\u2019il d\u00e9crivait comme \u00abinapte\u00bb \u00e0 diriger les \u00c9tats-Unis. La Maison-Blanche avait tent\u00e9 en vain de bloquer en justice la publication de ce livre, invoquant notamment des imp\u00e9ratifs de s\u00e9curit\u00e9 nationale.<\/p>\n<p>                                    <a class=\"fig-a11y-skip a11y-hidden\" href=\"#fig-a11y-skip-main-inarticle_mtf\"><br \/>\n        Passer la publicit\u00e9<br \/>\n    <\/a><\/p>\n<p class=\"fig-paragraph\">En septembre, Donald Trump avait publiquement fait pression sur sa ministre de la Justice, Pam Bondi, s\u2019\u00e9tonnant sur sa plateforme Truth Social que James Comey, Letitia James et une autre de ses b\u00eates noires, le s\u00e9nateur d\u00e9mocrate Adam Schiff, n\u2019aient toujours pas \u00e9t\u00e9 inculp\u00e9s.<\/p>\n<p class=\"fig-paragraph\">Apr\u00e8s avoir pouss\u00e9 \u00e0 la d\u00e9mission le procureur du district est de Virginie, lui reprochant implicitement son manque de z\u00e8le pour engager ces poursuites, le pr\u00e9sident r\u00e9publicain l\u2019avait aussit\u00f4t remplac\u00e9 \u00e0 ce poste strat\u00e9gique par Lindsey Halligan, une conseill\u00e8re de la Maison-Blanche. C\u2019est cette derni\u00e8re qui a personnellement lanc\u00e9 les poursuites ayant conduit \u00e0 l\u2019inculpation de James Comey le 25 septembre, puis de Letitia James le 9 octobre.<\/p>\n<p class=\"fig-paragraph\">L\u2019ancien directeur du FBI a plaid\u00e9 non coupable d\u2019entrave \u00e0 une commission d\u2019enqu\u00eate parlementaire et fausses d\u00e9clarations au Congr\u00e8s en septembre 2020. Son avocat a annonc\u00e9 qu\u2019il introduirait des recours en annulation des poursuites, faisant valoir qu\u2019elles \u00e9taient motiv\u00e9es par une volont\u00e9 de vengeance. Letitia James, accus\u00e9e de d\u00e9claration mensong\u00e8re dans une demande de pr\u00eat immobilier, a d\u00e9nonc\u00e9 des \u00abrepr\u00e9sailles politiques\u00bb de la part de Donald Trump, qu\u2019elle avait fait condamner \u00e0 une amende de pr\u00e8s d\u2019un demi-milliard de dollars en f\u00e9vrier 2024.<\/p>\n","protected":false},"excerpt":{"rendered":"L\u2019inculpation a \u00e9t\u00e9 pr\u00e9c\u00e9d\u00e9e en ao\u00fbt par une perquisition du FBI au domicile de John Bolton et \u00e0&hellip;\n","protected":false},"author":2,"featured_media":468507,"comment_status":"","ping_status":"","sticky":false,"template":"","format":"standard","meta":{"footnotes":""},"categories":[5],"tags":[11,75,73,1011,27,14,303,12,28],"class_list":{"0":"post-468506","1":"post","2":"type-post","3":"status-publish","4":"format-standard","5":"has-post-thumbnail","7":"category-international","8":"tag-actualites","9":"tag-donald-trump","10":"tag-etats-unis","11":"tag-fr","12":"tag-france","13":"tag-international","14":"tag-justice","15":"tag-news","16":"tag-world"},"share_on_mastodon":{"url":"https:\/\/pubeurope.com\/@fr\/115386266657005431","error":""},"_links":{"self":[{"href":"https:\/\/www.europesays.com\/fr\/wp-json\/wp\/v2\/posts\/468506","targetHints":{"allow":["GET"]}}],"collection":[{"href":"https:\/\/www.europesays.com\/fr\/wp-json\/wp\/v2\/posts"}],"about":[{"href":"https:\/\/www.europesays.com\/fr\/wp-json\/wp\/v2\/types\/post"}],"author":[{"embeddable":true,"href":"https:\/\/www.europesays.com\/fr\/wp-json\/wp\/v2\/users\/2"}],"replies":[{"embeddable":true,"href":"https:\/\/www.europesays.com\/fr\/wp-json\/wp\/v2\/comments?post=468506"}],"version-history":[{"count":0,"href":"https:\/\/www.europesays.com\/fr\/wp-json\/wp\/v2\/posts\/468506\/revisions"}],"wp:featuredmedia":[{"embeddable":true,"href":"https:\/\/www.europesays.com\/fr\/wp-json\/wp\/v2\/media\/468507"}],"wp:attachment":[{"href":"https:\/\/www.europesays.com\/fr\/wp-json\/wp\/v2\/media?parent=468506"}],"wp:term":[{"taxonomy":"category","embeddable":true,"href":"https:\/\/www.europesays.com\/fr\/wp-json\/wp\/v2\/categories?post=468506"},{"taxonomy":"post_tag","embeddable":true,"href":"https:\/\/www.europesays.com\/fr\/wp-json\/wp\/v2\/tags?post=468506"}],"curies":[{"name":"wp","href":"https:\/\/api.w.org\/{rel}","templated":true}]}}