{"id":468508,"date":"2025-10-16T22:44:10","date_gmt":"2025-10-16T22:44:10","guid":{"rendered":"https:\/\/www.europesays.com\/fr\/468508\/"},"modified":"2025-10-16T22:44:10","modified_gmt":"2025-10-16T22:44:10","slug":"cest-douloureux-pour-nous-tous-macron-tente-de-rassurer-les-siens-apres-la-suspension-de-la-reforme-des-retraites","status":"publish","type":"post","link":"https:\/\/www.europesays.com\/fr\/468508\/","title":{"rendered":"\u00ab C\u2019est douloureux pour nous tous \u00bb : Macron tente de rassurer les siens apr\u00e8s la suspension de la r\u00e9forme des retraites"},"content":{"rendered":"<p class=\"paragraph text_align_left lp-f-body-02\">Tea time, dans le salon des Ambassadeurs du palais de l\u2019\u00c9lys\u00e9e. Une r\u00e9union surprise. <a href=\"https:\/\/www.leparisien.fr\/politique\/emmanuel-macron\/\" target=\"_blank\" rel=\"noreferrer nofollow noopener\">Emmanuel Macron<\/a> a convi\u00e9 au d\u00e9bott\u00e9 une quinzaine de d\u00e9put\u00e9s et figures de Renaissance ce jeudi apr\u00e8s-midi, pour purger <a href=\"https:\/\/www.leparisien.fr\/politique\/suspension-de-la-reforme-des-retraites-le-grand-doute-gagne-lassemblee-nationale-15-10-2025-FACQV4X3C5ED7FBX6WYL7J23Z4.php\" target=\"_blank\" rel=\"noreferrer nofollow noopener\">la douloureuse s\u00e9quence de cette derni\u00e8re quinzaine.<\/a> Plus que tout, la promesse de suspendre la r\u00e9forme des retraites a suscit\u00e9 de l\u2019incompr\u00e9hension, du d\u00e9pit, voire de la franche col\u00e8re en interne. Lui-m\u00eame ultra-affaibli, le chef de l\u2019\u00c9tat a jug\u00e9 n\u00e9cessaire de s\u2019adonner \u00e0 une s\u00e9ance d\u2019explications et de\u2026 c\u00e2linoth\u00e9rapie.<\/p>\n<p class=\"paragraph text_align_left lp-f-body-02\">\u00ab C\u2019est douloureux pour nous tous, cette suspension. Elle ne fait pas plaisir. Je sais que vous en avez pris plein la gueule quand vous l\u2019avez d\u00e9fendue. Je sais que certains ont eu des menaces de mort, des permanences d\u00e9grad\u00e9es, a-t-il caress\u00e9 d\u2019entr\u00e9e. C\u2019est d\u2019autant plus douloureux de suspendre, mais c\u2019\u00e9tait n\u00e9cessaire car il fallait qu\u2019on enclenche avec le Parti socialiste <a href=\"https:\/\/www.leparisien.fr\/politique\/on-a-fait-sauter-un-verrou-avec-les-retraites-le-ps-savoure-une-victoire-en-forme-de-premiere-etape-14-10-2025-5YC25DNLTJARDKJUXMEVSEDWZE.php\" target=\"_blank\" rel=\"noreferrer nofollow noopener\">cette logique de compromis. \u00bb<\/a><\/p>\n","protected":false},"excerpt":{"rendered":"Tea time, dans le salon des Ambassadeurs du palais de l\u2019\u00c9lys\u00e9e. Une r\u00e9union surprise. Emmanuel Macron a convi\u00e9&hellip;\n","protected":false},"author":2,"featured_media":468509,"comment_status":"","ping_status":"","sticky":false,"template":"","format":"standard","meta":{"footnotes":""},"categories":[4],"tags":[11,1011,27,12,316,25],"class_list":{"0":"post-468508","1":"post","2":"type-post","3":"status-publish","4":"format-standard","5":"has-post-thumbnail","7":"category-france","8":"tag-actualites","9":"tag-fr","10":"tag-france","11":"tag-news","12":"tag-politique","13":"tag-republique-francaise"},"share_on_mastodon":{"url":"https:\/\/pubeurope.com\/@fr\/115386270643695759","error":""},"_links":{"self":[{"href":"https:\/\/www.europesays.com\/fr\/wp-json\/wp\/v2\/posts\/468508","targetHints":{"allow":["GET"]}}],"collection":[{"href":"https:\/\/www.europesays.com\/fr\/wp-json\/wp\/v2\/posts"}],"about":[{"href":"https:\/\/www.europesays.com\/fr\/wp-json\/wp\/v2\/types\/post"}],"author":[{"embeddable":true,"href":"https:\/\/www.europesays.com\/fr\/wp-json\/wp\/v2\/users\/2"}],"replies":[{"embeddable":true,"href":"https:\/\/www.europesays.com\/fr\/wp-json\/wp\/v2\/comments?post=468508"}],"version-history":[{"count":0,"href":"https:\/\/www.europesays.com\/fr\/wp-json\/wp\/v2\/posts\/468508\/revisions"}],"wp:featuredmedia":[{"embeddable":true,"href":"https:\/\/www.europesays.com\/fr\/wp-json\/wp\/v2\/media\/468509"}],"wp:attachment":[{"href":"https:\/\/www.europesays.com\/fr\/wp-json\/wp\/v2\/media?parent=468508"}],"wp:term":[{"taxonomy":"category","embeddable":true,"href":"https:\/\/www.europesays.com\/fr\/wp-json\/wp\/v2\/categories?post=468508"},{"taxonomy":"post_tag","embeddable":true,"href":"https:\/\/www.europesays.com\/fr\/wp-json\/wp\/v2\/tags?post=468508"}],"curies":[{"name":"wp","href":"https:\/\/api.w.org\/{rel}","templated":true}]}}