{"id":468510,"date":"2025-10-16T22:45:11","date_gmt":"2025-10-16T22:45:11","guid":{"rendered":"https:\/\/www.europesays.com\/fr\/468510\/"},"modified":"2025-10-16T22:45:11","modified_gmt":"2025-10-16T22:45:11","slug":"pro-d2-revivez-en-direct-le-large-succes-de-vannes-face-a-oyonnax","status":"publish","type":"post","link":"https:\/\/www.europesays.com\/fr\/468510\/","title":{"rendered":"Pro D2 \u2013 Revivez en direct le large succ\u00e8s de Vannes face \u00e0 Oyonnax"},"content":{"rendered":"<p class=\"article-full__chapo\">\n                En ouverture de la 7e journ\u00e9e, Vannes s\u2019est impos\u00e9 avec le bonus offensif face \u00e0 Oyonnax (36-17). Avec ce succ\u00e8s, les Bretons ont repris provisoirement la t\u00eate du championnat.\n            <\/p>\n<p>Vannes continue son parcours parfait \u00e0 La Rabine. Les partenaires de Lafage ont s\u00e9curis\u00e9 un troisi\u00e8me succ\u00e8s bonifi\u00e9 en autant de sorties. Cette fois, la victime s\u2019appelle Oyonnax (36-17).<\/p>\n","protected":false},"excerpt":{"rendered":"En ouverture de la 7e journ\u00e9e, Vannes s\u2019est impos\u00e9 avec le bonus offensif face \u00e0 Oyonnax (36-17). Avec&hellip;\n","protected":false},"author":2,"featured_media":468511,"comment_status":"","ping_status":"","sticky":false,"template":"","format":"standard","meta":{"footnotes":""},"categories":[2],"tags":[11,1011,27,12],"class_list":{"0":"post-468510","1":"post","2":"type-post","3":"status-publish","4":"format-standard","5":"has-post-thumbnail","7":"category-actualites","8":"tag-actualites","9":"tag-fr","10":"tag-france","11":"tag-news"},"share_on_mastodon":{"url":"https:\/\/pubeurope.com\/@fr\/115386274554139041","error":""},"_links":{"self":[{"href":"https:\/\/www.europesays.com\/fr\/wp-json\/wp\/v2\/posts\/468510","targetHints":{"allow":["GET"]}}],"collection":[{"href":"https:\/\/www.europesays.com\/fr\/wp-json\/wp\/v2\/posts"}],"about":[{"href":"https:\/\/www.europesays.com\/fr\/wp-json\/wp\/v2\/types\/post"}],"author":[{"embeddable":true,"href":"https:\/\/www.europesays.com\/fr\/wp-json\/wp\/v2\/users\/2"}],"replies":[{"embeddable":true,"href":"https:\/\/www.europesays.com\/fr\/wp-json\/wp\/v2\/comments?post=468510"}],"version-history":[{"count":0,"href":"https:\/\/www.europesays.com\/fr\/wp-json\/wp\/v2\/posts\/468510\/revisions"}],"wp:featuredmedia":[{"embeddable":true,"href":"https:\/\/www.europesays.com\/fr\/wp-json\/wp\/v2\/media\/468511"}],"wp:attachment":[{"href":"https:\/\/www.europesays.com\/fr\/wp-json\/wp\/v2\/media?parent=468510"}],"wp:term":[{"taxonomy":"category","embeddable":true,"href":"https:\/\/www.europesays.com\/fr\/wp-json\/wp\/v2\/categories?post=468510"},{"taxonomy":"post_tag","embeddable":true,"href":"https:\/\/www.europesays.com\/fr\/wp-json\/wp\/v2\/tags?post=468510"}],"curies":[{"name":"wp","href":"https:\/\/api.w.org\/{rel}","templated":true}]}}