{"id":468512,"date":"2025-10-16T22:46:32","date_gmt":"2025-10-16T22:46:32","guid":{"rendered":"https:\/\/www.europesays.com\/fr\/468512\/"},"modified":"2025-10-16T22:46:32","modified_gmt":"2025-10-16T22:46:32","slug":"la-future-tournee-de-la-star-ac-passera-par-saint-etienne","status":"publish","type":"post","link":"https:\/\/www.europesays.com\/fr\/468512\/","title":{"rendered":"La future tourn\u00e9e de la Star Ac&rsquo; passera par Saint-Etienne"},"content":{"rendered":"\n<p>On ne connait pas encore les candidats. La prochaine saison n&rsquo;a pas d\u00e9but\u00e9. Mais on sait d\u00e9j\u00e0 que la tourn\u00e9e 2026 de la Star Acad\u00e9my passera par le Zenith de Saint-\u00c9tienne. Vous retrouverez sur sc\u00e8ne les meilleurs candidats de la nouvelle saison (qui d\u00e9bute ce samedi soir, sur TF1) le 5 juin.<\/p>\n<p>Si vous \u00eates un inconditionnel et que vous voulez \u00eatre imp\u00e9rativement de la f\u00eate, vous pourrez prendre vos billets pour ce Star Academy Tour, d\u00e8s mardi prochain, midi.<\/p>\n","protected":false},"excerpt":{"rendered":"On ne connait pas encore les candidats. La prochaine saison n&rsquo;a pas d\u00e9but\u00e9. Mais on sait d\u00e9j\u00e0 que&hellip;\n","protected":false},"author":2,"featured_media":468513,"comment_status":"","ping_status":"","sticky":false,"template":"","format":"standard","meta":{"footnotes":""},"categories":[9653],"tags":[5734,1111,11,2430,1777,674,1011,27,12,25,4001,59224,59225,4441,12177],"class_list":{"0":"post-468512","1":"post","2":"type-post","3":"status-publish","4":"format-standard","5":"has-post-thumbnail","7":"category-saint-etienne","8":"tag-5734","9":"tag-actu","10":"tag-actualites","11":"tag-auvergne-rhone-alpes","12":"tag-eu","13":"tag-europe","14":"tag-fr","15":"tag-france","16":"tag-news","17":"tag-republique-francaise","18":"tag-saint-etienne","19":"tag-star_ac","20":"tag-star_academy","21":"tag-tournee","22":"tag-zenith"},"share_on_mastodon":{"url":"https:\/\/pubeurope.com\/@fr\/115386278492589108","error":""},"_links":{"self":[{"href":"https:\/\/www.europesays.com\/fr\/wp-json\/wp\/v2\/posts\/468512","targetHints":{"allow":["GET"]}}],"collection":[{"href":"https:\/\/www.europesays.com\/fr\/wp-json\/wp\/v2\/posts"}],"about":[{"href":"https:\/\/www.europesays.com\/fr\/wp-json\/wp\/v2\/types\/post"}],"author":[{"embeddable":true,"href":"https:\/\/www.europesays.com\/fr\/wp-json\/wp\/v2\/users\/2"}],"replies":[{"embeddable":true,"href":"https:\/\/www.europesays.com\/fr\/wp-json\/wp\/v2\/comments?post=468512"}],"version-history":[{"count":0,"href":"https:\/\/www.europesays.com\/fr\/wp-json\/wp\/v2\/posts\/468512\/revisions"}],"wp:featuredmedia":[{"embeddable":true,"href":"https:\/\/www.europesays.com\/fr\/wp-json\/wp\/v2\/media\/468513"}],"wp:attachment":[{"href":"https:\/\/www.europesays.com\/fr\/wp-json\/wp\/v2\/media?parent=468512"}],"wp:term":[{"taxonomy":"category","embeddable":true,"href":"https:\/\/www.europesays.com\/fr\/wp-json\/wp\/v2\/categories?post=468512"},{"taxonomy":"post_tag","embeddable":true,"href":"https:\/\/www.europesays.com\/fr\/wp-json\/wp\/v2\/tags?post=468512"}],"curies":[{"name":"wp","href":"https:\/\/api.w.org\/{rel}","templated":true}]}}