{"id":468514,"date":"2025-10-16T22:47:18","date_gmt":"2025-10-16T22:47:18","guid":{"rendered":"https:\/\/www.europesays.com\/fr\/468514\/"},"modified":"2025-10-16T22:47:18","modified_gmt":"2025-10-16T22:47:18","slug":"on-va-au-havre-avec-beaucoup-de-determination","status":"publish","type":"post","link":"https:\/\/www.europesays.com\/fr\/468514\/","title":{"rendered":"On va au Havre avec beaucoup de d\u00e9termination !"},"content":{"rendered":"<p>              Une r\u00e9action qui se fait attendre<\/p>\n<p>Depuis le d\u00e9but de la saison, le groupe travaille le mieux possible afin de se trouver dans les meilleures dispositions pour chaque match. Une r\u00e9action est attendue, d\u00e8s demain soir, afin de d\u00e9bloquer notre compteur de points face au Havre.<\/p>\n<p>L&rsquo;analyse de l&rsquo;adversaire<\/p>\n<p>Le Havre est une \u00e9quipe efficace, qui compte deux victoires contre Marseille et Montpellier ainsi qu&rsquo;un match nul contre Strasbourg. C&rsquo;est \u00e9galement une \u00e9quipe qui joue en transition et, donc, solide d\u00e9fensivement. Il faudra donc \u00eatre tr\u00e8s vigilants concernant le jeu long et surveiller Chancelle Effa Effa, tr\u00e8s en vue en ce d\u00e9but de saison, elle est notamment nomin\u00e9e parmi les joueuses du mois. La cl\u00e9 sera d&rsquo;utiliser la largeur et de les mettre en difficult\u00e9 d&rsquo;un c\u00f4t\u00e9 \u00e0 l&rsquo;autre du terrain, il faudra \u00e9galement \u00eatre plus solides derri\u00e8re d\u00e9fensivement et arr\u00eater les cadeaux.<\/p>\n<p>Le d\u00e9but de saison des Vertes<\/p>\n<p>Apr\u00e8s ce d\u00e9but de saison compliqu\u00e9, avec notamment la d\u00e9sillusion face \u00e0 Marseille, on a un mois d&rsquo;octobre et de novembre tr\u00e8s important, on se doit de commencer \u00e0 prendre des points. On va au Havre avec beaucoup de d\u00e9termination pour enfin lancer notre saison.\u00a0<\/p>\n<p>Le point sur le groupe<\/p>\n<p>On a le retour d&rsquo;Alexandria Lamontagne et nous n&rsquo;avons pas d&rsquo;absence suppl\u00e9mentaire \u00e0 noter en plus de celles de Kedie et Hallie.\u00a0<\/p>\n","protected":false},"excerpt":{"rendered":"Une r\u00e9action qui se fait attendre Depuis le d\u00e9but de la saison, le groupe travaille le mieux possible&hellip;\n","protected":false},"author":2,"featured_media":468515,"comment_status":"","ping_status":"","sticky":false,"template":"","format":"standard","meta":{"footnotes":""},"categories":[9653],"tags":[1111,11,2430,1777,674,1011,27,12,25,4001],"class_list":{"0":"post-468514","1":"post","2":"type-post","3":"status-publish","4":"format-standard","5":"has-post-thumbnail","7":"category-saint-etienne","8":"tag-actu","9":"tag-actualites","10":"tag-auvergne-rhone-alpes","11":"tag-eu","12":"tag-europe","13":"tag-fr","14":"tag-france","15":"tag-news","16":"tag-republique-francaise","17":"tag-saint-etienne"},"share_on_mastodon":{"url":"https:\/\/pubeurope.com\/@fr\/115386282430458842","error":""},"_links":{"self":[{"href":"https:\/\/www.europesays.com\/fr\/wp-json\/wp\/v2\/posts\/468514","targetHints":{"allow":["GET"]}}],"collection":[{"href":"https:\/\/www.europesays.com\/fr\/wp-json\/wp\/v2\/posts"}],"about":[{"href":"https:\/\/www.europesays.com\/fr\/wp-json\/wp\/v2\/types\/post"}],"author":[{"embeddable":true,"href":"https:\/\/www.europesays.com\/fr\/wp-json\/wp\/v2\/users\/2"}],"replies":[{"embeddable":true,"href":"https:\/\/www.europesays.com\/fr\/wp-json\/wp\/v2\/comments?post=468514"}],"version-history":[{"count":0,"href":"https:\/\/www.europesays.com\/fr\/wp-json\/wp\/v2\/posts\/468514\/revisions"}],"wp:featuredmedia":[{"embeddable":true,"href":"https:\/\/www.europesays.com\/fr\/wp-json\/wp\/v2\/media\/468515"}],"wp:attachment":[{"href":"https:\/\/www.europesays.com\/fr\/wp-json\/wp\/v2\/media?parent=468514"}],"wp:term":[{"taxonomy":"category","embeddable":true,"href":"https:\/\/www.europesays.com\/fr\/wp-json\/wp\/v2\/categories?post=468514"},{"taxonomy":"post_tag","embeddable":true,"href":"https:\/\/www.europesays.com\/fr\/wp-json\/wp\/v2\/tags?post=468514"}],"curies":[{"name":"wp","href":"https:\/\/api.w.org\/{rel}","templated":true}]}}