{"id":468518,"date":"2025-10-16T22:49:25","date_gmt":"2025-10-16T22:49:25","guid":{"rendered":"https:\/\/www.europesays.com\/fr\/468518\/"},"modified":"2025-10-16T22:49:25","modified_gmt":"2025-10-16T22:49:25","slug":"quatre-infirmieres-jugees-apres-la-mort-de-deux-bebes-liee-a-une-surdose-de-medicament-2","status":"publish","type":"post","link":"https:\/\/www.europesays.com\/fr\/468518\/","title":{"rendered":"Quatre infirmi\u00e8res jug\u00e9es apr\u00e8s la mort de deux b\u00e9b\u00e9s li\u00e9e \u00e0 une surdose de m\u00e9dicament"},"content":{"rendered":"<p>Le double drame s\u2019est produit en avril\u00a02017. Deux b\u00e9b\u00e9s \u00e9taient d\u00e9c\u00e9d\u00e9s \u00e0 la maternit\u00e9 de <a href=\"https:\/\/www.20minutes.fr\/dossier\/nancy\" class=\"c-link c-link--is-underlined\" rel=\"nofollow noopener\" target=\"_blank\">Nancy<\/a> (<a href=\"https:\/\/www.20minutes.fr\/dossier\/meurthe-et-moselle\" class=\"c-link c-link--is-underlined\" rel=\"nofollow noopener\" target=\"_blank\">Meurthe-et-Moselle<\/a>), \u00e9voque <a href=\"https:\/\/www.francebleu.fr\/infos\/faits-divers-justice\/quatre-infirmieres-jugees-pour-homicide-involontaire-apres-la-mort-de-deux-bebes-a-la-maternite-de-nancy-4905065\" target=\"_blank\" class=\"c-link c-link--is-underlined\" rel=\"nofollow noopener\">Ici Lorraine<\/a>. Les deux petites victimes, de grands pr\u00e9matur\u00e9s, n\u2019avaient pas surv\u00e9cu \u00e0 l\u2019administration d\u2019un sirop de phosphore non dilu\u00e9.<\/p>\n<p>Huit ans apr\u00e8s les faits, le tribunal correctionnel de Nancy doit s\u2019attacher \u00e0 d\u00e9terminer les responsabilit\u00e9s. Et d\u2019abord la surcharge de travail d\u00e9nonc\u00e9 par les pr\u00e9venues. \u00ab\u00a0Nous avions toutes \u00e9norm\u00e9ment d\u2019heures suppl\u00e9mentaires, et \u00e9tions r\u00e9guli\u00e8rement rappel\u00e9es sur nos repos\u00a0\u00bb, \u00e9voque l\u2019une d\u2019elles.<\/p>\n<p>Verdict attendu d\u2019ici la fin d\u2019ann\u00e9e<\/p>\n<p>30.000 heures suppl\u00e9mentaires en avril\u00a02017 pr\u00e9cis\u00e9ment pour l\u2019ensemble du personnel, avait pr\u00e9cis\u00e9 le chef du service lors de l\u2019enqu\u00eate. Mais B\u00e9n\u00e9dicte Papin rappelle toutefois que \u00ab\u00a0nous n\u2019\u00e9tions pas sur un temps suppl\u00e9mentaire pour les infirmi\u00e8res\u00a0\u00bb ce jour-l\u00e0. Pour les infirmi\u00e8res, la prescription m\u00e9dicale du m\u00e9decin \u00e9tait par ailleurs impr\u00e9cise et la dangerosit\u00e9 du sirop, notamment la n\u00e9cessit\u00e9 de le diluer, pas pr\u00e9cis\u00e9e. Une d\u00e9fense balay\u00e9e par l\u2019avocate de la partie civile qui explique que le protocole d\u2019administration \u00e9tait r\u00e9pertori\u00e9 dans un classeur, mis \u00e0 la disposition du personnel.<\/p>\n<\/p>\n<p>Les d\u00e9bats se poursuivent ce vendredi. Le verdict sera ensuite vraisemblablement mis en d\u00e9lib\u00e9r\u00e9 et rendu d\u2019ici la fin de l\u2019ann\u00e9e.<\/p>\n","protected":false},"excerpt":{"rendered":"Le double drame s\u2019est produit en avril\u00a02017. Deux b\u00e9b\u00e9s \u00e9taient d\u00e9c\u00e9d\u00e9s \u00e0 la maternit\u00e9 de Nancy (Meurthe-et-Moselle), \u00e9voque&hellip;\n","protected":false},"author":2,"featured_media":468519,"comment_status":"","ping_status":"","sticky":false,"template":"","format":"standard","meta":{"footnotes":""},"categories":[9635],"tags":[1111,47,11,847,1777,674,1011,27,775,303,776,15761,3457,1702,12,25],"class_list":{"0":"post-468518","1":"post","2":"type-post","3":"status-publish","4":"format-standard","5":"has-post-thumbnail","7":"category-nancy","8":"tag-actu","9":"tag-actualite","10":"tag-actualites","11":"tag-enfant","12":"tag-eu","13":"tag-europe","14":"tag-fr","15":"tag-france","16":"tag-grand-est","17":"tag-justice","18":"tag-lorraine","19":"tag-maternite","20":"tag-meurthe-et-moselle","21":"tag-nancy","22":"tag-news","23":"tag-republique-francaise"},"share_on_mastodon":{"url":"https:\/\/pubeurope.com\/@fr\/115386290299127256","error":""},"_links":{"self":[{"href":"https:\/\/www.europesays.com\/fr\/wp-json\/wp\/v2\/posts\/468518","targetHints":{"allow":["GET"]}}],"collection":[{"href":"https:\/\/www.europesays.com\/fr\/wp-json\/wp\/v2\/posts"}],"about":[{"href":"https:\/\/www.europesays.com\/fr\/wp-json\/wp\/v2\/types\/post"}],"author":[{"embeddable":true,"href":"https:\/\/www.europesays.com\/fr\/wp-json\/wp\/v2\/users\/2"}],"replies":[{"embeddable":true,"href":"https:\/\/www.europesays.com\/fr\/wp-json\/wp\/v2\/comments?post=468518"}],"version-history":[{"count":0,"href":"https:\/\/www.europesays.com\/fr\/wp-json\/wp\/v2\/posts\/468518\/revisions"}],"wp:featuredmedia":[{"embeddable":true,"href":"https:\/\/www.europesays.com\/fr\/wp-json\/wp\/v2\/media\/468519"}],"wp:attachment":[{"href":"https:\/\/www.europesays.com\/fr\/wp-json\/wp\/v2\/media?parent=468518"}],"wp:term":[{"taxonomy":"category","embeddable":true,"href":"https:\/\/www.europesays.com\/fr\/wp-json\/wp\/v2\/categories?post=468518"},{"taxonomy":"post_tag","embeddable":true,"href":"https:\/\/www.europesays.com\/fr\/wp-json\/wp\/v2\/tags?post=468518"}],"curies":[{"name":"wp","href":"https:\/\/api.w.org\/{rel}","templated":true}]}}