{"id":46854,"date":"2025-04-23T15:10:10","date_gmt":"2025-04-23T15:10:10","guid":{"rendered":"https:\/\/www.europesays.com\/fr\/46854\/"},"modified":"2025-04-23T15:10:10","modified_gmt":"2025-04-23T15:10:10","slug":"accident-de-la-route-sur-la-n338-au-petit-quevilly-seine-maritime-un-blesse-leger","status":"publish","type":"post","link":"https:\/\/www.europesays.com\/fr\/46854\/","title":{"rendered":"Accident de la route sur la N338 au Petit-Quevilly (Seine-Maritime) : un bless\u00e9 l\u00e9ger"},"content":{"rendered":"<p>\t\t\t\t <img decoding=\"async\" class=\"responsive\" style=\"display:none\" src=\"https:\/\/www.europesays.com\/fr\/wp-content\/uploads\/2025\/04\/88095696-62396244.jpg\" alt=\"L'automobiliste, l\u00e9g\u00e8rement bless\u00e9, a \u00e9t\u00e9 transport\u00e9 par les sapeurs-pompiers vers l'h\u00f4pital le plus proche - Illustration\" title=\"L'automobiliste, l\u00e9g\u00e8rement bless\u00e9, a \u00e9t\u00e9 transport\u00e9 par les sapeurs-pompiers vers l'h\u00f4pital le plus proche - Illustration\" \/><br \/>\n<img decoding=\"async\" class=\"not-responsive\" src=\"https:\/\/www.europesays.com\/fr\/wp-content\/uploads\/2025\/04\/1745421010_275_88095696-62396244.jpg\" alt=\"L'automobiliste, l\u00e9g\u00e8rement bless\u00e9, a \u00e9t\u00e9 transport\u00e9 par les sapeurs-pompiers vers l'h\u00f4pital le plus proche - Illustration\" title=\"L'automobiliste, l\u00e9g\u00e8rement bless\u00e9, a \u00e9t\u00e9 transport\u00e9 par les sapeurs-pompiers vers l'h\u00f4pital le plus proche - Illustration\" \/><\/p>\n<p>\n\t\t\t\t\t L&rsquo;automobiliste, l\u00e9g\u00e8rement bless\u00e9, a \u00e9t\u00e9 transport\u00e9 par les sapeurs-pompiers vers l&rsquo;h\u00f4pital le plus proche &#8211; Illustration\n\t\t\t\t <\/p>\n<p>\t\t\t\t\t Un accident de la circulation s\u2019est produit ce mardi peu avant 13 h 30 sur la N338, au niveau de la commune du Petit-Quevilly (Seine-Maritime). Un v\u00e9hicule de tourisme, seul en cause, a quitt\u00e9 la chauss\u00e9e pour une raison encore ind\u00e9termin\u00e9e alors qu&rsquo;il circulait dans le sens Rouen &#8211; Paris. <\/p>\n<p>Six sapeurs-pompiers, r\u00e9partis \u00e0 bord de deux v\u00e9hicules de secours routiers, sont intervenus sur les lieux. Le conducteur, un homme \u00e2g\u00e9 de 23 ans, l\u00e9g\u00e8rement bless\u00e9, a \u00e9t\u00e9 pris en charge avant d\u2019\u00eatre transport\u00e9 vers un centre hospitalier pour des examens de contr\u00f4le. <\/p>\n<p>Une enqu\u00eate est en cours pour d\u00e9terminer les circonstances exactes de l\u2019accident.\n\t\t\t\t <\/p>\n","protected":false},"excerpt":{"rendered":"L&rsquo;automobiliste, l\u00e9g\u00e8rement bless\u00e9, a \u00e9t\u00e9 transport\u00e9 par les sapeurs-pompiers vers l&rsquo;h\u00f4pital le plus proche &#8211; Illustration Un accident&hellip;\n","protected":false},"author":2,"featured_media":46855,"comment_status":"","ping_status":"","sticky":false,"template":"","format":"standard","meta":{"footnotes":""},"categories":[9587],"tags":[1111,11,1777,674,1011,27,1934,12,5161,25,9590,5163],"class_list":{"0":"post-46854","1":"post","2":"type-post","3":"status-publish","4":"format-standard","5":"has-post-thumbnail","7":"category-rouen","8":"tag-actu","9":"tag-actualites","10":"tag-eu","11":"tag-europe","12":"tag-fr","13":"tag-france","14":"tag-infos-locales","15":"tag-news","16":"tag-normandie","17":"tag-republique-francaise","18":"tag-rouen","19":"tag-seine-maritime"},"share_on_mastodon":{"url":"https:\/\/pubeurope.com\/@fr\/114387918784536278","error":""},"_links":{"self":[{"href":"https:\/\/www.europesays.com\/fr\/wp-json\/wp\/v2\/posts\/46854","targetHints":{"allow":["GET"]}}],"collection":[{"href":"https:\/\/www.europesays.com\/fr\/wp-json\/wp\/v2\/posts"}],"about":[{"href":"https:\/\/www.europesays.com\/fr\/wp-json\/wp\/v2\/types\/post"}],"author":[{"embeddable":true,"href":"https:\/\/www.europesays.com\/fr\/wp-json\/wp\/v2\/users\/2"}],"replies":[{"embeddable":true,"href":"https:\/\/www.europesays.com\/fr\/wp-json\/wp\/v2\/comments?post=46854"}],"version-history":[{"count":0,"href":"https:\/\/www.europesays.com\/fr\/wp-json\/wp\/v2\/posts\/46854\/revisions"}],"wp:featuredmedia":[{"embeddable":true,"href":"https:\/\/www.europesays.com\/fr\/wp-json\/wp\/v2\/media\/46855"}],"wp:attachment":[{"href":"https:\/\/www.europesays.com\/fr\/wp-json\/wp\/v2\/media?parent=46854"}],"wp:term":[{"taxonomy":"category","embeddable":true,"href":"https:\/\/www.europesays.com\/fr\/wp-json\/wp\/v2\/categories?post=46854"},{"taxonomy":"post_tag","embeddable":true,"href":"https:\/\/www.europesays.com\/fr\/wp-json\/wp\/v2\/tags?post=46854"}],"curies":[{"name":"wp","href":"https:\/\/api.w.org\/{rel}","templated":true}]}}